{"id":10113,"date":"2016-08-05T15:57:27","date_gmt":"2016-08-05T15:57:27","guid":{"rendered":"http:\/\/www.debateplural.com\/?p=10113"},"modified":"2016-08-05T15:57:27","modified_gmt":"2016-08-05T15:57:27","slug":"cancilleria-ucraniana-comenta-la-posible-ruptura-total-de-relaciones-con-rusia","status":"publish","type":"post","link":"https:\/\/debateplural.net\/site\/2016\/08\/05\/cancilleria-ucraniana-comenta-la-posible-ruptura-total-de-relaciones-con-rusia\/","title":{"rendered":"Canciller\u00eda ucraniana comenta la posible ruptura total de relaciones con Rusia"},"content":{"rendered":"<p class=\"b-article__lead\" style=\"text-align: justify;\">La actual ausencia de un embajador ruso en <a href=\"http:\/\/localhost\/debateplural\/tag\/ucrania\">Ucrania<\/a> no significa que Kiev rompa por completo las relaciones diplom\u00e1ticas con <a href=\"http:\/\/localhost\/debateplural\/tag\/rusia\">Rusia<\/a>, asegur\u00f3 el director del departamento de pol\u00edtica y comunicaci\u00f3n de la Canciller\u00eda ucraniana, Alex\u00e9i Mak\u00e9ev.<\/p>\n<div class=\"b-article__text\" style=\"text-align: justify;\">\n<p class=\"marker-quote1\" style=\"text-align: justify;\">\"No se trata de una ruptura total de las relaciones diplom\u00e1ticas, principalmente porque debemos tener en cuenta que hay tres millones de ucranianos en territorio de Rusia\", dijo a la emisora Radio Svoboda.<\/p>\n<p style=\"text-align: justify;\">Mak\u00e9ev explic\u00f3 que en la Embajada rusa fue nombrado un encargado de negocios que se dedicar\u00e1 a mantener los \"poco frecuentes\" contactos entre Kiev y Mosc\u00fa.<\/p>\n<p>El representante de la Canciller\u00eda ucraniana agreg\u00f3 que su pa\u00eds no discutir\u00e1 p\u00fablicamente la candidatura de Mija\u00edl B\u00e1bich, propuesto por Rusia como nuevo embajador.<\/p>\n<p style=\"text-align: justify;\">Explic\u00f3 que un debate p\u00fablico de la candidatura antes de que se tome la decisi\u00f3n sobre el nombramiento conllevar\u00eda riesgos de reputaci\u00f3n tanto para el pa\u00eds que propone la candidatura como para el propio candidato.<\/p>\n<p style=\"text-align: justify;\">Mak\u00e9ev reiter\u00f3 que la Canciller\u00eda ucraniana todav\u00eda no recibi\u00f3 la solicitud para el nombramiento del nuevo embajador ruso.<\/p>\n<p style=\"text-align: justify;\">El pasado 28 de julio, el presidente ruso <a href=\"http:\/\/localhost\/debateplural\/tag\/vladimir-putin\">Vlad\u00edmir Putin <\/a>apart\u00f3 a Mija\u00edl Zur\u00e1bov del ejercicio de sus funciones de embajador de Rusia en Ucrania.<\/p>\n<p style=\"text-align: justify;\">Al d\u00eda siguiente, el portavoz del Kremlin, Dmitri Peskov, se\u00f1al\u00f3 que Rusia hab\u00eda solicitado\u00a0a Kiev la aprobaci\u00f3n para designar a B\u00e1bich como nuevo jefe de la misi\u00f3n diplom\u00e1tica.<\/p>\n<p class=\"marker-quote1\" style=\"text-align: justify;\">La viceministra de Exteriores de Ucrania, Elena Zerkal, afirm\u00f3 el mi\u00e9rcoles que el nombramiento del nuevo embajador ruso en Ucrania est\u00e1 \"retirado de la agenda\" por iniciativa de Kiev.<\/p>\n<p style=\"text-align: justify;\">Seg\u00fan declar\u00f3 el portavoz del Kremlin, Dmitri Peskov, Rusia sigue dispuesta a nombrar a un nuevo embajador, pero si Kiev quiere bajar el nivel de las relaciones diplom\u00e1ticas, ser\u00e1 una elecci\u00f3n suya.<\/p>\n<\/div>\n","protected":false},"excerpt":{"rendered":"<p>La actual ausencia de un embajador ruso en Ucrania no significa que Kiev rompa por completo las relaciones diplom\u00e1ticas con Rusia, asegur\u00f3 el director del departamento de pol\u00edtica y comunicaci\u00f3n de la Canciller\u00eda ucraniana, Alex\u00e9i Mak\u00e9ev. \"No se trata de una ruptura total de las relaciones diplom\u00e1ticas, principalmente porque debemos tener en cuenta que hay [&hellip;]<\/p>\n","protected":false},"author":1,"featured_media":6306,"comment_status":"open","ping_status":"open","sticky":false,"template":"","format":"standard","meta":{"footnotes":""},"categories":[14,12],"tags":[40,61,42],"class_list":["post-10113","post","type-post","status-publish","format-standard","has-post-thumbnail","hentry","category-internacionales","category-politica-3","tag-rusia","tag-ucrania","tag-vladimir-putin"],"_links":{"self":[{"href":"https:\/\/debateplural.net\/site\/wp-json\/wp\/v2\/posts\/10113"}],"collection":[{"href":"https:\/\/debateplural.net\/site\/wp-json\/wp\/v2\/posts"}],"about":[{"href":"https:\/\/debateplural.net\/site\/wp-json\/wp\/v2\/types\/post"}],"author":[{"embeddable":true,"href":"https:\/\/debateplural.net\/site\/wp-json\/wp\/v2\/users\/1"}],"replies":[{"embeddable":true,"href":"https:\/\/debateplural.net\/site\/wp-json\/wp\/v2\/comments?post=10113"}],"version-history":[{"count":1,"href":"https:\/\/debateplural.net\/site\/wp-json\/wp\/v2\/posts\/10113\/revisions"}],"predecessor-version":[{"id":10114,"href":"https:\/\/debateplural.net\/site\/wp-json\/wp\/v2\/posts\/10113\/revisions\/10114"}],"wp:featuredmedia":[{"embeddable":true,"href":"https:\/\/debateplural.net\/site\/wp-json\/wp\/v2\/media\/6306"}],"wp:attachment":[{"href":"https:\/\/debateplural.net\/site\/wp-json\/wp\/v2\/media?parent=10113"}],"wp:term":[{"taxonomy":"category","embeddable":true,"href":"https:\/\/debateplural.net\/site\/wp-json\/wp\/v2\/categories?post=10113"},{"taxonomy":"post_tag","embeddable":true,"href":"https:\/\/debateplural.net\/site\/wp-json\/wp\/v2\/tags?post=10113"}],"curies":[{"name":"wp","href":"https:\/\/api.w.org\/{rel}","templated":true}]}}