{"id":10179,"date":"2016-08-09T14:07:40","date_gmt":"2016-08-09T14:07:40","guid":{"rendered":"http:\/\/www.debateplural.com\/?p=10179"},"modified":"2016-08-09T14:07:40","modified_gmt":"2016-08-09T14:07:40","slug":"putin-la-visita-de-erdogan-marca-el-reinicio-del-dialogo-entre-rusia-y-turquia","status":"publish","type":"post","link":"https:\/\/debateplural.net\/site\/2016\/08\/09\/putin-la-visita-de-erdogan-marca-el-reinicio-del-dialogo-entre-rusia-y-turquia\/","title":{"rendered":"Putin: La visita de Erdogan marca el reinicio del di\u00e1logo entre Rusia y Turqu\u00eda"},"content":{"rendered":"<p class=\"b-article__lead\" style=\"text-align: justify;\">El presidente ruso, <a href=\"http:\/\/localhost\/debateplural\/tag\/vladimir-putin\">Vlad\u00edmir Putin<\/a>, declar\u00f3 que la visita del l\u00edder turco, <a href=\"http:\/\/localhost\/debateplural\/tag\/Recep-Tayyip-Erdogan\">Recep Tayyip Erdogan<\/a>, marca el reinicio del di\u00e1logo entre <a href=\"http:\/\/localhost\/debateplural\/tag\/rusia\">Rusia<\/a> y <a href=\"http:\/\/localhost\/debateplural\/tag\/turquia\">Turqu\u00eda <\/a>cuyas relaciones hab\u00edan deteriorado tras el incidente del Su-24.<\/p>\n<div class=\"b-article__text\" style=\"text-align: justify;\">\n<div class=\"b-inject m-inject-min\" style=\"text-align: justify;\"><\/div>\n<p>\"La visita de hoy, que se produce a pesar de la complicada situaci\u00f3n pol\u00edtica interna de Turqu\u00eda, evidencia que todos aspiramos a retomar el di\u00e1logo y restablecer las relaciones en beneficio de los pueblos de Turqu\u00eda y Rusia\", manifest\u00f3 Putin al saludar a Erdogan.<\/p>\n<p style=\"text-align: justify;\">El mandatario ruso record\u00f3 que las relaciones entre ambas partes hab\u00edan alcanzado \"una altura sin precedentes en los \u00faltimos a\u00f1os\" y se \"degradaron a un nivel muy bajo tras la consabida tragedia que le cost\u00f3 la vida a nuestros militares en noviembre pasado\".<\/p>\n<p class=\"marker-quote1\" style=\"text-align: justify;\">\"Hoy tendremos la oportunidad de debatir (\u2026) el conjunto de las relaciones bilaterales, en particular en lo que respecta alrestablecimiento de los v\u00ednculos econ\u00f3micos y la cooperaci\u00f3n en la lucha contra el terrorismo\", dijo Putin.<\/p>\n<p style=\"text-align: justify;\">A su vez, el mandatario turco subray\u00f3 que la cooperaci\u00f3n entre Rusia y Turqu\u00eda contribuir\u00e1 a resolver problemas regionales.<\/p>\n<p style=\"text-align: justify;\">\"Conf\u00edo en que nuestra cooperaci\u00f3n favorezca la resoluci\u00f3n de muchos problemas en la regi\u00f3n\", dijo Erdogan en la reuni\u00f3n con su hom\u00f3logo ruso, Vlad\u00edmir Putin.<\/p>\n<p style=\"text-align: justify;\"><strong>La intentona golpista del 15 de julio<\/strong><\/p>\n<p style=\"text-align: justify;\">Al comentar los sucesos del pasado julio en el pa\u00eds otomano, Putin declar\u00f3 que Rusia est\u00e1 en contra de cualquier acci\u00f3n inconstitucional.<\/p>\n<p class=\"marker-quote1\" style=\"text-align: justify;\">\"Quiero reiterar lo que es nuestra posici\u00f3n desde el principio: estamos categ\u00f3ricamente en contra de cualquier intento de realizar acciones inconstitucionales\", dijo.<\/p>\n<p>El presidente ruso record\u00f3 que fue uno de los primeros en telefonear a Erdogan y expresarle su apoyo para superar la crisis pol\u00edtica interna causada por el intento de golpe.<\/p>\n<p style=\"text-align: justify;\">\"Quisiera agradecerle que haya encontrado tiempo y nos lo haya dedicado, y la acogida que nos ha dado\", expres\u00f3.<\/p>\n<p style=\"text-align: justify;\">Para Erdogan, es el primer viaje extranjero tras el fallido golpe militar\u00a0del 15 de julio.<\/p>\n<p style=\"text-align: justify;\">El mandatario turco lleg\u00f3 a Rusia acompa\u00f1ado por el vicepresidente del Gobierno Mehmet Simsek, el ministro de Exteriores Mevlut Cavusoglu, el titular de Econom\u00eda Nihat Zeybekci, el de Turismo y Cultura Nabi Avci, el de Alimentos, Agricultura y Ganader\u00eda Faruk Celik y el de Energ\u00eda Berat Albayrak.<\/p>\n<p>Tambi\u00e9n forman parte de su delegaci\u00f3n un alto cargo del gobernante Partido de la Justicia y el Desarrollo (AKP) Mehdi Eker e, inesperadamente para los medios turco, el jefe del Servicio de Inteligencia Nacional (MIT), Hakan Fidan.<\/p>\n<p style=\"text-align: justify;\">Unos 150 periodistas se congregaron en el centro de prensa del Palacio Konstant\u00ednovski, en San Petersburgo, para cubrir el evento.<\/p>\n<p style=\"text-align: justify;\">El encuentro anterior entre ambos l\u00edderes tuvo lugar el 16 de noviembre de 2015 en Antalya, en los m\u00e1rgenes de la cumbre del G20.<\/p>\n<p style=\"text-align: justify;\">Apenas ocho d\u00edas m\u00e1s tarde, un caza turco derribaba el Su-24 ruso que retornaba a su base tras atacar objetivos terroristas en Siria.<\/p>\n<p style=\"text-align: justify;\">Seg\u00fan la parte rusa, el avi\u00f3n fue abatido sobre el territorio sirio, pero los turcos sostienen que viol\u00f3 su espacio a\u00e9reo.<\/p>\n<p style=\"text-align: justify;\">El ataque se sald\u00f3 con la muerte del piloto que fue tiroteado desde tierra tras eyectarse del avi\u00f3n; otro militar ruso muri\u00f3 durante la operaci\u00f3n de rescate del copiloto.<\/p>\n<p>Putin calific\u00f3 lo ocurrido como una \"pu\u00f1alada por la espalda\" y orden\u00f3 al Gobierno imponer restricciones econ\u00f3micas a Turqu\u00eda en los \u00e1mbitos de comercio, educaci\u00f3n, turismo y empleo que entraron en vigor a partir de enero de 2016.<\/p>\n<p style=\"text-align: justify;\">Los primeros pasos hacia la normalizaci\u00f3n se dieron en junio, despu\u00e9s de que el mandatario turco pidiera perd\u00f3n a la parte rusa.<\/p>\n<p style=\"text-align: justify;\">La reconciliaci\u00f3n se afianz\u00f3 tras la fallida asonada del 15 de julio, cuando Ankara dio a entender que el piloto responsable del derribo, adem\u00e1s de haber actuado por cuenta propia, estaba relacionado con los golpistas.<\/p>\n<\/div>\n","protected":false},"excerpt":{"rendered":"<p>El presidente ruso, Vlad\u00edmir Putin, declar\u00f3 que la visita del l\u00edder turco, Recep Tayyip Erdogan, marca el reinicio del di\u00e1logo entre Rusia y Turqu\u00eda cuyas relaciones hab\u00edan deteriorado tras el incidente del Su-24. \"La visita de hoy, que se produce a pesar de la complicada situaci\u00f3n pol\u00edtica interna de Turqu\u00eda, evidencia que todos aspiramos a [&hellip;]<\/p>\n","protected":false},"author":1,"featured_media":10109,"comment_status":"open","ping_status":"open","sticky":false,"template":"","format":"standard","meta":{"footnotes":""},"categories":[14,12],"tags":[81,40,51,42],"class_list":["post-10179","post","type-post","status-publish","format-standard","has-post-thumbnail","hentry","category-internacionales","category-politica-3","tag-recep-tayyip-erdogan","tag-rusia","tag-turquia","tag-vladimir-putin"],"_links":{"self":[{"href":"https:\/\/debateplural.net\/site\/wp-json\/wp\/v2\/posts\/10179"}],"collection":[{"href":"https:\/\/debateplural.net\/site\/wp-json\/wp\/v2\/posts"}],"about":[{"href":"https:\/\/debateplural.net\/site\/wp-json\/wp\/v2\/types\/post"}],"author":[{"embeddable":true,"href":"https:\/\/debateplural.net\/site\/wp-json\/wp\/v2\/users\/1"}],"replies":[{"embeddable":true,"href":"https:\/\/debateplural.net\/site\/wp-json\/wp\/v2\/comments?post=10179"}],"version-history":[{"count":1,"href":"https:\/\/debateplural.net\/site\/wp-json\/wp\/v2\/posts\/10179\/revisions"}],"predecessor-version":[{"id":10180,"href":"https:\/\/debateplural.net\/site\/wp-json\/wp\/v2\/posts\/10179\/revisions\/10180"}],"wp:featuredmedia":[{"embeddable":true,"href":"https:\/\/debateplural.net\/site\/wp-json\/wp\/v2\/media\/10109"}],"wp:attachment":[{"href":"https:\/\/debateplural.net\/site\/wp-json\/wp\/v2\/media?parent=10179"}],"wp:term":[{"taxonomy":"category","embeddable":true,"href":"https:\/\/debateplural.net\/site\/wp-json\/wp\/v2\/categories?post=10179"},{"taxonomy":"post_tag","embeddable":true,"href":"https:\/\/debateplural.net\/site\/wp-json\/wp\/v2\/tags?post=10179"}],"curies":[{"name":"wp","href":"https:\/\/api.w.org\/{rel}","templated":true}]}}