{"id":10204,"date":"2016-08-10T16:03:13","date_gmt":"2016-08-10T16:03:13","guid":{"rendered":"http:\/\/www.debateplural.com\/?p=10204"},"modified":"2016-08-10T16:03:13","modified_gmt":"2016-08-10T16:03:13","slug":"fidel-la-llama-con-que-siempre-nos-hemos-iluminado","status":"publish","type":"post","link":"https:\/\/debateplural.net\/site\/2016\/08\/10\/fidel-la-llama-con-que-siempre-nos-hemos-iluminado\/","title":{"rendered":"Fidel, la llama con que siempre nos hemos iluminado"},"content":{"rendered":"<p><strong>Carlos Aznarez ( Cubadebate, 9\/8\/2016)\u00a0<\/strong><\/p>\n<p style=\"text-align: justify;\">Fidel, la estrella m\u00e1s roja del mapa latinoamericano y caribe\u00f1o, esa enorme figura que supo hacer de la Revoluci\u00f3n una posibilidad no lejana y a la vez logr\u00f3 transmitir esperanzas para que otros y otras en cualquier rinc\u00f3n del mundo pudieran alzarse contra las injusticias. Ese gigantesco coraz\u00f3n sensible en el que han cabido todas las tristezas de los m\u00e1s necesitados y tambi\u00e9n las alegr\u00edas por las peque\u00f1as y grandes victorias conquistadas. En Fidel, digo, y en su forma de generar conciencia, formaci\u00f3n, coraje y toda la audacia necesaria para conquistar el poder y no servirse del mismo, est\u00e1n concentrados todos los anhelos de quienes jam\u00e1s se habr\u00e1n de dar por vencidos en la lucha por un mundo diferente. Socialista, sin m\u00e1s aditamentos, al decir y el hacer del Comandante.<\/p>\n<p style=\"text-align: justify;\">Justamente ahora, que la situaci\u00f3n internacional no parece la m\u00e1s favorable para los pueblos y hay dudas sobre el futuro que le espera a la Humanidad, vale la pena buscar respuestas a la existencia de este inagotable referente del campo revolucionario que sigue dando lecciones de sabidur\u00eda y humildad.<\/p>\n<p style=\"text-align: justify;\">\u00bfCu\u00e1ntos Fideles hay en este Fidel que en estos d\u00edas cumple 90 a\u00f1os de muy vivida existencia? Seguramente que muchos. Tantos que no alcanza la memoria para evocarlo. Hay un Fidel -menos conocido-, que desde muy joven se puso en marcha para, en los claustros universitarios, comenzar un intenso camino de agitaci\u00f3n que lo llev\u00f3 pocos a\u00f1os despu\u00e9s a militar activamente \u2013 haciendo honor a un internacionalismo al que luego abrazar\u00eda con pasi\u00f3n- contra el dictador dominicano Le\u00f3nidas Trujillo.<\/p>\n<p style=\"text-align: justify;\">Hay otro Fidel que se dio cuenta enseguida que todas las teor\u00edas del mundo no son suficientes si no se ejerce una pr\u00e1ctica audaz e inteligente contra el autoritarismo, y junto con un pu\u00f1ado de valientes asalt\u00f3 el Moncada, abriendo as\u00ed un sendero que no se detendr\u00eda m\u00e1s hasta la toma del poder, una meta imprescindible si se quiere hacer una Revoluci\u00f3n con may\u00fasculas.Pero qu\u00e9 decir de ese Fidel, que con Ra\u00fal, el Che y otros tantos patriotas desembarc\u00f3 del Granma, y cuando todo parec\u00eda venirse abajo, entre cad\u00e1veres de sus mejores hermanos y las balas del enemigo, cont\u00f3 los fusiles y se repiti\u00f3 varias veces, como para que lo oyeran los esbirros de la dictadura batistiana, que con esa decena de hombres que quedaban en pie, ganar\u00edan la batalla.<\/p>\n<p style=\"text-align: justify;\">Del Fidel de Sierra Maestra habr\u00eda mucho para contar. \u00c9l mismo lo ha hecho, con su estilo locuaz y sumamente descriptivo, en dos libros de lectura imprescindible para entender de qu\u00e9 se trat\u00f3 esa epopeya :\u201dLa contraofensiva estrat\u00e9gica\u201d y \u201cLa victoria estrat\u00e9gica\u201d.<\/p>\n<p style=\"text-align: justify;\">All\u00ed, en aquellas monta\u00f1as victoriosas, apareci\u00f3 con toda claridad el Fidel combatiente, el estratega militar capaz de convertir en triunfo aplastante lo que minutos antes iba camino a convertirse en derrota, el Fidel compa\u00f1ero de sus compa\u00f1eros, severo cuando se trataba de hacer que se cumplan sus \u00f3rdenes, sabedor de que cualquier duda en un combate tan desigual como el que libraban, pod\u00eda hacer capotar el proyecto revolucionario.<\/p>\n<p style=\"text-align: justify;\">Pero tambi\u00e9n supimos en esos pocos a\u00f1os de batalla directa contra la soldadesca de Batista, de ese Fidel que respetaba la vida de sus enemigos una vez que eran capturados en combate, marcando de esa forma un territorio de humanidad, que en varias ocasiones provoc\u00f3 deserciones masivas entre los uniformados del r\u00e9gimen, y gener\u00f3 las bases para que pocos miles de rebeldes vencieran a un ej\u00e9rcito regular y bien equipado de cien mil soldados, que contaban con tanques, aviones bombarderos, y la ayuda internacional de los imperios yanqui e ingl\u00e9s.<\/p>\n<p style=\"text-align: justify;\">Despu\u00e9s, cuando los barbudos felizmente marcharon victoriosos hacia La Habana, en aquellos d\u00edas memorables del 59, comenz\u00f3 a desarrollarse la vida de un Fidel que termin\u00f3 asombrando al mundo. Revolucionario hasta la m\u00e9dula, liber\u00f3 a su pueblo de la opresi\u00f3n y de la cultura gringa que lo asfixiaba, expropi\u00f3 y nacionaliz\u00f3 todo lo que antes era de cuatro magnates subordinados a la mafia norteamericana, y ejerci\u00f3 el internacionalismo con la misma potencia que antes hab\u00eda desarrollado para derrotar al tirano.<\/p>\n<p style=\"text-align: justify;\">Codo a codo con el Che, no dud\u00f3 de emprender una prolongada marcha para conquistar la por ahora pendiente segunda Independencia latinoamericana. Venci\u00f3 al Apartheid sudafricano, ayud\u00f3 a liberar Angola, abraz\u00f3 a Salvador Allende y apret\u00f3 los pu\u00f1os de rabia, como pocos, cuando se enter\u00f3 que su hermano Guevara ca\u00eda en combate en \u00d1ancahuazu.<\/p>\n<p style=\"text-align: justify;\">Cu\u00e1ntos rebeldes del continente se siente enormemente agradecidos por lo que hizo <a href=\"http:\/\/localhost\/debateplural\/tag\/cuba\">Cuba<\/a> por ellos, cu\u00e1ntos luchadores por el socialismo no hubieran podido gestar m\u00faltiples haza\u00f1as en sus pa\u00edses sin la decisi\u00f3n solidaria y comprometida de Fidel y sus compa\u00f1eros. La lista es extensa y a trav\u00e9s de ella, Cuba y su Revoluci\u00f3n fueron escribiendo p\u00e1ginas de dignidad imposibles de olvidar.<\/p>\n<p style=\"text-align: justify;\">En esos a\u00f1os y en los venideros, Fidel debi\u00f3 multiplicarse, para que la Isla no se hundiera tras la ca\u00edda del bloque socialista, para intervenir con clarividencia en temas de deuda externa, anunciando antes que ninguno, que la misma era impagable por ileg\u00edtima. Tambi\u00e9n propuso soluciones para cuidar y defender el medio ambiente, o encarar gigantescas iniciativas en temas de educaci\u00f3n y salud para su pueblo, que luego fueron y son derivadas de manera solidaria hacia el resto del mundo.<\/p>\n<p style=\"text-align: justify;\">Sin embargo, la madre de toda las batallas fue la que libr\u00f3 Fidel, abrazado con su pueblo, contra el criminal bloqueo imperialista.<\/p>\n<p style=\"text-align: justify;\">Medio siglo de obligadas carencias, que fueron derrotadas a punta de digno coraje y la convicci\u00f3n de que a las revoluciones verdaderas se le oponen miles de escollos. Para que semejante agresi\u00f3n no pueda salir airosa, Fidel lo repiti\u00f3 siempre, la medicina es tener conciencia revolucionaria y convicci\u00f3n de que se libra una batalla justa, forjar una inmensa unidad de los de abajo, y sacrificarse hasta las l\u00e1grimas.<\/p>\n<p style=\"text-align: justify;\">\u201cDespu\u00e9s de Dios, Fidel\u201d, dijo emocionado un agradecido ciudadano de Hait\u00ed, al defender las misiones m\u00e9dicas y alfabetizadoras que el gobierno cubano derram\u00f3 por todo el mundo, llegando all\u00ed donde nadie se atrev\u00eda. Eso es lo que en estos d\u00edas todos los que agradecemos su necesaria vigencia tenemos la obligaci\u00f3n de recordar cuando nombramos a Fidel. Nunca, pero nunca, nos fall\u00f3.<\/p>\n<p style=\"text-align: justify;\">Lo decimos desde la constataci\u00f3n de saber en que clase de mundo vivimos, donde la felon\u00eda, la corruptela, el transfuguismo y la claudicaci\u00f3n se han convertido en moneda corriente. Frente a esas lacras, Fidel, Cuba, su pueblo, la vieja guardia y las j\u00f3venes generaciones revolucionarias, siempre han mostrado que se puede. Que con voluntad pol\u00edtica y conciencia revolucionaria no hay enemigo invencible.<\/p>\n<p style=\"text-align: justify;\">Ahora, que el Comandante, ese mismo al que su pueblo llama cari\u00f1osamente \u201cel caballo\u201d, sigue galopando con tantas ansias de futuro, ahora que ese enemigo al que le soport\u00f3 la mirada, a pesar de tenerlo a s\u00f3lo 90 millas, simula acercarse y \u201cflexibilizar relaciones\u201d para seguir apretando la soga de formas diversas, ahora que ya no tenemos a <a href=\"http:\/\/localhost\/debateplural\/tag\/hugo-chavez\">Hugo Ch\u00e1vez<\/a> espalda con espalda con Fidel, como amigo, hijo, hermano, compa\u00f1ero, ahora que el Imperio se lanza a la ofensiva en lo que sigue considerando su \u201cpatio trasero\u201d y Cuba se nos aparece, como siempre, intacta, inabordable por sus enemigos que son los nuestros, ahora, cuando las reflexiones de Fidel en defensa de la vida contra la muerte son m\u00e1s que necesarias, es momento de detener la marcha por un instante, y reconocerle a este hombre excepcional todos sus m\u00e9ritos.<\/p>\n<p style=\"text-align: justify;\">Decirle, sin rubores de ning\u00fan tipo, que lo queremos por todo lo hecho, y por todo lo que seguramente seguir\u00e1 haciendo. No es cursiler\u00eda, ni obsecuencia se\u00f1alar esto, no somos ni una cosa ni la otra y sabemos de ambas por vivir en pa\u00edses donde se practican con desmesura, s\u00f3lo se trata de hacer justicia con alguien al que desde que nos apareci\u00f3 la conciencia, siempre tuvimos de nuestro lado.<\/p>\n<p style=\"text-align: justify;\">Por eso, cuando las dificultades nos apabullen, cuando creamos que nos estamos quedando sin fuerzas, cuando a veces nos falten respuestas, cuando la confusi\u00f3n reinante nos haga dudar sobre quien realmente es el enemigo, en esos momentos de oscuridad y desaz\u00f3n, volvamos a <a href=\"http:\/\/localhost\/debateplural\/tag\/fidel-castro\">Fidel Castro<\/a>, a sus ideas, a su \u00e9tica, a su audacia, a su coraje, a su l\u00f3gica revolucionaria y empin\u00e9monos nuevamente en la maravillos aventura de querer tomar los cielos por asalto.<\/p>\n<p style=\"text-align: justify;\">Por muchos a\u00f1os m\u00e1s, Fidel. Para que nuestros enemigos sigan rabiando, y los de abajo y a la izquierda (como dir\u00eda el Subcomandante Marcos) festejen con ganas tu noble y vital existencia.<\/p>\n","protected":false},"excerpt":{"rendered":"<p>Carlos Aznarez ( Cubadebate, 9\/8\/2016)\u00a0 Fidel, la estrella m\u00e1s roja del mapa latinoamericano y caribe\u00f1o, esa enorme figura que supo hacer de la Revoluci\u00f3n una posibilidad no lejana y a la vez logr\u00f3 transmitir esperanzas para que otros y otras en cualquier rinc\u00f3n del mundo pudieran alzarse contra las injusticias. Ese gigantesco coraz\u00f3n sensible en [&hellip;]<\/p>\n","protected":false},"author":1,"featured_media":6776,"comment_status":"open","ping_status":"open","sticky":false,"template":"","format":"standard","meta":{"footnotes":""},"categories":[14,12],"tags":[20,33,23],"class_list":["post-10204","post","type-post","status-publish","format-standard","has-post-thumbnail","hentry","category-internacionales","category-politica-3","tag-cuba","tag-fidel-castro","tag-hugo-chavez"],"_links":{"self":[{"href":"https:\/\/debateplural.net\/site\/wp-json\/wp\/v2\/posts\/10204"}],"collection":[{"href":"https:\/\/debateplural.net\/site\/wp-json\/wp\/v2\/posts"}],"about":[{"href":"https:\/\/debateplural.net\/site\/wp-json\/wp\/v2\/types\/post"}],"author":[{"embeddable":true,"href":"https:\/\/debateplural.net\/site\/wp-json\/wp\/v2\/users\/1"}],"replies":[{"embeddable":true,"href":"https:\/\/debateplural.net\/site\/wp-json\/wp\/v2\/comments?post=10204"}],"version-history":[{"count":1,"href":"https:\/\/debateplural.net\/site\/wp-json\/wp\/v2\/posts\/10204\/revisions"}],"predecessor-version":[{"id":10205,"href":"https:\/\/debateplural.net\/site\/wp-json\/wp\/v2\/posts\/10204\/revisions\/10205"}],"wp:featuredmedia":[{"embeddable":true,"href":"https:\/\/debateplural.net\/site\/wp-json\/wp\/v2\/media\/6776"}],"wp:attachment":[{"href":"https:\/\/debateplural.net\/site\/wp-json\/wp\/v2\/media?parent=10204"}],"wp:term":[{"taxonomy":"category","embeddable":true,"href":"https:\/\/debateplural.net\/site\/wp-json\/wp\/v2\/categories?post=10204"},{"taxonomy":"post_tag","embeddable":true,"href":"https:\/\/debateplural.net\/site\/wp-json\/wp\/v2\/tags?post=10204"}],"curies":[{"name":"wp","href":"https:\/\/api.w.org\/{rel}","templated":true}]}}