{"id":10245,"date":"2016-08-12T16:58:51","date_gmt":"2016-08-12T16:58:51","guid":{"rendered":"http:\/\/www.debateplural.com\/?p=10245"},"modified":"2016-08-12T16:58:51","modified_gmt":"2016-08-12T16:58:51","slug":"trump-plantea-juzgar-a-estadounidenses-en-guantanamo","status":"publish","type":"post","link":"https:\/\/debateplural.net\/site\/2016\/08\/12\/trump-plantea-juzgar-a-estadounidenses-en-guantanamo\/","title":{"rendered":"Trump plantea juzgar a estadounidenses en Guant\u00e1namo"},"content":{"rendered":"<div class=\"subtitle\" style=\"text-align: justify;\">\"Yo quiero estar seguro de que si tenemos terroristas radicales, tengamos un lugar seguro para mantenerlos\", afirm\u00f3 Trump en referencia a Guant\u00e1namo.<\/div>\n<div class=\"txt_newworld\">\n<p style=\"text-align: justify;\">El candidato por el Partido Republicano a las elecciones presidenciales en <a href=\"http:\/\/localhost\/debateplural\/tag\/estados-unidos\">Estados Unidos<\/a>, <a href=\"http:\/\/localhost\/debateplural\/tag\/donald-trump\">Donald Trump<\/a>, se mostr\u00f3 a favor de juzgar a estadounidenses acusados de terrorismo en la prisi\u00f3n de Guant\u00e1namo, ubicada en <a href=\"http:\/\/localhost\/debateplural\/tag\/cuba\">Cuba<\/a>.<\/p>\n<p style=\"text-align: justify;\">Entrevistado por un diario de Miami, Trump asegur\u00f3 que los estadounidenses implicados en terrorismo \"podr\u00edan ser juzgados all\u00ed, estar\u00eda bien\".<\/p>\n<p style=\"text-align: justify;\">Balo la ley federal actual, es ilegal tratar a los ciudadanos estadounidenses en comisiones militares. Para lograr su objetivo, adem\u00e1s de ganar la presidencia, Trump requeririr\u00eda una ley del Congreso.<\/p>\n<p style=\"text-align: justify;\">De igual forma, el magnate enfatiz\u00f3 que no est\u00e1 de acuerdo con que los acusados sean tratados en los sistemas de justicia regulares. \"No me gusta, no me gusta en absoluto\", dijo.<\/p>\n<p style=\"text-align: justify;\">Sobre la controvertida prisi\u00f3n de Guant\u00e1namo, Trump asegur\u00f3 que es necesario tener un espacio para mantener recluido a los extremistas. \"Yo quiero estar seguro de que si tenemos terroristas radicales, tengamos un lugar seguro para mantenerlos\".<\/p>\n<p style=\"text-align: justify;\">Guant\u00e1namo, ubicada en la ciudad hom\u00f3nima que fue ocupada ilegalmente en el sudeste de Cuba,\u00a0abri\u00f3 en 2002 y albergaba a 750 detenidos en su momento de m\u00e1xima ocupaci\u00f3n.\u00a0Para marzo de este a\u00f1o hab\u00edan 91 presos y la mayor\u00eda de ellos de Yemen.<\/p>\n<\/div>\n","protected":false},"excerpt":{"rendered":"<p>\"Yo quiero estar seguro de que si tenemos terroristas radicales, tengamos un lugar seguro para mantenerlos\", afirm\u00f3 Trump en referencia a Guant\u00e1namo. El candidato por el Partido Republicano a las elecciones presidenciales en Estados Unidos, Donald Trump, se mostr\u00f3 a favor de juzgar a estadounidenses acusados de terrorismo en la prisi\u00f3n de Guant\u00e1namo, ubicada en [&hellip;]<\/p>\n","protected":false},"author":1,"featured_media":0,"comment_status":"open","ping_status":"open","sticky":false,"template":"","format":"standard","meta":{"footnotes":""},"categories":[14,12],"tags":[20,85,8],"class_list":["post-10245","post","type-post","status-publish","format-standard","hentry","category-internacionales","category-politica-3","tag-cuba","tag-donald-trump","tag-estados-unidos"],"_links":{"self":[{"href":"https:\/\/debateplural.net\/site\/wp-json\/wp\/v2\/posts\/10245"}],"collection":[{"href":"https:\/\/debateplural.net\/site\/wp-json\/wp\/v2\/posts"}],"about":[{"href":"https:\/\/debateplural.net\/site\/wp-json\/wp\/v2\/types\/post"}],"author":[{"embeddable":true,"href":"https:\/\/debateplural.net\/site\/wp-json\/wp\/v2\/users\/1"}],"replies":[{"embeddable":true,"href":"https:\/\/debateplural.net\/site\/wp-json\/wp\/v2\/comments?post=10245"}],"version-history":[{"count":1,"href":"https:\/\/debateplural.net\/site\/wp-json\/wp\/v2\/posts\/10245\/revisions"}],"predecessor-version":[{"id":10246,"href":"https:\/\/debateplural.net\/site\/wp-json\/wp\/v2\/posts\/10245\/revisions\/10246"}],"wp:attachment":[{"href":"https:\/\/debateplural.net\/site\/wp-json\/wp\/v2\/media?parent=10245"}],"wp:term":[{"taxonomy":"category","embeddable":true,"href":"https:\/\/debateplural.net\/site\/wp-json\/wp\/v2\/categories?post=10245"},{"taxonomy":"post_tag","embeddable":true,"href":"https:\/\/debateplural.net\/site\/wp-json\/wp\/v2\/tags?post=10245"}],"curies":[{"name":"wp","href":"https:\/\/api.w.org\/{rel}","templated":true}]}}