{"id":10247,"date":"2016-08-12T17:17:00","date_gmt":"2016-08-12T17:17:00","guid":{"rendered":"http:\/\/www.debateplural.com\/?p=10247"},"modified":"2016-08-12T17:17:00","modified_gmt":"2016-08-12T17:17:00","slug":"un-inesperado-pais-podria-tener-la-clave-para-la-paz-en-siria","status":"publish","type":"post","link":"https:\/\/debateplural.net\/site\/2016\/08\/12\/un-inesperado-pais-podria-tener-la-clave-para-la-paz-en-siria\/","title":{"rendered":"Un inesperado pa\u00eds podr\u00eda tener la clave para la paz en Siria"},"content":{"rendered":"<p style=\"text-align: justify;\">La analista pol\u00edtica Hafsa Kara-Mustapha considera que Argelia podr\u00eda tener la clave de la paz en <a href=\"http:\/\/localhost\/debateplural\/tag\/siria\">Siria<\/a> debido a su experiencia como mediadora y a que tuvo que afrontar una crisis similar a la siria en los a\u00f1os 90.<\/p>\n<p style=\"text-align: justify;\">En su art\u00edculo para RT, Hafsa Kara-Mustapha recuerda que en abril de este a\u00f1o en los medios de comunicaci\u00f3n argelinos se inform\u00f3 de que el pa\u00eds desplegaba intensos esfuerzos diplom\u00e1ticos para disminuir la tensi\u00f3n entre Siria y <a href=\"http:\/\/localhost\/debateplural\/tag\/turquia\">Turqu\u00eda<\/a>. Mientras que en aquel momento \"la descongelaci\u00f3n de las relaciones parec\u00eda impensable\", los acontecimientos de las \u00faltimas semanas indican que esos esfuerzos no han sido en vano y la posici\u00f3n inflexible de Ankara en relaci\u00f3n con la permanencia en el poder del presidente sirio, <a href=\"http:\/\/localhost\/debateplural\/tag\/bashar-al-asad\">Bashar al Asad<\/a>, \"se ha suavizado\", estima la experta.<\/p>\n<h3 style=\"text-align: justify;\">Imparcialidad y experiencia mediadora<\/h3>\n<p style=\"text-align: justify;\">La mediaci\u00f3n de Argelia \"ha llegado en un momento interesante\" y podr\u00eda asegurar el retorno \"a una cierta estabilidad tangible para todas las partes [del conflicto sirio]\", opina\u00a0Kara-Mustapha.<\/p>\n<p style=\"text-align: justify;\">Seg\u00fan esta analista, desde el estallido de la crisis siria en 2011, Argelia ha insistido en que la soberan\u00eda del pa\u00eds \u00e1rabe debe ser respetada, argumentando que cualquier intromisi\u00f3n exterior en Siria solo exacerbar\u00eda las tensiones.<\/p>\n<p style=\"text-align: justify;\">Adem\u00e1s, prosigue la autora del art\u00edculo, Argel est\u00e1 abordando el conflicto sirio \"desde una posici\u00f3n privilegiada\", ya que debido a su tejido social no puede ser acusado \"de afinidades tribales, religiosas o sectarias con el Gobierno de Al Assad\".<\/p>\n<p style=\"text-align: justify;\">Por otro lado, Argelia tambi\u00e9n goza de buenas relaciones con la mayor\u00eda de las naciones de la Liga \u00c1rabe y ha desempe\u00f1ado \"un papel moderador consistentemente\" durante los periodos de crisis en la regi\u00f3n, ya sea entre naciones \u00e1rabes o con otros pa\u00edses de Oriente Pr\u00f3ximo.<\/p>\n<p style=\"text-align: justify;\">De acuerdo con la analista, al haberse negado a participar en las disputas sectarias o tribales que han enfrentado a muchas naciones \u00e1rabes unas contra otras, y prefiriendo en su lugar apoyar a los pa\u00edses en nombre de la solidaridad \u00e1rabe, Argelia \"ha adquirido la reputaci\u00f3n de una parte experta e imparcial\"\u00a0que ha sido acreditada por la resoluci\u00f3n de muchas crisis anteriores.<\/p>\n<h3 style=\"text-align: justify;\">Imagen en el espejo<\/h3>\n<p style=\"text-align: justify;\">Sin embargo, la analista destaca que el apoyo argelino a Siria va m\u00e1s all\u00e1 del mero respeto a la soberan\u00eda nacional, ya que en los a\u00f1os 1990, Argelia tuvo que afrontar una crisis similar a la que se enfrenta Siria hoy en d\u00eda, cuando se sumi\u00f3 en una larga y dolorosa guerra civil que dej\u00f3 al menos 200.000 muertos y oblig\u00f3 a m\u00e1s de un mill\u00f3n de los argelinos a abandonar el pa\u00eds durante la d\u00e9cada siguiente.<\/p>\n<p style=\"text-align: justify;\">Por lo tanto, la Siria de hoy en d\u00eda \"es vista por muchos argelinos como la Argelia de los a\u00f1os 90&#8243;, apunta.<\/p>\n<p style=\"text-align: justify;\">El pa\u00eds magreb\u00ed pas\u00f3 esos a\u00f1os,\u00a0conocidos localmente como 'la d\u00e9cada negra', aislado\u00a0del resto del mundo. Sin embargo, seg\u00fan Kara-Mustapha, este aislamiento \"result\u00f3 ser su salvaci\u00f3n\", puesto que le permiti\u00f3 \"resolver la crisis en casa, sin interferencia de fuerzas externas\".<\/p>\n<p style=\"text-align: justify;\">Por tanto, en el caso de Siria, la analista explica que \"es imperativo\" que se retiren las fuerzas externas que participan en el conflicto. En este sentido, se\u00f1ala que Turqu\u00eda est\u00e1 sumida ahora en sus propios problemas y<a href=\"http:\/\/localhost\/debateplural\/tag\/arabia-saudita\"> Arabia Saudita<\/a>, que dedic\u00f3 una gran parte de su fuerza militar a la guerra en Yemen, tambi\u00e9n \"est\u00e1 buscando maneras de salir\" del conflicto sirio.<\/p>\n<p style=\"text-align: justify;\">Para Kara-Mustapha, \"esto le da a Siria una oportunidad para retomar el control de la guerra y trabajar para un retorno gradual a la paz\",\u00a0un proceso en el que\u00a0el apoyo, la experiencia y las habilidades mediadoras de Argelia \"ser\u00e1n cruciales\".<\/p>\n<p style=\"text-align: justify;\">\"Por la supervivencia de Siria, esperemos que Argelia est\u00e9 a la altura de su reputaci\u00f3n\", concluye la experta.<\/p>\n<p style=\"text-align: justify;\">\n","protected":false},"excerpt":{"rendered":"<p>La analista pol\u00edtica Hafsa Kara-Mustapha considera que Argelia podr\u00eda tener la clave de la paz en Siria debido a su experiencia como mediadora y a que tuvo que afrontar una crisis similar a la siria en los a\u00f1os 90. En su art\u00edculo para RT, Hafsa Kara-Mustapha recuerda que en abril de este a\u00f1o en los [&hellip;]<\/p>\n","protected":false},"author":1,"featured_media":10248,"comment_status":"open","ping_status":"open","sticky":false,"template":"","format":"standard","meta":{"footnotes":""},"categories":[14,12],"tags":[47,60,41,51],"class_list":["post-10247","post","type-post","status-publish","format-standard","has-post-thumbnail","hentry","category-internacionales","category-politica-3","tag-arabia-saudita","tag-bashar-al-asad","tag-siria","tag-turquia"],"_links":{"self":[{"href":"https:\/\/debateplural.net\/site\/wp-json\/wp\/v2\/posts\/10247"}],"collection":[{"href":"https:\/\/debateplural.net\/site\/wp-json\/wp\/v2\/posts"}],"about":[{"href":"https:\/\/debateplural.net\/site\/wp-json\/wp\/v2\/types\/post"}],"author":[{"embeddable":true,"href":"https:\/\/debateplural.net\/site\/wp-json\/wp\/v2\/users\/1"}],"replies":[{"embeddable":true,"href":"https:\/\/debateplural.net\/site\/wp-json\/wp\/v2\/comments?post=10247"}],"version-history":[{"count":1,"href":"https:\/\/debateplural.net\/site\/wp-json\/wp\/v2\/posts\/10247\/revisions"}],"predecessor-version":[{"id":10249,"href":"https:\/\/debateplural.net\/site\/wp-json\/wp\/v2\/posts\/10247\/revisions\/10249"}],"wp:featuredmedia":[{"embeddable":true,"href":"https:\/\/debateplural.net\/site\/wp-json\/wp\/v2\/media\/10248"}],"wp:attachment":[{"href":"https:\/\/debateplural.net\/site\/wp-json\/wp\/v2\/media?parent=10247"}],"wp:term":[{"taxonomy":"category","embeddable":true,"href":"https:\/\/debateplural.net\/site\/wp-json\/wp\/v2\/categories?post=10247"},{"taxonomy":"post_tag","embeddable":true,"href":"https:\/\/debateplural.net\/site\/wp-json\/wp\/v2\/tags?post=10247"}],"curies":[{"name":"wp","href":"https:\/\/api.w.org\/{rel}","templated":true}]}}