{"id":10265,"date":"2016-08-13T14:53:48","date_gmt":"2016-08-13T14:53:48","guid":{"rendered":"http:\/\/www.debateplural.com\/?p=10265"},"modified":"2016-08-13T14:57:44","modified_gmt":"2016-08-13T14:57:44","slug":"medvedev-no-somos-la-union-europea-somos-mas-fuertes-y-estables","status":"publish","type":"post","link":"https:\/\/debateplural.net\/site\/2016\/08\/13\/medvedev-no-somos-la-union-europea-somos-mas-fuertes-y-estables\/","title":{"rendered":"Medv\u00e9dev: \"no somos la Uni\u00f3n Europea, somos m\u00e1s fuertes y estables\""},"content":{"rendered":"<p class=\"b-article__lead\" style=\"text-align: justify;\">El primer ministro de <a href=\"http:\/\/localhost\/debateplural\/tag\/rusia\">Rusia<\/a>, Dmitri Medv\u00e9dev, ha declarado que la Comunidad Econ\u00f3mica Euroasi\u00e1tica es m\u00e1s fuerte y s\u00f3lida que la Uni\u00f3n Europea.<\/p>\n<p class=\"b-article__lead\" style=\"text-align: justify;\">En una rueda de prensa celebrada despu\u00e9s de la reuni\u00f3n del Consejo intergubernamental de la Comunidad Econ\u00f3mica Euroasi\u00e1tica, Dmitri Medv\u00e9dev solicit\u00f3 a los periodistas que no confundan a la Eurasec con la <a href=\"http:\/\/localhost\/debateplural\/tag\/ue\">UE<\/a>.<\/p>\n<p class=\"marker-quote1\" style=\"text-align: justify;\">\"Quiero se\u00f1alarles que nosotros nombramos a nuestra formaci\u00f3n Eurasec. Cuando anteriormente dec\u00edan la Uni\u00f3n Econ\u00f3mica Euroasi\u00e1tica (UEE) mucha gente nos confund\u00eda con la Uni\u00f3n Europea. Nosotros no somos la UE, somos m\u00e1s fuertes y m\u00e1s estables\", dijo el primer ministro, citado por el diario Izvestia.<\/p>\n<p style=\"text-align: justify;\">La reuni\u00f3n en la que participaron los primeros ministros de Rusia, Kazajist\u00e1n, Bielorrusia, Armenia y Kirguist\u00e1n se celebr\u00f3 el 12 de agosto en la ciudad rusa de Sochi.<\/p>\n<p style=\"text-align: justify;\">Durante el encuentro, los representantes de dichos pa\u00edses discutieron la futura colaboraci\u00f3n econ\u00f3mico-comercial, el nuevo c\u00f3digo aduanero del bloque y los acuerdos sobre la creaci\u00f3n de zonas de libre comercio con Estados no miembros.<\/p>\n<p style=\"text-align: justify;\">\"Preparamos para concluir varios acuerdos sobre la creaci\u00f3n de las zonas de libre comercio con <a href=\"http:\/\/localhost\/debateplural\/tag\/israel\">Israel<\/a>, India e <a href=\"http:\/\/localhost\/debateplural\/tag\/iran\">Ir\u00e1n<\/a>. Tambi\u00e9n estudiamos colaborar con Corea del Sur, Singapur e Indonesia. Mostramos nuestro apoyo total al nuevo c\u00f3digo arancelario y a su pronta aprobaci\u00f3n. El documento debe convertirse en la garant\u00eda del trabajo seguro de empresarios y nuestros socios comerciales\", dijo el primer ministro de Kazajist\u00e1n, Karim Mas\u00edmov.<\/p>\n","protected":false},"excerpt":{"rendered":"<p>El primer ministro de Rusia, Dmitri Medv\u00e9dev, ha declarado que la Comunidad Econ\u00f3mica Euroasi\u00e1tica es m\u00e1s fuerte y s\u00f3lida que la Uni\u00f3n Europea. En una rueda de prensa celebrada despu\u00e9s de la reuni\u00f3n del Consejo intergubernamental de la Comunidad Econ\u00f3mica Euroasi\u00e1tica, Dmitri Medv\u00e9dev solicit\u00f3 a los periodistas que no confundan a la Eurasec con la [&hellip;]<\/p>\n","protected":false},"author":1,"featured_media":8826,"comment_status":"open","ping_status":"open","sticky":false,"template":"","format":"standard","meta":{"footnotes":""},"categories":[14,12],"tags":[48,68,40,52],"class_list":["post-10265","post","type-post","status-publish","format-standard","has-post-thumbnail","hentry","category-internacionales","category-politica-3","tag-iran","tag-israel","tag-rusia","tag-ue"],"_links":{"self":[{"href":"https:\/\/debateplural.net\/site\/wp-json\/wp\/v2\/posts\/10265"}],"collection":[{"href":"https:\/\/debateplural.net\/site\/wp-json\/wp\/v2\/posts"}],"about":[{"href":"https:\/\/debateplural.net\/site\/wp-json\/wp\/v2\/types\/post"}],"author":[{"embeddable":true,"href":"https:\/\/debateplural.net\/site\/wp-json\/wp\/v2\/users\/1"}],"replies":[{"embeddable":true,"href":"https:\/\/debateplural.net\/site\/wp-json\/wp\/v2\/comments?post=10265"}],"version-history":[{"count":1,"href":"https:\/\/debateplural.net\/site\/wp-json\/wp\/v2\/posts\/10265\/revisions"}],"predecessor-version":[{"id":10267,"href":"https:\/\/debateplural.net\/site\/wp-json\/wp\/v2\/posts\/10265\/revisions\/10267"}],"wp:featuredmedia":[{"embeddable":true,"href":"https:\/\/debateplural.net\/site\/wp-json\/wp\/v2\/media\/8826"}],"wp:attachment":[{"href":"https:\/\/debateplural.net\/site\/wp-json\/wp\/v2\/media?parent=10265"}],"wp:term":[{"taxonomy":"category","embeddable":true,"href":"https:\/\/debateplural.net\/site\/wp-json\/wp\/v2\/categories?post=10265"},{"taxonomy":"post_tag","embeddable":true,"href":"https:\/\/debateplural.net\/site\/wp-json\/wp\/v2\/tags?post=10265"}],"curies":[{"name":"wp","href":"https:\/\/api.w.org\/{rel}","templated":true}]}}