{"id":10374,"date":"2016-08-20T14:55:25","date_gmt":"2016-08-20T14:55:25","guid":{"rendered":"http:\/\/www.debateplural.com\/?p=10374"},"modified":"2016-08-20T14:55:25","modified_gmt":"2016-08-20T14:55:25","slug":"hay-linchamiento-mediatico-en-ecuador","status":"publish","type":"post","link":"https:\/\/debateplural.net\/site\/2016\/08\/20\/hay-linchamiento-mediatico-en-ecuador\/","title":{"rendered":"\u00bfHay \"linchamiento medi\u00e1tico\" en Ecuador?"},"content":{"rendered":"<p><strong>Juan Manuel Karg (Russia Today, 19\/8\/2016)\u00a0<\/strong><\/p>\n<p style=\"text-align: justify;\">En las \u00faltimas semanas algunos medios de comunicaci\u00f3n concentrados de Am\u00e9rica Latina y el Caribe comenzaron una nueva campa\u00f1a contra Rafael Correa y su gobierno. \u00bfEl motivo? La aplicaci\u00f3n de la figura de \u201clinchamiento medi\u00e1tico\u201d, provista por la Ley Org\u00e1nica de Comunicaci\u00f3n, al canal Teleamazonas, de la ciudad de Guayaquil. Un ejemplo: el diario argentino Clar\u00edn titul\u00f3, el 12 de agosto pasado: \u201cSancionan a un canal en <a href=\"http:\/\/localhost\/debateplural\/tag\/ecuador\">Ecuador<\/a> por un informe que critic\u00f3 al gobierno\u201d.<\/p>\n<p style=\"text-align: justify;\">\u00bfQu\u00e9 hab\u00eda dicho en concreto Teleamazonas? Durante cinco semanas se hab\u00edan referido a una compra de medicamentos promovida por el Servicio Nacional de Contrataci\u00f3n P\u00fablica (SERCOP) con <strong>\u201cinformaci\u00f3n distorsionada, sesgada e imprecisa\u201d<\/strong>, de acuerdo a los dichos del titular de este ente, Santiago V\u00e1squez Cazar. Las frases utilizadas por Teleamazonas fueron bastante elocuentes: durante aquel tiempo hablaron de \u201cel riesgo que supone comprar medicamentos baratos\u201d y anunciaron que \u201cno conocemos su real efecto y su calidad\u201d, buscando deslegitimar la capacidad de SERCOP. Llegaron al punto de decir que \u201csi luego se pierde la vida no se ha ahorrado nada\u201d, editorializando m\u00e1s all\u00e1 del l\u00edmite, con un tema que amerita ser tratado con mucho cuidado, visto y considerando su funci\u00f3n social.<\/p>\n<p style=\"text-align: justify;\">Ante esas atribuciones, y de conformidad al art\u00edculo 26 de la Ley Org\u00e1nica de Comunicaci\u00f3n, la SERCOP inici\u00f3 una acci\u00f3n legal por \u201clinchamiento medi\u00e1tico\u201d ante la Superintendencia de Comunicaci\u00f3n. Ese art\u00edculo manifiesta que \u201cqueda prohibida la difusi\u00f3n de informaci\u00f3n que de manera directa o a trav\u00e9s de terceros sea producida de manera concertada (\u2026) con el prop\u00f3sito de desprestigiar a una persona natural o jur\u00eddica o reducir su credibilidad pol\u00edtica\u201d. Consultado en relaci\u00f3n a esta nota, Santiago V\u00e1squez dijo que \u201c<strong>la ciudadan\u00eda merece recibir informaci\u00f3n verificada<\/strong>, cotrastada, contextualizada\u201d, tras lo cual reafirm\u00f3 que \u201cTeleamazonas vulner\u00f3 este derecho con la difusi\u00f3n reiterada y concertada de informaci\u00f3n distorsionada, descontextualizada, sesgada e imprecisa que genera alarma en la poblaci\u00f3n\u201d.<\/p>\n<p style=\"text-align: justify;\">\u00bfC\u00f3mo se sald\u00f3 el tema? La Superintendencia de Comunicaci\u00f3n, en resoluci\u00f3n del 4 de agosto pasado, determin\u00f3 que existi\u00f3 \u201clinchamiento medi\u00e1tico\u201d con af\u00e1n de desprestigiar a SERCOP. \u201cLos medios de comunicaci\u00f3n son instituciones que tambi\u00e9n deben rendir cuentas a la ciudadan\u00eda, porque la informaci\u00f3n es un bien p\u00fablico, un bien social\u201d dijo al respecto la Secretar\u00eda Nacional de Comunicaci\u00f3n del Ecuador, cuando la consult\u00e9 sobre este diferendo. En su nota del 12 de agosto, Clar\u00edn aludi\u00f3 a una \u201cpresi\u00f3n sobre los medios\u201d de parte del gobierno de Correa. Eso \u201cno es m\u00e1s que la aceptaci\u00f3n t\u00e1cita de ciertos can\u00e1les y peri\u00f3dicos de querer mantener las pr\u00e1cticas period\u00edsticas poco \u00e9ticas a las que siempre han estado acostumbrados\u201d puntualiz\u00f3 la SECOM, saliendo al cruce del peri\u00f3dico argentino.<\/p>\n<p style=\"text-align: justify;\">El debate de fondo, que no quieren dar algunos medios corporativos de nuestra regi\u00f3n, es hasta que punto se puede seguir aludiendo a una supuesta \u201clibertad de prensa\u201d que para algunos no es m\u00e1s que una \u201clibertad de empresa\u201d. \u00bfPor qu\u00e9 la SIP defiende a los grandes conglomerados, como en este caso, y no a la poblaci\u00f3n a la que se la somete a una informaci\u00f3n no corroborada? \u00bfQu\u00e9 intereses concretos habr\u00e1 tenido Teleamazonas para intentar desacreditar la compra de medicamentos que llev\u00f3 adelante el gobierno ecuatoriano? \u00bfPor qu\u00e9 Clar\u00edn habla de un \u201cinforme que critic\u00f3\u201d al gobierno cuando claramente se ha evidenciado el sesgo proporcionado por Teleamazonas, algo que va por lejos m\u00e1s all\u00e1 de una simple \u201ccr\u00edtica\u201d? Son preguntas que quedan rebotando en el aire cuando uno se pone a analizar fr\u00edamente la informaci\u00f3n que llega desde aquel pa\u00eds.<\/p>\n<p style=\"text-align: justify;\">Nuestra regi\u00f3n debe darse una profunda discusi\u00f3n sobre el rol de los medios de comunicaci\u00f3n concentrados en relaci\u00f3n al andamiaje social. Ecuador es, por su legislaci\u00f3n progresiva y su intento consecuente por desarrollar un debate en relaci\u00f3n a este eje, un interesante punto de partida para ello. El caso de Teleamazonas y su \u201clinchamiento medi\u00e1tico\u201d al estado ecuatoriano demuestran que no todo es posible en materia comunicacional.<\/p>\n<p>&nbsp;<\/p>\n","protected":false},"excerpt":{"rendered":"<p>Juan Manuel Karg (Russia Today, 19\/8\/2016)\u00a0 En las \u00faltimas semanas algunos medios de comunicaci\u00f3n concentrados de Am\u00e9rica Latina y el Caribe comenzaron una nueva campa\u00f1a contra Rafael Correa y su gobierno. \u00bfEl motivo? La aplicaci\u00f3n de la figura de \u201clinchamiento medi\u00e1tico\u201d, provista por la Ley Org\u00e1nica de Comunicaci\u00f3n, al canal Teleamazonas, de la ciudad de [&hellip;]<\/p>\n","protected":false},"author":1,"featured_media":10167,"comment_status":"open","ping_status":"open","sticky":false,"template":"","format":"standard","meta":{"footnotes":""},"categories":[14,12],"tags":[88],"class_list":["post-10374","post","type-post","status-publish","format-standard","has-post-thumbnail","hentry","category-internacionales","category-politica-3","tag-ecuador"],"_links":{"self":[{"href":"https:\/\/debateplural.net\/site\/wp-json\/wp\/v2\/posts\/10374"}],"collection":[{"href":"https:\/\/debateplural.net\/site\/wp-json\/wp\/v2\/posts"}],"about":[{"href":"https:\/\/debateplural.net\/site\/wp-json\/wp\/v2\/types\/post"}],"author":[{"embeddable":true,"href":"https:\/\/debateplural.net\/site\/wp-json\/wp\/v2\/users\/1"}],"replies":[{"embeddable":true,"href":"https:\/\/debateplural.net\/site\/wp-json\/wp\/v2\/comments?post=10374"}],"version-history":[{"count":1,"href":"https:\/\/debateplural.net\/site\/wp-json\/wp\/v2\/posts\/10374\/revisions"}],"predecessor-version":[{"id":10375,"href":"https:\/\/debateplural.net\/site\/wp-json\/wp\/v2\/posts\/10374\/revisions\/10375"}],"wp:featuredmedia":[{"embeddable":true,"href":"https:\/\/debateplural.net\/site\/wp-json\/wp\/v2\/media\/10167"}],"wp:attachment":[{"href":"https:\/\/debateplural.net\/site\/wp-json\/wp\/v2\/media?parent=10374"}],"wp:term":[{"taxonomy":"category","embeddable":true,"href":"https:\/\/debateplural.net\/site\/wp-json\/wp\/v2\/categories?post=10374"},{"taxonomy":"post_tag","embeddable":true,"href":"https:\/\/debateplural.net\/site\/wp-json\/wp\/v2\/tags?post=10374"}],"curies":[{"name":"wp","href":"https:\/\/api.w.org\/{rel}","templated":true}]}}