{"id":10376,"date":"2016-08-20T15:07:57","date_gmt":"2016-08-20T15:07:57","guid":{"rendered":"http:\/\/www.debateplural.com\/?p=10376"},"modified":"2016-08-20T15:07:57","modified_gmt":"2016-08-20T15:07:57","slug":"el-estado-islamico-recurre-por-primera-vez-a-mujeres-suicidas-para-atacar-al-ejercito-libio","status":"publish","type":"post","link":"https:\/\/debateplural.net\/site\/2016\/08\/20\/el-estado-islamico-recurre-por-primera-vez-a-mujeres-suicidas-para-atacar-al-ejercito-libio\/","title":{"rendered":"El Estado Isl\u00e1mico recurre por primera vez a mujeres suicidas para atacar al Ej\u00e9rcito libio"},"content":{"rendered":"<p style=\"text-align: justify;\">Los combatientes del <a href=\"http:\/\/localhost\/debateplural\/tag\/estado-islamico\">Estado Isl\u00e1mico<\/a>\u00a0han empezado a emplear mujeres suicidas en sus ataques contra las tropas gubernamentales libias en la ciudad de Sirte, donde los yihadistas se encuentran rodeados, informa la agencia TASS.<\/p>\n<p style=\"text-align: justify;\">Seg\u00fan el coronel del Ej\u00e9rcito libio Mohammed al Ghasri, en los \u00faltimos d\u00edas la organizaci\u00f3n terrorista ha movilizado mujeres equipadas con cinturones de explosivos con el fin de infligir ataques a las fuerzas gubernamentales en los distritos residenciales del centro de Sirte.<\/p>\n<p style=\"text-align: justify;\">\"Es la primera vez que hemos tenido que hacer frente a esta situaci\u00f3n. Cuando las mujeres intentaron acercarse a nuestros puestos, sus cinturones fueron detonados por control remoto\", agreg\u00f3 Ghasri.<\/p>\n<p style=\"text-align: justify;\">Las fuerzas libias, lideradas por brigadas de la ciudad de Misrata y alineadas con el Gobierno de Tr\u00edpoli \u2013que cuenta con el respaldo de la <a href=\"http:\/\/localhost\/debateplural\/tag\/onu\">ONU<\/a>\u2013 luchan por expulsar al EI desde Sirte. Esta semana las citadas fuerzas han retomado el control de importantes zonas de esa localidad con el apoyo de la aviaci\u00f3n estadounidense, que empez\u00f3 a bombardear a la organizaci\u00f3n yihadista el pasado 1 de agosto.<\/p>\n","protected":false},"excerpt":{"rendered":"<p>Los combatientes del Estado Isl\u00e1mico\u00a0han empezado a emplear mujeres suicidas en sus ataques contra las tropas gubernamentales libias en la ciudad de Sirte, donde los yihadistas se encuentran rodeados, informa la agencia TASS. Seg\u00fan el coronel del Ej\u00e9rcito libio Mohammed al Ghasri, en los \u00faltimos d\u00edas la organizaci\u00f3n terrorista ha movilizado mujeres equipadas con cinturones [&hellip;]<\/p>\n","protected":false},"author":1,"featured_media":8681,"comment_status":"open","ping_status":"open","sticky":false,"template":"","format":"standard","meta":{"footnotes":""},"categories":[14,12],"tags":[54,43],"class_list":["post-10376","post","type-post","status-publish","format-standard","has-post-thumbnail","hentry","category-internacionales","category-politica-3","tag-estado-islamico","tag-onu"],"_links":{"self":[{"href":"https:\/\/debateplural.net\/site\/wp-json\/wp\/v2\/posts\/10376"}],"collection":[{"href":"https:\/\/debateplural.net\/site\/wp-json\/wp\/v2\/posts"}],"about":[{"href":"https:\/\/debateplural.net\/site\/wp-json\/wp\/v2\/types\/post"}],"author":[{"embeddable":true,"href":"https:\/\/debateplural.net\/site\/wp-json\/wp\/v2\/users\/1"}],"replies":[{"embeddable":true,"href":"https:\/\/debateplural.net\/site\/wp-json\/wp\/v2\/comments?post=10376"}],"version-history":[{"count":1,"href":"https:\/\/debateplural.net\/site\/wp-json\/wp\/v2\/posts\/10376\/revisions"}],"predecessor-version":[{"id":10377,"href":"https:\/\/debateplural.net\/site\/wp-json\/wp\/v2\/posts\/10376\/revisions\/10377"}],"wp:featuredmedia":[{"embeddable":true,"href":"https:\/\/debateplural.net\/site\/wp-json\/wp\/v2\/media\/8681"}],"wp:attachment":[{"href":"https:\/\/debateplural.net\/site\/wp-json\/wp\/v2\/media?parent=10376"}],"wp:term":[{"taxonomy":"category","embeddable":true,"href":"https:\/\/debateplural.net\/site\/wp-json\/wp\/v2\/categories?post=10376"},{"taxonomy":"post_tag","embeddable":true,"href":"https:\/\/debateplural.net\/site\/wp-json\/wp\/v2\/tags?post=10376"}],"curies":[{"name":"wp","href":"https:\/\/api.w.org\/{rel}","templated":true}]}}