{"id":10595,"date":"2016-09-02T16:25:06","date_gmt":"2016-09-02T16:25:06","guid":{"rendered":"http:\/\/www.debateplural.com\/?p=10595"},"modified":"2016-09-02T18:56:14","modified_gmt":"2016-09-02T18:56:14","slug":"dilma-la-historia-la-absolvera","status":"publish","type":"post","link":"https:\/\/debateplural.net\/site\/2016\/09\/02\/dilma-la-historia-la-absolvera\/","title":{"rendered":"Dilma: la historia la absolver\u00e1"},"content":{"rendered":"<p><strong>Juan Manuel Karg (Russia Today, 30\/8\/2016)\u00a0<\/strong><\/p>\n<p>&nbsp;<\/p>\n<p style=\"text-align: justify;\">El discurso\u00a0de la presidenta suspendida <a href=\"http:\/\/localhost\/debateplural\/tag\/dilma-rousseff\">Dilma Rousseff <\/a>ante el Senado de <a href=\"http:\/\/localhost\/debateplural\/tag\/brasil\">Brasil <\/a>ir\u00e1 directo a los libros de historia, independientemente de la resoluci\u00f3n a la que llegue este parlamento abiertamente conservador. En una especie de \u201cla historia me absolver\u00e1\u201d -parafraseando a <a href=\"http:\/\/localhost\/debateplural\/tag\/fidel-castro\">Fidel Castro<\/a>&#8211; versi\u00f3n Brasilia 2016, Dilma habl\u00f3 como una estadista de fuste, con la solidez que solo pueden dar d\u00e9cadas de hacer pol\u00edtica, tanto en escenarios favorables como adversos.<\/p>\n<p style=\"text-align: justify;\">Hizo una recuperaci\u00f3n de esa trayectoria militante de punta a punta. <strong>\u201cEntre mis defectos no est\u00e1 la deslealtad y la cobard\u00eda\u201d<\/strong> anunci\u00f3 al comienzo, describiendo su lucha contra la dictadura. \u201cDe eso tengo orgullo\u201d sigui\u00f3, para luego decir que no ser\u00eda ahora, casi a sus setenta a\u00f1os, cuando cambiar\u00eda esta conducta \u00e9tica que fue precisamente la que la hizo ingresar en la pol\u00edtica.<\/p>\n<p style=\"text-align: justify;\">\u201cLo que est\u00e1 en juego en el proceso de impeachment no es solamente mi mandato. Lo que est\u00e1 en juego es el respeto a las urnas, a la voluntad soberana del pueblo brasile\u00f1o y a la constituci\u00f3n\u201d fue una de sus frases m\u00e1s certeras, al punto de quedar rebotando por horas en los titulares que cubrieron la jornada desde los medios de comunicaci\u00f3n de todo el mundo. Tras ello fue directo al grano nuevamente, al decir que \u201cestamos a un paso de la consumaci\u00f3n de una grave ruptura institucional. Estamos a un paso de que se concrete <strong>un verdadero golpe de Estado<\/strong>\u201d. Antes hab\u00eda reconocido errores de gobierno, aunque siempre haciendo hincapi\u00e9 en la \u201cinjusticia\u201d de la situaci\u00f3n.<\/p>\n<p style=\"text-align: justify;\">El final estuvo a la altura del desarrollo previo. \u201cSolo temo a la muerte de la democracia, por la cual muchos de nosotros luchamos con el mejor de nuestros esfuerzos\u201d afirm\u00f3 la oriunda de Belo Horizonte. Luego, con mayor espontaneidad, respondi\u00f3 preguntas de los senadores all\u00ed presentes. Dej\u00f3 trascender que despu\u00e9s de la votaci\u00f3n podr\u00e1 recurrir al Supremo Tribunal Federal, en caso de un -previsible- resultado adverso.<\/p>\n<p style=\"text-align: justify;\">En las gradas la escuchaban Luiz In\u00e1cio <a href=\"http:\/\/localhost\/debateplural\/tag\/lula-da-silva\">Lula da Silva<\/a>, Chico Buarque y dirigentes del Movimiento Sin Tierra (MST) y Sin Techo (MTST), todos concientes de estar viviendo un acontecimiento hist\u00f3rico. De esos \u201chist\u00f3ricos\u201d no agradables, de los cuales los pueblos de Am\u00e9rica Latina bien conocen sus consecuencias. De esos \u201chist\u00f3ricos\u201d que dejan marcas, pero que asimismo clarifican de que lado de la historia est\u00e1 cada uno.<\/p>\n<p style=\"text-align: justify;\">M\u00e1s temprano que tarde, la historia de Brasil y Am\u00e9rica Latina absolver\u00e1 a Dilma, tal como sucedi\u00f3 con Jo\u00e3o Goulart, quien sufriera el golpe de 1964, tambi\u00e9n avalado por los mismos medios de comunicaci\u00f3n. A Temer, Cunha y la banda de forajidos que tom\u00f3 el poder sin un voto, y que adem\u00e1s pretende atrincherarse hasta 2018 a\u00fan cuando gran parte de los brasile\u00f1os pide ir a las urnas, no hay -ni habr\u00e1- historia que los avale.<\/p>\n","protected":false},"excerpt":{"rendered":"<p>Juan Manuel Karg (Russia Today, 30\/8\/2016)\u00a0 &nbsp; El discurso\u00a0de la presidenta suspendida Dilma Rousseff ante el Senado de Brasil ir\u00e1 directo a los libros de historia, independientemente de la resoluci\u00f3n a la que llegue este parlamento abiertamente conservador. En una especie de \u201cla historia me absolver\u00e1\u201d -parafraseando a Fidel Castro&#8211; versi\u00f3n Brasilia 2016, Dilma habl\u00f3 [&hellip;]<\/p>\n","protected":false},"author":1,"featured_media":0,"comment_status":"open","ping_status":"open","sticky":false,"template":"","format":"standard","meta":{"footnotes":""},"categories":[14,12],"tags":[22,32,33,25],"class_list":["post-10595","post","type-post","status-publish","format-standard","hentry","category-internacionales","category-politica-3","tag-brasil","tag-dilma-rousseff","tag-fidel-castro","tag-lula-da-silva"],"_links":{"self":[{"href":"https:\/\/debateplural.net\/site\/wp-json\/wp\/v2\/posts\/10595"}],"collection":[{"href":"https:\/\/debateplural.net\/site\/wp-json\/wp\/v2\/posts"}],"about":[{"href":"https:\/\/debateplural.net\/site\/wp-json\/wp\/v2\/types\/post"}],"author":[{"embeddable":true,"href":"https:\/\/debateplural.net\/site\/wp-json\/wp\/v2\/users\/1"}],"replies":[{"embeddable":true,"href":"https:\/\/debateplural.net\/site\/wp-json\/wp\/v2\/comments?post=10595"}],"version-history":[{"count":1,"href":"https:\/\/debateplural.net\/site\/wp-json\/wp\/v2\/posts\/10595\/revisions"}],"predecessor-version":[{"id":10596,"href":"https:\/\/debateplural.net\/site\/wp-json\/wp\/v2\/posts\/10595\/revisions\/10596"}],"wp:attachment":[{"href":"https:\/\/debateplural.net\/site\/wp-json\/wp\/v2\/media?parent=10595"}],"wp:term":[{"taxonomy":"category","embeddable":true,"href":"https:\/\/debateplural.net\/site\/wp-json\/wp\/v2\/categories?post=10595"},{"taxonomy":"post_tag","embeddable":true,"href":"https:\/\/debateplural.net\/site\/wp-json\/wp\/v2\/tags?post=10595"}],"curies":[{"name":"wp","href":"https:\/\/api.w.org\/{rel}","templated":true}]}}