{"id":11047,"date":"2016-09-21T12:26:06","date_gmt":"2016-09-21T16:26:06","guid":{"rendered":"http:\/\/www.debateplural.com\/?p=11047"},"modified":"2016-09-21T12:26:06","modified_gmt":"2016-09-21T16:26:06","slug":"erdogan-promete-apoyar-las-pretensiones-ucrania-crimea","status":"publish","type":"post","link":"https:\/\/debateplural.net\/site\/2016\/09\/21\/erdogan-promete-apoyar-las-pretensiones-ucrania-crimea\/","title":{"rendered":"Erdogan promete apoyar las pretensiones de Ucrania sobre Crimea"},"content":{"rendered":"<p style=\"text-align: justify;\">Durante un encuentro con el presidente ucraniano, Petr\u00f3 Poroshenko, su hom\u00f3logo turco, <a href=\"http:\/\/localhost\/debateplural\/tag\/Recep-Tayyip-Erdogan\">Recep Tayyip Erdogan<\/a>, ha prometido respaldar las pretensiones de Kiev en el sentido de recuperar la soberan\u00eda de la pen\u00ednsula de Crimea.<\/p>\n<p style=\"text-align: justify;\">\"Recep Tayyip Erdogan ha subrayado que <a href=\"http:\/\/localhost\/debateplural\/tag\/turquia\">Turqu\u00eda<\/a>, de hoy en adelante, va a apoyar a <a href=\"http:\/\/localhost\/debateplural\/tag\/ucrania\">Ucrania<\/a> en la cuesti\u00f3n de la recuperaci\u00f3n de su soberan\u00eda e integridad territorial en las dimensiones bilateral y multilateral\", informa el servicio de prensa del presidente ucraniano.<\/p>\n<p>Adem\u00e1s, el pol\u00edtico otomano asegur\u00f3 que el reinicio del dialogo con Mosc\u00fa no influir\u00e1 en la posici\u00f3n de Ankara respecto de Crimea. Por su parte, Petr\u00f3 Poroshenko invit\u00f3 a las empresas de Turqu\u00eda a participar en el proceso de privatizaci\u00f3n de las compa\u00f1\u00edas p\u00fablicas ucranianas.<\/p>\n<p>El encuentro de los dos l\u00edderes tuvo lugar durante la celebraci\u00f3n de la 71\u00aa sesi\u00f3n de la Asamblea General de la <a href=\"http:\/\/localhost\/debateplural\/tag\/onu\">ONU<\/a>, que arranc\u00f3 el 20 de septiembre en Nueva York.<\/p>\n<p>Crimea se separ\u00f3 de Ucrania y se incorpor\u00f3 a Rusia en 2014, despu\u00e9s de que el 96% de sus habitantes respaldara mediante un refer\u00e9ndum la reunificaci\u00f3n de la pen\u00ednsula con la Federaci\u00f3n rusa.<\/p>\n","protected":false},"excerpt":{"rendered":"<p>Durante un encuentro con el presidente ucraniano, Petr\u00f3 Poroshenko, su hom\u00f3logo turco, Recep Tayyip Erdogan, ha prometido respaldar las pretensiones de Kiev en el sentido de recuperar la soberan\u00eda de la pen\u00ednsula de Crimea. \"Recep Tayyip Erdogan ha subrayado que Turqu\u00eda, de hoy en adelante, va a apoyar a Ucrania en la cuesti\u00f3n de la [&hellip;]<\/p>\n","protected":false},"author":1,"featured_media":8430,"comment_status":"open","ping_status":"open","sticky":false,"template":"","format":"standard","meta":{"footnotes":""},"categories":[14,12],"tags":[43,81,51,61],"class_list":["post-11047","post","type-post","status-publish","format-standard","has-post-thumbnail","hentry","category-internacionales","category-politica-3","tag-onu","tag-recep-tayyip-erdogan","tag-turquia","tag-ucrania"],"_links":{"self":[{"href":"https:\/\/debateplural.net\/site\/wp-json\/wp\/v2\/posts\/11047"}],"collection":[{"href":"https:\/\/debateplural.net\/site\/wp-json\/wp\/v2\/posts"}],"about":[{"href":"https:\/\/debateplural.net\/site\/wp-json\/wp\/v2\/types\/post"}],"author":[{"embeddable":true,"href":"https:\/\/debateplural.net\/site\/wp-json\/wp\/v2\/users\/1"}],"replies":[{"embeddable":true,"href":"https:\/\/debateplural.net\/site\/wp-json\/wp\/v2\/comments?post=11047"}],"version-history":[{"count":1,"href":"https:\/\/debateplural.net\/site\/wp-json\/wp\/v2\/posts\/11047\/revisions"}],"predecessor-version":[{"id":11048,"href":"https:\/\/debateplural.net\/site\/wp-json\/wp\/v2\/posts\/11047\/revisions\/11048"}],"wp:featuredmedia":[{"embeddable":true,"href":"https:\/\/debateplural.net\/site\/wp-json\/wp\/v2\/media\/8430"}],"wp:attachment":[{"href":"https:\/\/debateplural.net\/site\/wp-json\/wp\/v2\/media?parent=11047"}],"wp:term":[{"taxonomy":"category","embeddable":true,"href":"https:\/\/debateplural.net\/site\/wp-json\/wp\/v2\/categories?post=11047"},{"taxonomy":"post_tag","embeddable":true,"href":"https:\/\/debateplural.net\/site\/wp-json\/wp\/v2\/tags?post=11047"}],"curies":[{"name":"wp","href":"https:\/\/api.w.org\/{rel}","templated":true}]}}