{"id":11363,"date":"2016-10-06T15:58:11","date_gmt":"2016-10-06T19:58:11","guid":{"rendered":"http:\/\/www.debateplural.com\/?p=11363"},"modified":"2016-10-06T15:58:11","modified_gmt":"2016-10-06T19:58:11","slug":"eeuu-no-descarta-ataques-damasco","status":"publish","type":"post","link":"https:\/\/debateplural.net\/site\/2016\/10\/06\/eeuu-no-descarta-ataques-damasco\/","title":{"rendered":"EEUU no descarta ataques contra Damasco"},"content":{"rendered":"<p style=\"text-align: justify;\">Los ataques contra las fuerzas de Damasco pueden afectar los intereses de <a href=\"http:\/\/localhost\/debateplural\/tag\/eeuu\">EEUU<\/a>, pero no pueden ser descartados, afirm\u00f3 el portavoz de la Casa Blanca, Josh Earnest.<\/p>\n<p>\"Resulta dudoso que las acciones militares en contra del r\u00e9gimen (del presidente de <a href=\"http:\/\/localhost\/debateplural\/tag\/siria\">Siria<\/a>, Bashar Asad) para solucionar la situaci\u00f3n en Alepo alcancen los objetivos (\u2026) y reduzcan la violencia, resulta m\u00e1s probable que surjan consecuencias inesperadas que afecten nuestros intereses nacionales, pero no puedo descartar el an\u00e1lisis que cualquier posibilidad\", dijo el portavoz.<\/p>\n<p>Anteriormente los medios estadounidenses anunciaron que entre los planes de acci\u00f3n en Siria que actualmente valora EEUU se encuentra uno que incluye ataques contra objetivos militares del Gobierno sirio, a pesar que con anterioridad la Casa Blanca reconoci\u00f3 que la crisis siria solo puede solucionarse mediante el di\u00e1logo pol\u00edtico.<\/p>\n<p style=\"text-align: justify;\">El pasado 3 de octubre el Departamento de Estado de EEUU anunci\u00f3 que Washington suspendi\u00f3 el di\u00e1logo con Mosc\u00fa sobre el alto el fuego en Siria, aunque mantendr\u00e1 los canales de comunicaci\u00f3n militares para prevenir incidentes entre sus aviones que llevan a cabo misiones antiterroristas en el cielo de Siria.<\/p>\n<p>El Ministerio de Exteriores ruso se mostr\u00f3 profundamente decepcionado por esa decisi\u00f3n y afirm\u00f3 que EEUU, al haber faltado a una serie de compromisos clave en el marco del reciente paquete de acuerdos sobre el armisticio en Siria, intentaba culpar de lo ocurrido a <a href=\"http:\/\/localhost\/debateplural\/tag\/rusia\">Rusia<\/a>.<\/p>\n","protected":false},"excerpt":{"rendered":"<p>Los ataques contra las fuerzas de Damasco pueden afectar los intereses de EEUU, pero no pueden ser descartados, afirm\u00f3 el portavoz de la Casa Blanca, Josh Earnest. \"Resulta dudoso que las acciones militares en contra del r\u00e9gimen (del presidente de Siria, Bashar Asad) para solucionar la situaci\u00f3n en Alepo alcancen los objetivos (\u2026) y reduzcan [&hellip;]<\/p>\n","protected":false},"author":1,"featured_media":11364,"comment_status":"open","ping_status":"open","sticky":false,"template":"","format":"standard","meta":{"footnotes":""},"categories":[14,12],"tags":[96,40,41],"class_list":["post-11363","post","type-post","status-publish","format-standard","has-post-thumbnail","hentry","category-internacionales","category-politica-3","tag-eeuu","tag-rusia","tag-siria"],"_links":{"self":[{"href":"https:\/\/debateplural.net\/site\/wp-json\/wp\/v2\/posts\/11363"}],"collection":[{"href":"https:\/\/debateplural.net\/site\/wp-json\/wp\/v2\/posts"}],"about":[{"href":"https:\/\/debateplural.net\/site\/wp-json\/wp\/v2\/types\/post"}],"author":[{"embeddable":true,"href":"https:\/\/debateplural.net\/site\/wp-json\/wp\/v2\/users\/1"}],"replies":[{"embeddable":true,"href":"https:\/\/debateplural.net\/site\/wp-json\/wp\/v2\/comments?post=11363"}],"version-history":[{"count":1,"href":"https:\/\/debateplural.net\/site\/wp-json\/wp\/v2\/posts\/11363\/revisions"}],"predecessor-version":[{"id":11365,"href":"https:\/\/debateplural.net\/site\/wp-json\/wp\/v2\/posts\/11363\/revisions\/11365"}],"wp:featuredmedia":[{"embeddable":true,"href":"https:\/\/debateplural.net\/site\/wp-json\/wp\/v2\/media\/11364"}],"wp:attachment":[{"href":"https:\/\/debateplural.net\/site\/wp-json\/wp\/v2\/media?parent=11363"}],"wp:term":[{"taxonomy":"category","embeddable":true,"href":"https:\/\/debateplural.net\/site\/wp-json\/wp\/v2\/categories?post=11363"},{"taxonomy":"post_tag","embeddable":true,"href":"https:\/\/debateplural.net\/site\/wp-json\/wp\/v2\/tags?post=11363"}],"curies":[{"name":"wp","href":"https:\/\/api.w.org\/{rel}","templated":true}]}}