{"id":11564,"date":"2016-10-14T14:38:09","date_gmt":"2016-10-14T18:38:09","guid":{"rendered":"http:\/\/www.debateplural.com\/?p=11564"},"modified":"2016-10-14T14:38:09","modified_gmt":"2016-10-14T18:38:09","slug":"manolo-los-jovenes","status":"publish","type":"post","link":"https:\/\/debateplural.net\/site\/2016\/10\/14\/manolo-los-jovenes\/","title":{"rendered":"Manolo: Nosotros los j\u00f3venes"},"content":{"rendered":"<p><strong>Fidelio Despradel (Hoy, 20-12-08)<\/strong><\/p>\n<p>&nbsp;<\/p>\n<p style=\"text-align: justify;\">Les sorprender\u00e1 el titulo de este art\u00edculo. No hay nada fuera de lugar. Lo escribe un hombre de 70 a\u00f1os que se considera joven; tan joven como cuando ten\u00eda 23 y ocupaba la Secretaria de Organizaci\u00f3n del Comit\u00e9 Central del 14 de junio.<\/p>\n<p style=\"text-align: justify;\">Digo \u0093nosotros los j\u00f3venes\u0094 porque la juventud no es un hecho meramente cronol\u00f3gico, dependiente de la edad. La juventud es un estado del esp\u00edritu.<\/p>\n<p style=\"text-align: justify;\">En este sentido, quiero escribir hoy sobre un joven inmortal que se llam\u00f3 y se llama Manolo Tav\u00e1rez, y quiero dedicarle este articulo a los y las j\u00f3venes de hoy; en especial a aquellos y aquellas que son arquetipos para su generaci\u00f3n, y que expresan, a trav\u00e9s de sus s\u00edmbolos, lenguaje y actitudes, la otra cara de esta sociedad da\u00f1ada y pateada por la acci\u00f3n que durante cuarenta y tres a\u00f1os han impuesto las elites pol\u00edticas y sociales que han dirigido el Estado desde 1966.<\/p>\n<p style=\"text-align: justify;\">Para\u00a0 esos j\u00f3venes, que constituyen, no solo la parte m\u00e1s so\u00f1adora del pa\u00eds sino m\u00e1s del 50% de su poblaci\u00f3n, Manolo Tav\u00e1rez es, a lo sumo, un revolucionario que dio su vida por sus ideales, en las lomas de la Cordillera Central. Empero Manolo Tav\u00e1rez fue mucho m\u00e1s que el m\u00e1rtir de Las Manaclas. Ten\u00eda apenas 17 y 18 a\u00f1os cuando sus inquietudes juveniles lo llevaron a integrarse a los c\u00edrculos de la resistencia antitrujillista de la \u00e9poca y a sumarse al estudio de la literatura revolucionaria, incluyendo el marxismo, a finales de los 40 e inicios de los 50.\u00a0 Expresi\u00f3n juvenil de un esp\u00edritu rebelde y temerario, que con el correr de los a\u00f1os se convertir\u00eda en uno de los l\u00edderes revolucionarios mas puro y autentico habido en el pa\u00eds.<\/p>\n<p style=\"text-align: justify;\">Transcurr\u00edan los a\u00f1os de 1957 y 1958. Los \u00faltimos de una d\u00e9cada ominosa, que en su primera etapa vio consolidarse como nunca a la tiran\u00eda.<\/p>\n<p style=\"text-align: justify;\">Como expresi\u00f3n de la rebeld\u00eda del pueblo dominicano, a lo largo de esta d\u00e9cada, en multitud de pueblos y ciudades, y en distintos c\u00edrculos sociales, se diseminaba la semilla de la resistencia al r\u00e9gimen y se formaban centenares de c\u00edrculos antitrujillistas, con dis\u00edmiles objetivos. Constituir un circulo clandestino conspirativo contra la tiran\u00eda era de por si un gesto de valor y rebeld\u00eda. Se distribu\u00edan panfletos y volantes, se pegaban consignas, se fabricaban bombas caseras, o simplemente se expresaba entre los suyos la postura en contra del r\u00e9gimen.<\/p>\n<p style=\"text-align: justify;\">Algunos, los m\u00e1s osados, perfilaban alg\u00fan plan artesanal para atentar contra la vida del tirano, pero faltaba un visionario que asumiera la gigantesca tarea de unificar todo ese estado de rebeld\u00eda en una sola organizaci\u00f3n revolucionaria conspirativa. Manolo fue el inspirador y constructor principal de esa idea, destac\u00e1ndose como la figura central y el principal forjador del Movimiento Revolucionario 14 de junio, organizaci\u00f3n nacional clandestina, que unific\u00f3 bajo un mismo techo, un mismo nombre, programa y plan conspirativo, al grueso de los c\u00edrculos antitrujillistas de la \u00e9poca.<\/p>\n<p style=\"text-align: justify;\">La vida habr\u00eda de mostrar a muchos otros Manolo. En efecto, develado el movimiento por los aparatos represivos del r\u00e9gimen, y sufriendo Manolo las m\u00e1s crueles torturas, al igual que cientos de sus compa\u00f1eros y compa\u00f1eras; all\u00ed, en el infierno de \u0093la 40\u0094, Manolo se agigant\u00f3, y no solo reafirm\u00f3 su gran liderazgo sino que se gan\u00f3 el respeto de sus propios torturadores, obligados a admirar en silencio a la persona que acab\u00f3 de forjarse en la tortura, como l\u00edder de aquel heroico movimiento.<\/p>\n<p style=\"text-align: justify;\">El develamiento, la tortura y los asesinatos no destruyeron ni paralizaron la organizaci\u00f3n revolucionaria 1J4. Trujillo fue ajusticiado y los revolucionarios del 14 de junio asumieron, nueva vez, en distintas condiciones, la inmensa tarea de darle forma p\u00fablica y nacional, al\u00a0 movimiento. Y de nuevo Manolo se agigant\u00f3. Acompa\u00f1ado por un pu\u00f1ado de sus compa\u00f1eros de lucha, recorri\u00f3 el pa\u00eds palmo a palmo, contactando en cada municipio, paraje o barrio a sus compa\u00f1eros y compa\u00f1eras de clandestinidad y c\u00e1rcel, e identificando, con un olfato y sensibilidad pol\u00edtica \u00fanicos, a todas aquellas personas, que sin haber participado en la estructura clandestina del movimiento, eran un ejemplo en su comunidad, como ciudadano o ciudadana vertical, con una moral a toda prueba, y con el valor que solo da la firmeza en los principios ciudadanos.<\/p>\n<p style=\"text-align: justify;\">As\u00ed, siempre dirigida e inspirada por Manolo, se fue articulando una organizaci\u00f3n a nivel nacional, en la cual, alrededor del n\u00facleo dirigente, compuesto por los miles de integrantes del movimiento clandestino, se constitu\u00eda en cada municipio, barrio o paraje, un colectivo integrado, invariablemente, por los mejores hombres y mujeres de cada\u00a0 comunidad.<\/p>\n<p style=\"text-align: justify;\">La juventud y las mujeres constitu\u00edan el grueso de aquel gran ej\u00e9rcito militante.<\/p>\n<p style=\"text-align: justify;\">La vida pol\u00edtica p\u00fablica se precipito abruptamente sobre aquella juventud que dirig\u00eda el 14 de Junio. Y otro Manolo habr\u00eda de mostrar sus extraordinarias cualidades.<\/p>\n<p style=\"text-align: justify;\">En sus m\u00faltiples e improvisados discursos, en sus conferencias y charlas y en los numerosos conversatorios con p\u00fablico variado, Manolo demostr\u00f3 que era un gran l\u00edder revolucionario en r\u00e1pido crecimiento cualitativo; con una visi\u00f3n cada vez m\u00e1s clara del pa\u00eds y de la \u00e9poca que le toco vivir, y con una facilidad de expresi\u00f3n extraordinaria. Basta leer la colecci\u00f3n de sus grandes discursos, para evidenciar la claridad de su pensamiento antiimperialista, su visi\u00f3n estrat\u00e9gica y su capacidad para abordar el conjunto de temas relacionados, tanto con el an\u00e1lisis de la situaci\u00f3n internacional y nacional como el an\u00e1lisis de las distintas clases y capas sociales del pa\u00eds y su rol en los acontecimientos del presente y el porvenir. Asimismo, Manolo incursion\u00f3, con la misma claridad y precisi\u00f3n, en temas tan complejos como los de la unidad, la construcci\u00f3n de la organizaci\u00f3n revolucionaria y el papel de los militantes y cuadros en esa construcci\u00f3n.<\/p>\n<p style=\"text-align: justify;\">Y entonces vino el artero derrocamiento del gobierno constitucional del profesor Bosch. Y Manolo, que era el l\u00edder indiscutible de una gran organizaci\u00f3n revolucionaria vinculada desde su fundaci\u00f3n a la acci\u00f3n insurgente; ese Manolo Tav\u00e1rez, a la cabeza de la organizaci\u00f3n, y cumpliendo con la palabra empe\u00f1ada, decidieron responder al artero golpe derechista con la insurrecci\u00f3n, donde Manolo y 28 de sus compa\u00f1eros murieron en combate o fueron asesinados despu\u00e9s de apresados.<\/p>\n<p style=\"text-align: justify;\">Antes de aquilatar la muerte de Manolo y sus compa\u00f1eros de la insurrecci\u00f3n de noviembre de 1963, y antes de tratar de dimensionar la inmensa p\u00e9rdida que signific\u00f3 la muerte a destiempo de aquel ser excepcional, debemos ponderar el \u00faltimo, y quiz\u00e1s m\u00e1s grande acierto pol\u00edtico del liderazgo del 14 de junio, encabezado por Manolo.<\/p>\n<p style=\"text-align: justify;\">El 14 de Junio era una organizaci\u00f3n antiimperialista, con una aguerrida militancia revolucionaria y un programa de liberaci\u00f3n nacional, claramente definido. No obstante, en ocasi\u00f3n del golpe de Estado contra el gobierno de Bosch y el desconocimiento de la Constituci\u00f3n de 1963, Manolo y el liderazgo del 14 de Junio asumieron como consigna de la insurrecci\u00f3n la restituci\u00f3n de la Constituci\u00f3n de 1963 y del gobierno constitucional de Bosch. O sea, derrocamiento del Triunvirato y restituci\u00f3n del gobierno y la Constituci\u00f3n. Esa misma postura, por distintos caminos y formas, hab\u00eda asumido el coronel Fern\u00e1ndez Dom\u00ednguez, a la cabeza de los militares constitucionalistas, desde la misma madrugada del 25 de septiembre de 1963. \u00a0Y ese inmenso acierto pol\u00edtico trajo como consecuencia, que ante la muerte del inmenso Manolo, cuando el pueblo hubo de secarse las lagrimas y retomar su andar, no hubiera lucha en el pa\u00eds; no hubiera huelga, marcha, m\u00edtines, insurrecciones populares como la del 4 de mayo de 1964, donde las consignas reivindicativas de cada sector no fuera acompa\u00f1ada de la consigna de Constituci\u00f3n de 1963.<\/p>\n<p style=\"text-align: justify;\">De esta forma, el pueblo dominicano fue encontrando una consigna y objetivo pol\u00edticos que le diera rumbo a todas sus luchas, y un 24 de abril de 1965, como por arte de magia, el pa\u00eds se llen\u00f3 de lucha y determinaci\u00f3n, y una sola consigna retumb\u00f3 en calles, barrios, localidades, y cuarteles: Constituci\u00f3n de 1963 y Juan Bosch al poder.<\/p>\n<p style=\"text-align: justify;\">Se necesitaba un esp\u00edritu joven para ponerse a tono con el pueblo y con los tiempos. Un esp\u00edritu joven para asumir con valor esa comprensi\u00f3n. J\u00f3venes eran Manolo y \u0093los muchachos\u0094 del 1J4. J\u00f3venes \u0093los muchachos\u0094 de abril de 1965. J\u00f3venes los que aun hoy construimos Patria.<\/p>\n","protected":false},"excerpt":{"rendered":"<p>Fidelio Despradel (Hoy, 20-12-08) &nbsp; Les sorprender\u00e1 el titulo de este art\u00edculo. No hay nada fuera de lugar. Lo escribe un hombre de 70 a\u00f1os que se considera joven; tan joven como cuando ten\u00eda 23 y ocupaba la Secretaria de Organizaci\u00f3n del Comit\u00e9 Central del 14 de junio. Digo \u0093nosotros los j\u00f3venes\u0094 porque la juventud [&hellip;]<\/p>\n","protected":false},"author":1,"featured_media":11565,"comment_status":"open","ping_status":"open","sticky":false,"template":"","format":"standard","meta":{"footnotes":""},"categories":[5,12],"tags":[],"class_list":["post-11564","post","type-post","status-publish","format-standard","has-post-thumbnail","hentry","category-nacionales","category-politica-3"],"_links":{"self":[{"href":"https:\/\/debateplural.net\/site\/wp-json\/wp\/v2\/posts\/11564"}],"collection":[{"href":"https:\/\/debateplural.net\/site\/wp-json\/wp\/v2\/posts"}],"about":[{"href":"https:\/\/debateplural.net\/site\/wp-json\/wp\/v2\/types\/post"}],"author":[{"embeddable":true,"href":"https:\/\/debateplural.net\/site\/wp-json\/wp\/v2\/users\/1"}],"replies":[{"embeddable":true,"href":"https:\/\/debateplural.net\/site\/wp-json\/wp\/v2\/comments?post=11564"}],"version-history":[{"count":1,"href":"https:\/\/debateplural.net\/site\/wp-json\/wp\/v2\/posts\/11564\/revisions"}],"predecessor-version":[{"id":11566,"href":"https:\/\/debateplural.net\/site\/wp-json\/wp\/v2\/posts\/11564\/revisions\/11566"}],"wp:featuredmedia":[{"embeddable":true,"href":"https:\/\/debateplural.net\/site\/wp-json\/wp\/v2\/media\/11565"}],"wp:attachment":[{"href":"https:\/\/debateplural.net\/site\/wp-json\/wp\/v2\/media?parent=11564"}],"wp:term":[{"taxonomy":"category","embeddable":true,"href":"https:\/\/debateplural.net\/site\/wp-json\/wp\/v2\/categories?post=11564"},{"taxonomy":"post_tag","embeddable":true,"href":"https:\/\/debateplural.net\/site\/wp-json\/wp\/v2\/tags?post=11564"}],"curies":[{"name":"wp","href":"https:\/\/api.w.org\/{rel}","templated":true}]}}