{"id":11649,"date":"2016-10-19T10:35:49","date_gmt":"2016-10-19T14:35:49","guid":{"rendered":"http:\/\/www.debateplural.com\/?p=11649"},"modified":"2016-10-19T10:35:49","modified_gmt":"2016-10-19T14:35:49","slug":"suave-me-estas-matando","status":"publish","type":"post","link":"https:\/\/debateplural.net\/site\/2016\/10\/19\/suave-me-estas-matando\/","title":{"rendered":"Suave que me est\u00e1s matando"},"content":{"rendered":"<p><strong>Andr\u00e9s L. Mateo (Hoy, 17-4-13)<\/strong><\/p>\n<p>&nbsp;<\/p>\n<p style=\"text-align: justify;\">C\u00f3mo leer la pr\u00e1ctica del poder con la que <a href=\"http:\/\/localhost\/debateplural\/tag\/danilo-medina\">Danilo Medina<\/a> se ha desplegado en los \u00faltimos ocho meses en el pa\u00eds? \u00bfSi miramos la sociedad como un sistema de fuerzas y poderes, valdr\u00eda la pena preguntarse para qui\u00e9n ha gobernado este hombre taciturno y sereno? Y si la percepci\u00f3n es el dato sobre el que se va a sostener el lenguaje, \u00bfc\u00f3mo podr\u00edamos definir con palabras este gobierno? \u00bfNo es lo\u00a0 m\u00e1s digno de dudas su renuncia a la audacia, la muerte dulce de la rutina, el camino f\u00e1cil de los impuestos y los pr\u00e9stamos, golpeando como un pu\u00f1o invisible a la desvalijada peque\u00f1a burgues\u00eda dominicana, y a las clases\u00a0 m\u00e1s despose\u00eddas de la fortuna?<\/p>\n<p style=\"text-align: justify;\">Lo del \u0093Pu\u00f1o invisible\u0094 no es una met\u00e1fora. Danilo Medina anda saltando charquitos y cruzando alambradas, y es en verdad, su imagen todos los fines de semana, una preciosa noci\u00f3n del alma;\u00a0 pero en los supermercados, y los colmados de los barrios,\u00a0 los precios se han duplicado, en algunos casos casi triplicados; las farmacias son\u00a0 escenarios que te abollan la raz\u00f3n porque el costo de las medicinas te retumba en los t\u00edmpanos, y uno sabe si pagar lo que cuesta la receta o dejarse morir, porque la opci\u00f3n de ir a\u00a0 los hospitales p\u00fablicos es como arrojarse a uno de los anillos mitol\u00f3gicos del Infierno de Dante. Soy hipertenso, la medicina que compraba costaba ochocientos doce\u00a0 pesos, despu\u00e9s del paquetazo de Danilo pago\u00a0 mil treinta y tres, dos veces por mes.<\/p>\n<p style=\"text-align: justify;\">La leche en polvo que consum\u00eda costaba doscientos sesenta y nueve pesos, su valor ahora es de cuatrocientos sesenta y tres pesos, cuatro veces al mes. Y esto toca a todos los productos de consumo masivo, a los nueve incrementos de la gasolina, y a todo lo\u00a0 que entra en el circuito de la circulaci\u00f3n del mercado. He consultado a seis economistas pregunt\u00e1ndoles qu\u00e9 cantidad de dinero adicional hay que sumar al presupuesto familiar despu\u00e9s de la Reforma, y dependiendo de lo que perciba el n\u00facleo familiar, el monto se eleva de cuatro a seis mil pesos por familia. Ese \u0093pu\u00f1o invisible\u0094 es concreto, y desmonta el precario estado de bienestar que la peque\u00f1a burgues\u00eda hab\u00eda levantado, y arroja sobre el\u00a0 asistencialismo a los sectores m\u00e1s empobrecidos.<\/p>\n<p style=\"text-align: justify;\">Lo cierto es que, despu\u00e9s que Danilo Medina tom\u00f3 el poder,\u00a0 somos m\u00e1s pobres. Y todo tenemos que vivirlo\u00a0 en clave \u00e9pica. Por ejemplo, la colocaci\u00f3n de mil millones de d\u00f3lares en bonos en el mercado financiero se ha anunciado como un \u00e9xito del pa\u00eds, cuando es una derrota y un compromiso que ata a una deuda cuyo origen es obsceno, a generaciones de dominicanos que no han nacido todav\u00eda.<\/p>\n<p style=\"text-align: justify;\">Y si no separ\u00e1ramos el pensar del sentir, pudi\u00e9ramos afirmar que todo ese sacrificio del paquetazo, los empr\u00e9stitos que empe\u00f1an el futuro de los dominicanos, y la incertidumbre existencial en la que nos hundimos; son m\u00e1s dolorosos porque en rigor se han impuesto para escapar a la realidad del desfalco y la corrupci\u00f3n m\u00e1s burda de toda la historia dominicana, perpetrados por el gobierno anterior de su propio partido.<\/p>\n<p style=\"text-align: justify;\">Es indiscutible que el ejercicio de <a href=\"http:\/\/localhost\/debateplural\/tag\/gobierno\">gobierno <\/a>de Danilo Medina ha demostrado que el poder real escapa a las reglas del derecho, y que el sistema mismo es una manera de ejercer la violencia, de demostrar las asimetr\u00edas de la injusticia de una dominaci\u00f3n. De lo contrario, ahora tuvi\u00e9ramos juzgando a los culpables del d\u00e9ficit fiscal, a los corruptos, a los canallas que todav\u00eda est\u00e1n con rango de ministros; y observar\u00edamos a las normas jur\u00eddicas absorber a las normas morales.<\/p>\n<p style=\"text-align: justify;\">Danilo Medina gobierna sin pretensiones de mirar m\u00e1s atr\u00e1s (recu\u00e9rdese: \u0093no tirar piedras hacia atr\u00e1s\u0094), ni m\u00e1s adentro ni m\u00e1s all\u00e1. Su gobierno es una negaci\u00f3n de la audacia, ama el glamour del poder, pero reh\u00faye el sue\u00f1o de una sociedad perfectible. E incluso niega en la pr\u00e1ctica de la permisibilidad a la corrupci\u00f3n, el postulado de que el poder debe, por esencia, e idealmente, ejercerse con arreglo a un derecho fundamental (De Carlos Marx a Georges Canguilem, pasando por Habermas, Foucault, Deleuze, Chomsky, y muchos otros, este juicio es un lugar com\u00fan). Este gobierno es el limbo, mientras golpea.<\/p>\n<p style=\"text-align: justify;\">La peque\u00f1a burgues\u00eda se ahoga, el pueblo llano se abisma en el asistencialismo; tanto, que se le podr\u00eda cantar al presidente aquel tierno bolero que dec\u00eda: \u0093Suave que me est\u00e1s matando\u0085\u0094.<\/p>\n","protected":false},"excerpt":{"rendered":"<p>Andr\u00e9s L. Mateo (Hoy, 17-4-13) &nbsp; C\u00f3mo leer la pr\u00e1ctica del poder con la que Danilo Medina se ha desplegado en los \u00faltimos ocho meses en el pa\u00eds? \u00bfSi miramos la sociedad como un sistema de fuerzas y poderes, valdr\u00eda la pena preguntarse para qui\u00e9n ha gobernado este hombre taciturno y sereno? Y si la [&hellip;]<\/p>\n","protected":false},"author":1,"featured_media":0,"comment_status":"open","ping_status":"open","sticky":false,"template":"","format":"standard","meta":{"footnotes":""},"categories":[3,5],"tags":[31,36],"class_list":["post-11649","post","type-post","status-publish","format-standard","hentry","category-economia","category-nacionales","tag-danilo-medina","tag-gobierno"],"_links":{"self":[{"href":"https:\/\/debateplural.net\/site\/wp-json\/wp\/v2\/posts\/11649"}],"collection":[{"href":"https:\/\/debateplural.net\/site\/wp-json\/wp\/v2\/posts"}],"about":[{"href":"https:\/\/debateplural.net\/site\/wp-json\/wp\/v2\/types\/post"}],"author":[{"embeddable":true,"href":"https:\/\/debateplural.net\/site\/wp-json\/wp\/v2\/users\/1"}],"replies":[{"embeddable":true,"href":"https:\/\/debateplural.net\/site\/wp-json\/wp\/v2\/comments?post=11649"}],"version-history":[{"count":1,"href":"https:\/\/debateplural.net\/site\/wp-json\/wp\/v2\/posts\/11649\/revisions"}],"predecessor-version":[{"id":11651,"href":"https:\/\/debateplural.net\/site\/wp-json\/wp\/v2\/posts\/11649\/revisions\/11651"}],"wp:attachment":[{"href":"https:\/\/debateplural.net\/site\/wp-json\/wp\/v2\/media?parent=11649"}],"wp:term":[{"taxonomy":"category","embeddable":true,"href":"https:\/\/debateplural.net\/site\/wp-json\/wp\/v2\/categories?post=11649"},{"taxonomy":"post_tag","embeddable":true,"href":"https:\/\/debateplural.net\/site\/wp-json\/wp\/v2\/tags?post=11649"}],"curies":[{"name":"wp","href":"https:\/\/api.w.org\/{rel}","templated":true}]}}