{"id":11693,"date":"2016-10-21T09:37:04","date_gmt":"2016-10-21T13:37:04","guid":{"rendered":"http:\/\/www.debateplural.com\/?p=11693"},"modified":"2016-10-21T09:37:04","modified_gmt":"2016-10-21T13:37:04","slug":"rusia-no-combate-al-estado-islamico-explicar-la-liberacion-palmira","status":"publish","type":"post","link":"https:\/\/debateplural.net\/site\/2016\/10\/21\/rusia-no-combate-al-estado-islamico-explicar-la-liberacion-palmira\/","title":{"rendered":"\"Si Rusia no combate al Estado Isl\u00e1mico, \u00bfc\u00f3mo explicar la liberaci\u00f3n de Palmira?\""},"content":{"rendered":"<p style=\"text-align: justify;\">Pese a que <a href=\"http:\/\/localhost\/debateplural\/tag\/eeuu\">EEUU<\/a> lleva prometiendo desde febrero que diferenciar\u00e1 a las llamadas fuerzas rebeldes 'moderadas' de Al Qaeda, no ha podido hacerlo, denuncia Daniel McAdams, polit\u00f3logo y director ejecutivo del Instituto Paul Ron, en una entrevista a\u00a0RT.<\/p>\n<p style=\"text-align: justify;\">McAdams se muestra cr\u00edtico con las recientes declaraciones del secretario de Estado estadounidense,<a href=\"http:\/\/localhost\/debateplural\/tag\/john-kerry\"> John Kerry<\/a>, en las que calific\u00f3 los combates en Alepo como el \"peor desastre humanitario desde la Segunda Guerra Mundial\", a\u00f1adiendo que Rusia podr\u00eda detenerlo pero no lo hace, al tiempo que acusa a Mosc\u00fa de cometer \"cr\u00edmenes contra la humanidad\". Kerry tambi\u00e9n dijo que\u00a0<a href=\"http:\/\/localhost\/debateplural\/tag\/rusia\">Rusia<\/a> utiliza la presencia del Frente Al Nusra\u00a0y del <a href=\"http:\/\/localhost\/debateplural\/tag\/estado-islamico\">Estado Isl\u00e1mico<\/a>\u00a0en <a href=\"http:\/\/localhost\/debateplural\/tag\/siria\">Siria<\/a> como pretexto para el apoyo militar a Bashar al Assad.<\/p>\n<h3 style=\"text-align: justify;\">\"EE.UU. no ha sido\u00a0capaz de\u00a0desenredar a los terroristas de los moderados\"<\/h3>\n<p style=\"text-align: justify;\">Sin embargo, McAdams recuerda que el propio EE.UU.\u00a0reconoci\u00f3 que lo que Rusia est\u00e1 haciendo en el este de Alepo es luchar contra los terroristas\u00a0pero que los llamados 'moderados' y Al Qaeda\u00a0est\u00e1n\u00a0\"irremediablemente enredados\".<\/p>\n<p style=\"text-align: justify;\">En este sentido, el\u00a0polit\u00f3logo resalta que \"EE.UU. ha prometido desde febrero 'desenredarlos', pero no ha sido capaz de hacerlo\", as\u00ed que las palabras de Kerry \"no tienen sentido alguno\".<\/p>\n<p style=\"text-align: justify;\">En cuanto a la afirmaci\u00f3n de que Rusia no est\u00e1 luchando contra el Estado Isl\u00e1mico, el analista recuerda \"<strong>un peque\u00f1o lugar llamado Palmira<\/strong>\" fue liberado por Rusia de los terroristas a primeros de a\u00f1o, lo que supuso uno de los primeros \u00e9xitos en la expulsi\u00f3n del EI del pa\u00eds \u00e1rabe. Por lo tanto, el analista estima que, \"sencillamente, no es cre\u00edble\" lo que dice Kerry.<\/p>\n<div class=\"video-iframe tbafter\" style=\"text-align: justify;\">En opini\u00f3n del experto, Washington\u00a0\"est\u00e1 desesperado por seguir fingiendo que existe un grupo de llamados 'moderados', que pueden tomar el control de Siria y convertirla en un modelo de democracia\".Sin embargo, si bien hay \"unos peque\u00f1os grupos moderados\", el analista se pregunta \"<strong>si Washington considerar\u00eda 'moderado' cualquier grupo en EE.UU.<\/strong> que se levante en armas contra su propio Gobierno con el intento de derrocarlo\".<\/p>\n<p>Finalmente, respecto a las acusaciones de Kerry en contra de Rusia sobre Alepo y su afirmaci\u00f3n de que se trata del \"peor desastre humanitario desde la Segunda Guerra Mundial\", el polit\u00f3logo\u00a0critica\u00a0\"la hipocres\u00eda de EE.UU.\", que se olvida del alt\u00edsimo coste humano de las tres batallas en la ciudad iraqu\u00ed de Faluya: dos en 2004, durante la Guerra de Irak, y la \u00faltima este a\u00f1o, para liberar esta ciudad del EI.<\/p>\n<\/div>\n","protected":false},"excerpt":{"rendered":"<p>Pese a que EEUU lleva prometiendo desde febrero que diferenciar\u00e1 a las llamadas fuerzas rebeldes 'moderadas' de Al Qaeda, no ha podido hacerlo, denuncia Daniel McAdams, polit\u00f3logo y director ejecutivo del Instituto Paul Ron, en una entrevista a\u00a0RT. McAdams se muestra cr\u00edtico con las recientes declaraciones del secretario de Estado estadounidense, John Kerry, en las [&hellip;]<\/p>\n","protected":false},"author":1,"featured_media":7120,"comment_status":"open","ping_status":"open","sticky":false,"template":"","format":"standard","meta":{"footnotes":""},"categories":[14,12],"tags":[96,54,80,40,41],"class_list":["post-11693","post","type-post","status-publish","format-standard","has-post-thumbnail","hentry","category-internacionales","category-politica-3","tag-eeuu","tag-estado-islamico","tag-john-kerry","tag-rusia","tag-siria"],"_links":{"self":[{"href":"https:\/\/debateplural.net\/site\/wp-json\/wp\/v2\/posts\/11693"}],"collection":[{"href":"https:\/\/debateplural.net\/site\/wp-json\/wp\/v2\/posts"}],"about":[{"href":"https:\/\/debateplural.net\/site\/wp-json\/wp\/v2\/types\/post"}],"author":[{"embeddable":true,"href":"https:\/\/debateplural.net\/site\/wp-json\/wp\/v2\/users\/1"}],"replies":[{"embeddable":true,"href":"https:\/\/debateplural.net\/site\/wp-json\/wp\/v2\/comments?post=11693"}],"version-history":[{"count":1,"href":"https:\/\/debateplural.net\/site\/wp-json\/wp\/v2\/posts\/11693\/revisions"}],"predecessor-version":[{"id":11694,"href":"https:\/\/debateplural.net\/site\/wp-json\/wp\/v2\/posts\/11693\/revisions\/11694"}],"wp:featuredmedia":[{"embeddable":true,"href":"https:\/\/debateplural.net\/site\/wp-json\/wp\/v2\/media\/7120"}],"wp:attachment":[{"href":"https:\/\/debateplural.net\/site\/wp-json\/wp\/v2\/media?parent=11693"}],"wp:term":[{"taxonomy":"category","embeddable":true,"href":"https:\/\/debateplural.net\/site\/wp-json\/wp\/v2\/categories?post=11693"},{"taxonomy":"post_tag","embeddable":true,"href":"https:\/\/debateplural.net\/site\/wp-json\/wp\/v2\/tags?post=11693"}],"curies":[{"name":"wp","href":"https:\/\/api.w.org\/{rel}","templated":true}]}}