{"id":11757,"date":"2016-10-24T11:34:51","date_gmt":"2016-10-24T15:34:51","guid":{"rendered":"http:\/\/www.debateplural.com\/?p=11757"},"modified":"2016-10-24T11:34:51","modified_gmt":"2016-10-24T15:34:51","slug":"bloqueo-ee-uu-cuba-sigue-causando-danos-al-pueblo","status":"publish","type":"post","link":"https:\/\/debateplural.net\/site\/2016\/10\/24\/bloqueo-ee-uu-cuba-sigue-causando-danos-al-pueblo\/","title":{"rendered":"Bloqueo de EE.UU. a Cuba sigue causando da\u00f1os al pueblo"},"content":{"rendered":"<p><strong>Katu Arkonada (teleSur, 23-10-16)<\/strong><\/p>\n<p>&nbsp;<\/p>\n<p style=\"text-align: justify;\">Entrevista a Benigno P\u00e9rez, Embajador de la Rep\u00fablica de <a href=\"http:\/\/localhost\/debateplural\/tag\/cuba\">Cuba <\/a>en el Estado Plurinacional de<a href=\"http:\/\/localhost\/debateplural\/tag\/bolivia\"> Bolivia<\/a>.<\/p>\n<p style=\"text-align: justify;\"><strong>-El 26 de octubre se celebrar\u00e1 en Nueva York, en el marco de la Asamblea General de las Naciones Unidas, una nueva votaci\u00f3n contra el bloqueo econ\u00f3mico, comercial y financiero que <a href=\"http:\/\/localhost\/debateplural\/tag\/estados-unidos\">Estados Unidos<\/a> impone a Cuba. \u00bfCu\u00e1les son las perspectivas del gobierno cubano ante esta votaci\u00f3n?<\/strong><\/p>\n<p style=\"text-align: justify;\">El gobierno cubano espera recibir nuevamente el abrumador respaldo de la comunidad internacional a su reclamo por el levantamiento del Bloqueo, el cual persiste a pesar de que est\u00e1n por cumplirse dos a\u00f1os de la decisi\u00f3n de los gobiernos de Cuba y Estados Unidos de restablecer relaciones diplom\u00e1ticas y emprender un proceso hacia su normalizaci\u00f3n. La administraci\u00f3n del presidente <a href=\"http:\/\/localhost\/debateplural\/tag\/barack-obama\">Barack Obama<\/a> ha dado pasos en la direcci\u00f3n correcta, pero estos han sido muy limitados y el Bloqueo contin\u00faa pr\u00e1cticamente intacto y ocasionando innumerables da\u00f1os y privaciones al pueblo cubano. Por este motivo, aun cuando reconocemos los avances alcanzados con las medidas tomadas por el actual gobierno de Estados Unidos, continuaremos denunciando el car\u00e1cter injusto, criminal, genocida y extraterritorial del Bloqueoy exigiremos el levantamiento definitivo de esta pol\u00edtica, que viola los derechos humanos de los cubanos, el derecho internacional y que constituye el principal obst\u00e1culo al desarrollo de nuestro pa\u00eds.<\/p>\n<p style=\"text-align: justify;\">Internacionalmente, existe una enorme sensibilidad con la causa del pueblo cubano contra el Bloqueo. En 2015, la resoluci\u00f3n titulada \u201cNecesidad de poner fin al bloqueo econ\u00f3mico y financiero impuesto por Estados Unidos a Cuba\u201d, que present\u00f3 la Isla por vig\u00e9simo quinta vez consecutiva, obtuvo 191 votos a favor, solo dos en contra: Estados Unidos e Israel; y ninguna abstenci\u00f3n. Resulta incluso contradictorio que Estados Unidos vote contra la resoluci\u00f3n, cuando el gobierno norteamericano se ha posicionado a favor del levantamiento del Bloqueo. No obstante, este a\u00f1o, esperamos resultados similares y ojal\u00e1 el Congreso Estadounidense deje de hacer o\u00eddos sordos al reclamo pr\u00e1cticamente un\u00e1nime de la comunidad internacional y termine de una vez con esa pol\u00edtica prepotente e imperialista, que el propio Obama ha reconocido como obsoleta, y que afecta tambi\u00e9n a los ciudadanos norteamericanos y al resto del mundo dadas las limitaciones que impone al comercio y los negocios con Cuba.<\/p>\n<p style=\"text-align: justify;\"><strong>&#8211; En las redes sociales se est\u00e1 visibilizando las \u00faltimas semanas la campa\u00f1a Cuba vs Bloqueo, \u00bfqu\u00e9 nos puede contar de ella?<\/strong><\/p>\n<p style=\"text-align: justify;\">S\u00ed, este a\u00f1o la campa\u00f1a del pueblo cubano contra el Bloqueo ha sido intensa y din\u00e1mica. Se han desarrollado un gran n\u00famero de actividades para denunciar ante el mundo la persistencia de esta pol\u00edtica hostil y estas han recibido gran apoyo internacional, que se ha visibilizado en las redes sociales. Adem\u00e1s, en esta ocasi\u00f3n se ha habilitado la opci\u00f3n de votar contra el Bloqueo en el sitio web Cuba Vs Bloqueo [http:\/\/www.cubavsbloqueo.cu\/es] para que todas las personas solidarias con esta causa tengan la posibilidad de manifestarse de cara a la votaci\u00f3n en Naciones Unidas, donde el voto corresponder\u00e1 a los gobiernos. Exhortamos a todos a sumar su voto a trav\u00e9s del sitio y a promocionar la campa\u00f1a en las redes mediante las etiquetas #YoVotoVsBloqueo y #CubaVsBloqueo.<\/p>\n<p style=\"text-align: justify;\">Entre las actividades que mayor impacto han tenido en el marco de la campa\u00f1a est\u00e1n la Audiencia Parlamentaria contra el Bloqueo, ocasi\u00f3n en la cual los diputados de la Asamblea Nacional de Cuba denunciaron las afectaciones que sufre el pueblo cubano producto de este; y el Avispero contra el Bloqueo del pasado 17 de octubre, que fue protagonizado fundamentalmente por los j\u00f3venes universitarios cubanos. En Bolivia, organizaciones solidarias con Cuba organizaron tambi\u00e9n un avispero y enviaron numerosos mensajes de apoyo a nuestro pueblo a trav\u00e9s de las redes sociales. Agradecemos esta iniciativa, as\u00ed como el hist\u00f3rico respaldo del hermano pueblo boliviano a nuestra causa.<\/p>\n<p style=\"text-align: justify;\"><strong>&#8211; En los \u00faltimos a\u00f1os pareciera que la Revoluci\u00f3n Cubana est\u00e1 rompiendo otro bloqueo, el bloqueo diplom\u00e1tico al que ha sido sometida desde sus inicios. Prueba de ello es la Cumbre de la CELAC celebrada en La Habana y la participaci\u00f3n en la Cumbre de las Am\u00e9ricas de la OEA, el Ministerio de Colonias en palabras del Che. \u00bfC\u00f3mo se valora esto desde la Canciller\u00eda cubana?<\/strong><\/p>\n<p style=\"text-align: justify;\">Ciertamente, Cuba ha logrado romper el aislamiento diplom\u00e1tico, promovido por los Estados Unidos desde el mismo triunfo de la Revoluci\u00f3n cubana en 1959, y que tuvo entre sus momentos m\u00e1s ilustrativos la expulsi\u00f3n de Cuba de la OEA. Nuestra pol\u00edtica exterior basada en la solidaridad, el internacionalismo, el antimperialismo y el respeto a la soberan\u00eda de los Estados, ha ganado el reconocimiento y la admiraci\u00f3n de muchos pueblos y gobiernos, especialmente del Tercer Mundo. Cuba es fundador del Movimiento de Pa\u00edses No Alineados y como presidente de esta organizaci\u00f3n, fue anfitri\u00f3n de la exitosa Conferencia Cumbre de La Habana, celebrada en 1979.<\/p>\n<p style=\"text-align: justify;\">Es indiscutible que la llegada al poder de gobiernos progresistas y antimperialistas en Am\u00e9rica Latina y el Caribe, desafi\u00f3 la hegemon\u00eda de Estados Unidos en la regi\u00f3n, contribuy\u00f3 a una mayor inserci\u00f3n de Cuba en el contexto regional y posibilit\u00f3 el nacimiento de mecanismos de integraci\u00f3n y concertaci\u00f3n basados en los principios que hist\u00f3ricamente ha defendido Cuba. Nuestro pa\u00eds es uno de los principales actores dentro del proceso de integraci\u00f3n de Am\u00e9rica Latina y el Caribe, lo cual se evidenci\u00f3 en la celebraci\u00f3n de la Cumbre de la CELAC en La Habana en enero de 2014, cuyo resultado m\u00e1s trascendental fue la firma de la Proclama de Am\u00e9rica Latina y el Caribe como Zona de Paz, la cual establece los principios y reglas de convivencia, cooperaci\u00f3n y respeto entre nuestros Estados, que son aplicables tambi\u00e9n a las relaciones de Nuestra Am\u00e9rica con el hemisferio y el mundo.<\/p>\n<p style=\"text-align: justify;\">La presencia de Cuba en la Cumbre de las Am\u00e9ricas de Panam\u00e1 en 2015, respondi\u00f3 al reclamo casi un\u00e1nime de los pa\u00edses de la regi\u00f3n al derecho de nuestro pa\u00eds a participar en este foro y constituy\u00f3 un reconocimiento al gobierno revolucionario cubano.<\/p>\n<p style=\"text-align: justify;\"><strong>&#8211; El otro gran acontecimiento que ha movido la geopol\u00edtica continental es el restablecimiento de relaciones con Estados Unidos, y la visita de Obama a Cuba. \u00bfCu\u00e1l es la posici\u00f3n de Cuba frente a esto?<\/strong><\/p>\n<p style=\"text-align: justify;\">Bueno con los anuncios de los presidentes de ambos pa\u00edses el 17 de diciembre de 2014 de su decisi\u00f3n de restablecer las relaciones diplom\u00e1ticas, se inici\u00f3 un largo proceso que ha estado marcado por la voluntad pol\u00edtica de ambos gobiernos, pero tambi\u00e9n por profundas diferencias y un gran n\u00famero de asuntos pendientes, acumulados durante m\u00e1s de cinco d\u00e9cadas. El restablecimiento de las relaciones el 20 de julio de 2015, as\u00ed como la visita del presidente Barack Obama a La Habana en marzo de 2016 fueron pasos trascendentales en el proceso hacia la normalizaci\u00f3n de los v\u00ednculos bilaterales. Adem\u00e1s, se han registrado avances, principalmente en los asuntos diplom\u00e1ticos, el di\u00e1logo y la cooperaci\u00f3n y firma de acuerdos sobre cuestiones de inter\u00e9s com\u00fan.<\/p>\n<p style=\"text-align: justify;\">No obstante, no podr\u00e1n existir relaciones normales con Estados Unidos mientras persista el Bloqueo y este contin\u00fae causando graves da\u00f1os al pueblo cubano y obstaculizando el funcionamiento de nuestra econom\u00eda y nuestras relaciones con otros pa\u00edses. No pueden ser normales las relaciones mientras no sea devuelto a Cuba el territorio ilegalmente ocupado por la Base Naval de los Estados Unidos en Guant\u00e1namo, en contra de la voluntad de nuestro pueblo, as\u00ed como tampoco podr\u00e1n ser normales mientras el gobierno de ese pa\u00eds contin\u00fae destinando millones de d\u00f3lares a la subversi\u00f3n del orden interno de Cuba.<\/p>\n<p style=\"text-align: justify;\">El gobierno cubano tiene la mayor disposici\u00f3n de continuar desarrollando un di\u00e1logo respetuoso con el gobierno de Estados Unidos para seguir avanzando en lo que promete ser un largo camino hacia la normalizaci\u00f3n de nuestras relaciones, lo cual no podr\u00e1 significar nunca que olvidemos la historia, sino que logremos construir un modelo de relacionamiento totalmente nuevo en nuestra historia com\u00fan.<\/p>\n<p style=\"text-align: justify;\"><strong>&#8211; Adem\u00e1s de estos acontecimientos de cara al mundo, el otro elemento en clave interna es el proceso de actualizaci\u00f3n del modelo econ\u00f3mico. \u00bfC\u00f3mo se vive esto en las calles de la Isla?<\/strong><\/p>\n<p style=\"text-align: justify;\">El proceso de actualizaci\u00f3n del modelo socio-econ\u00f3mico cubano busca el desarrollo pr\u00f3spero y sostenible de la naci\u00f3n en medio de un escenario internacional marcado por tensiones econ\u00f3micas y financieras. Es una oportunidad para expandir la inversi\u00f3n extranjera en el pa\u00eds y nuestras relaciones econ\u00f3mico \u2013 comerciales. Su aplicaci\u00f3n se est\u00e1 realizando de manera gradual, sin terapias de choque ni retrocesos en las conquistas sociales de la Revoluci\u00f3n y ratificando el principio de no dejar a nadie desamparado.<\/p>\n<p style=\"text-align: justify;\">En toda Cuba se evidencia un incremento considerable de las cooperativas agropecuarias y no-agropecuarias y de peque\u00f1as empresas privadas. Los trabajadores de este sector de la econom\u00eda est\u00e1n protegidos por el sistema de seguridad social, con garant\u00edas para la jubilaci\u00f3n. En el sector estatal, se han logrado incrementos salariales, aunque en esta etapa, estos han estado encaminados a las actividades con resultados m\u00e1s eficientes y a la labor de aquellos trabajadores que aportan beneficios de impacto econ\u00f3mico y social.<\/p>\n<p style=\"text-align: justify;\">Adem\u00e1s, se perciben importantes avances en programas especiales de desarrollo, como los de la Zona Especial del Mariel, el ferrocarril, el trasvase acu\u00edfero en el oriente del pa\u00eds y la producci\u00f3n de materiales de la construcci\u00f3n y de la vivienda.<\/p>\n<p style=\"text-align: justify;\">Tambi\u00e9n se avanza en el \u00e1mbito legal, mediante la revisi\u00f3n integral del proceso de actualizaci\u00f3n y la aprobaci\u00f3n de normas jur\u00eddicas para dar respaldo a lo que se implementa. As\u00ed mismo, en el VII Congreso del Partido Comunista de Cuba se presentaron los proyectos del Plan Nacional de Desarrollo Econ\u00f3mico y Social hasta 2030 y de Conceptualizaci\u00f3n del Modelo Econ\u00f3mico y Social Cubano de Desarrollo Socialista, los cuales han sido sometidos a una amplia consulta p\u00fablica.<\/p>\n<p style=\"text-align: justify;\">Se trabaja en las Pol\u00edticas Macroecon\u00f3micas, entre las que sobresalen los estudios para la eliminaci\u00f3n de la dualidad monetaria y cambiaria y se han ampliado los accesos a cr\u00e9ditos. Se actualiz\u00f3 la Ley Tributaria y su Reglamento para una mejor distribuci\u00f3n de las riquezas que genera el pa\u00eds.<\/p>\n<p style=\"text-align: justify;\">Cuba tambi\u00e9n dedica esfuerzos a incrementar la eficiencia energ\u00e9tica y el aprovechamiento de las fuentes renovables de energ\u00eda, con vistas a introducir de forma progresiva un cambio en la estructura de la matriz energ\u00e9tica, reduciendo la dependencia de los combustibles f\u00f3siles, los costos energ\u00e9ticos y la contaminaci\u00f3n del medio ambiente. En el logro de este y otros objetivos estrat\u00e9gicos de desarrollo, juega un papel fundamental el incremento de la inversi\u00f3n extranjera, por lo que se puso en vigor una nueva ley que ofrece beneficios tributarios y garant\u00edas a los capitales invertidos, sin que el Estado pierda la soberan\u00eda de los recursos naturales y ambientales. Con la nueva Ley de Inversi\u00f3n Extranjera, se busca el acceso a tecnolog\u00edas de avanzada que eleven la productividad del pa\u00eds, la diversificaci\u00f3n y ampliaci\u00f3n de los mercados, la sustituci\u00f3n de importaciones, el acceso a financiamiento externo, la creaci\u00f3n de nuevas fuentes de empleo y la captaci\u00f3n de mayores ingresos.<\/p>\n<p style=\"text-align: justify;\"><strong>&#8211; \u00bfCuba seguir\u00e1 siendo socialista?<\/strong><\/p>\n<p style=\"text-align: justify;\">Por supuesto, Cuba seguir\u00e1 siendo un pa\u00eds socialista; en primer lugar, porque los cubanos nunca renunciaremos a los derechos que hemos conquistado gracias a la Revoluci\u00f3n, y tambi\u00e9n porque el car\u00e1cter irreversible del socialismo en Cuba est\u00e1 contemplado en la Constituci\u00f3n. En 2002, m\u00e1s de ocho millones de cubanos aprobaron un art\u00edculo constitucional que establece justamente eso, y por ley qued\u00f3 prohibida su modificaci\u00f3n. Por tanto, Cuba no tiene marcha atr\u00e1s al capitalismo.<\/p>\n<p style=\"text-align: justify;\">Por otro lado, Cuba debe insertarse en un mundo crecientemente complejo que impone nuevos niveles de desarrollo econ\u00f3mico y cambios estructurales, si bien estos tienen que ser acordes con los principios socialistas que defendemos. Los Lineamientos de la Pol\u00edtica Econ\u00f3mica y Social del Partido, son expresi\u00f3n de democracia socialista y de amplia participaci\u00f3n popular, y la actualizaci\u00f3n de nuestro modelo econ\u00f3mico se basa en la propiedad socialista de todo el pueblo sobre los medios fundamentales de producci\u00f3n, y en la preponderancia de la planificaci\u00f3n y no del marcado.<\/p>\n<p style=\"text-align: justify;\">El pueblo cubano ha resistido heroicamente agresiones de todo tipo y duras privaciones econ\u00f3micas en defensa de nuestro sistema socialista porque est\u00e1 consciente de que el regreso al capitalismo no ser\u00eda nunca soluci\u00f3n a nuestros problemas. De lo que se trata en estos momentos es de construir un socialismo m\u00e1s pr\u00f3spero y sustentable.<\/p>\n","protected":false},"excerpt":{"rendered":"<p>Katu Arkonada (teleSur, 23-10-16) &nbsp; Entrevista a Benigno P\u00e9rez, Embajador de la Rep\u00fablica de Cuba en el Estado Plurinacional de Bolivia. -El 26 de octubre se celebrar\u00e1 en Nueva York, en el marco de la Asamblea General de las Naciones Unidas, una nueva votaci\u00f3n contra el bloqueo econ\u00f3mico, comercial y financiero que Estados Unidos impone [&hellip;]<\/p>\n","protected":false},"author":1,"featured_media":11758,"comment_status":"open","ping_status":"open","sticky":false,"template":"","format":"standard","meta":{"footnotes":""},"categories":[14,12],"tags":[19,21,20,8],"class_list":["post-11757","post","type-post","status-publish","format-standard","has-post-thumbnail","hentry","category-internacionales","category-politica-3","tag-barack-obama","tag-bolivia","tag-cuba","tag-estados-unidos"],"_links":{"self":[{"href":"https:\/\/debateplural.net\/site\/wp-json\/wp\/v2\/posts\/11757"}],"collection":[{"href":"https:\/\/debateplural.net\/site\/wp-json\/wp\/v2\/posts"}],"about":[{"href":"https:\/\/debateplural.net\/site\/wp-json\/wp\/v2\/types\/post"}],"author":[{"embeddable":true,"href":"https:\/\/debateplural.net\/site\/wp-json\/wp\/v2\/users\/1"}],"replies":[{"embeddable":true,"href":"https:\/\/debateplural.net\/site\/wp-json\/wp\/v2\/comments?post=11757"}],"version-history":[{"count":1,"href":"https:\/\/debateplural.net\/site\/wp-json\/wp\/v2\/posts\/11757\/revisions"}],"predecessor-version":[{"id":11759,"href":"https:\/\/debateplural.net\/site\/wp-json\/wp\/v2\/posts\/11757\/revisions\/11759"}],"wp:featuredmedia":[{"embeddable":true,"href":"https:\/\/debateplural.net\/site\/wp-json\/wp\/v2\/media\/11758"}],"wp:attachment":[{"href":"https:\/\/debateplural.net\/site\/wp-json\/wp\/v2\/media?parent=11757"}],"wp:term":[{"taxonomy":"category","embeddable":true,"href":"https:\/\/debateplural.net\/site\/wp-json\/wp\/v2\/categories?post=11757"},{"taxonomy":"post_tag","embeddable":true,"href":"https:\/\/debateplural.net\/site\/wp-json\/wp\/v2\/tags?post=11757"}],"curies":[{"name":"wp","href":"https:\/\/api.w.org\/{rel}","templated":true}]}}