{"id":11795,"date":"2016-10-25T12:03:27","date_gmt":"2016-10-25T16:03:27","guid":{"rendered":"http:\/\/www.debateplural.com\/?p=11795"},"modified":"2016-10-25T12:03:27","modified_gmt":"2016-10-25T16:03:27","slug":"moscu-no-lograran-despedazar-la-economia-rusia","status":"publish","type":"post","link":"https:\/\/debateplural.net\/site\/2016\/10\/25\/moscu-no-lograran-despedazar-la-economia-rusia\/","title":{"rendered":"Mosc\u00fa: \"No lograr\u00e1n despedazar la econom\u00eda de Rusia\""},"content":{"rendered":"<p style=\"text-align: justify;\">\"Los intentos de recurrir a castigos ni han tenido ni tendr\u00e1n ning\u00fan resultado. No se lograr\u00e1 <strong>despedazar la econom\u00eda rusa<\/strong>, tal como Washington nos prometi\u00f3 hace dos a\u00f1os\", seg\u00fan ha se\u00f1alado el ministro de Exteriores de <a href=\"http:\/\/localhost\/debateplural\/tag\/rusia\">Rusia<\/a>,\u00a0Sergu\u00e9i Lavrov,\u00a0durante una intervenci\u00f3n ante la Asociaci\u00f3n Europea de Negocios, informa TASS.<\/p>\n<h3>\"Erradicar la amenaza terrorista\"<\/h3>\n<p style=\"text-align: justify;\">Refiri\u00e9ndose al sangriento conflicto sirio, el diplom\u00e1tico ha apuntado que Rusia siempre ha abogado por una soluci\u00f3n r\u00e1pida y pac\u00edfica.\u00a0Seg\u00fan Lavrov, Rusia considera que la eliminaci\u00f3n de la amenaza terrorista en <a href=\"http:\/\/localhost\/debateplural\/tag\/siria\">Siria<\/a>\u00a0es uno de los objetivos m\u00e1s importantes.\u00a0\"Entre las tareas fundamentales vemos la <strong>erradicaci\u00f3n total de la amenaza terrorista<\/strong> en el territorio de este pa\u00eds y el inicio en paralelo de un proceso pol\u00edtico total en base a la resoluci\u00f3n del Consejo de Seguridad de la ONU, en base a las decisiones aprobadas en el marco del Grupo de Apoyo Internacional a Siria\", ha subrayado.<\/p>\n<p style=\"text-align: justify;\">El alto cargo ruso tambi\u00e9n ha destacado que EE.UU. no cumple con sus compromisos en Siria: \"Una condici\u00f3n muy importante es la separaci\u00f3n total y sin demora de la llamada oposici\u00f3n moderada siria del <a href=\"http:\/\/localhost\/debateplural\/tag\/estado-islamico\">Estado Isl\u00e1mico<\/a>, Frente al Nusra\u00a0y otros grupos; nuestros socios norteamericanos prometieron hacerlo ocho meses atr\u00e1s y hasta el momento no ha pasado nada\".<\/p>\n<h3>\"Queremos que la UE sea unida e independiente\"<\/h3>\n<p style=\"text-align: justify;\">Sin embargo,\u00a0todas las <strong>iniciativas rusas son bloqueadas<\/strong> \"por algunos pa\u00edses miembros de la Uni\u00f3n Europea\", cree el canciller ruso. \"Hemos dicho m\u00e1s que una vez que queremos que la Uni\u00f3n Europea sea fuerte, unida e independiente. Estamos convencidos de que se pueden realizar proyectos muy importantes\", ha declarado.<\/p>\n<p style=\"text-align: justify;\">Mosc\u00fa tambi\u00e9n lamenta\u00a0que la <a href=\"http:\/\/localhost\/debateplural\/tag\/ue\">UE<\/a> se haya negado a cooperar con Rusia en la lucha contra el terrorismo.\u00a0\"Lamentamos que nuestros socios europeos renunciaran a la cooperaci\u00f3n con nosotros en el \u00e1mbito de la lucha antiterrorista al igual que en muchas otras \u00e1reas\", ha dicho Lavrov.<\/p>\n<h3>\"Indecente, deshonroso, c\u00ednico\"<\/h3>\n<p style=\"text-align: justify;\">Seg\u00fan el ministro, Siria se ha convertido en un tema que puede ser usado por los <strong>rus\u00f3fobos occidentales<\/strong> que \"se aprovechan del sufrimiento de la gente, de los aspectos humanitarios de la crisis siria\". \"Tratan de involucrar a todos los rus\u00f3fobos en una campa\u00f1a medi\u00e1tica [contra Rusia]. Es indecente, deshonroso, c\u00ednico. Espero que todos lo entiendan\", ha destacado.<\/p>\n<p style=\"text-align: justify;\">No obstante, el jefe de diplomacia rusa duda que este entendimiento se tenga en cuenta a la hora de adoptar decisiones concretas y que sirva para invertir la pol\u00edtica antirrusa de algunos pa\u00edses europeos: \"<strong>Es muy dif\u00edcil de anticipar<\/strong>, teniendo en cuenta lo que ha pasado en los \u00faltimos a\u00f1os\".<\/p>\n","protected":false},"excerpt":{"rendered":"<p>\"Los intentos de recurrir a castigos ni han tenido ni tendr\u00e1n ning\u00fan resultado. No se lograr\u00e1 despedazar la econom\u00eda rusa, tal como Washington nos prometi\u00f3 hace dos a\u00f1os\", seg\u00fan ha se\u00f1alado el ministro de Exteriores de Rusia,\u00a0Sergu\u00e9i Lavrov,\u00a0durante una intervenci\u00f3n ante la Asociaci\u00f3n Europea de Negocios, informa TASS. \"Erradicar la amenaza terrorista\" Refiri\u00e9ndose al sangriento [&hellip;]<\/p>\n","protected":false},"author":1,"featured_media":6956,"comment_status":"open","ping_status":"open","sticky":false,"template":"","format":"standard","meta":{"footnotes":""},"categories":[14],"tags":[54,40,41,52],"class_list":["post-11795","post","type-post","status-publish","format-standard","has-post-thumbnail","hentry","category-internacionales","tag-estado-islamico","tag-rusia","tag-siria","tag-ue"],"_links":{"self":[{"href":"https:\/\/debateplural.net\/site\/wp-json\/wp\/v2\/posts\/11795"}],"collection":[{"href":"https:\/\/debateplural.net\/site\/wp-json\/wp\/v2\/posts"}],"about":[{"href":"https:\/\/debateplural.net\/site\/wp-json\/wp\/v2\/types\/post"}],"author":[{"embeddable":true,"href":"https:\/\/debateplural.net\/site\/wp-json\/wp\/v2\/users\/1"}],"replies":[{"embeddable":true,"href":"https:\/\/debateplural.net\/site\/wp-json\/wp\/v2\/comments?post=11795"}],"version-history":[{"count":1,"href":"https:\/\/debateplural.net\/site\/wp-json\/wp\/v2\/posts\/11795\/revisions"}],"predecessor-version":[{"id":11796,"href":"https:\/\/debateplural.net\/site\/wp-json\/wp\/v2\/posts\/11795\/revisions\/11796"}],"wp:featuredmedia":[{"embeddable":true,"href":"https:\/\/debateplural.net\/site\/wp-json\/wp\/v2\/media\/6956"}],"wp:attachment":[{"href":"https:\/\/debateplural.net\/site\/wp-json\/wp\/v2\/media?parent=11795"}],"wp:term":[{"taxonomy":"category","embeddable":true,"href":"https:\/\/debateplural.net\/site\/wp-json\/wp\/v2\/categories?post=11795"},{"taxonomy":"post_tag","embeddable":true,"href":"https:\/\/debateplural.net\/site\/wp-json\/wp\/v2\/tags?post=11795"}],"curies":[{"name":"wp","href":"https:\/\/api.w.org\/{rel}","templated":true}]}}