{"id":11913,"date":"2016-10-31T10:52:06","date_gmt":"2016-10-31T14:52:06","guid":{"rendered":"http:\/\/www.debateplural.com\/?p=11913"},"modified":"2016-10-31T10:52:06","modified_gmt":"2016-10-31T14:52:06","slug":"quien-quieren-enganar-ee-uu-busca-revivir-dia-d-dos-paises-la-vez","status":"publish","type":"post","link":"https:\/\/debateplural.net\/site\/2016\/10\/31\/quien-quieren-enganar-ee-uu-busca-revivir-dia-d-dos-paises-la-vez\/","title":{"rendered":"\"\u00bfA qui\u00e9n quieren enga\u00f1ar?\": EE.UU. busca revivir el 'D\u00eda D' en dos pa\u00edses a la vez\""},"content":{"rendered":"<p style=\"text-align: justify;\">Apenas iniciada la ofensiva para liberar del <a href=\"http:\/\/localhost\/debateplural\/tag\/estado-islamico\">Estado Isl\u00e1mico<\/a> la ciudad iraqu\u00ed de Mosul, el Ej\u00e9rcito estadounidense y sus aliados se encuentran ya pensando en <strong>librar una batalla paralela en otra de las importantes ciudades controladas por los yihadistas: la siria Raqqa<\/strong>. A pesar de ello, \"el problema es que nadie se pone de acuerdo sobre qui\u00e9n deber\u00eda pelear aquel combate\", destaca Bloomberg.<\/p>\n<p style=\"text-align: justify;\">Seg\u00fan la agencia, que cita la opini\u00f3n del comandante de la operaci\u00f3n estadounidense contra el Estado Isl\u00e1mico, <strong>el \u00fanico grupo capaz y listo para llevar a cabo una batalla de este tipo es el de las Fuerzas Democr\u00e1ticas Sirias<\/strong>, las cuales est\u00e1n compuestas principalmente por combatientes kurdos.<\/p>\n<h3 style=\"text-align: justify;\">Un poderoso juego geopol\u00edtico<\/h3>\n<p style=\"text-align: justify;\">La analista pol\u00edtica, escritora y comentarista especializada en Oriente Medio Catherine Shakdam se muestra esc\u00e9ptica en una nota para RT sobre el \u00e9xito que podr\u00eda obtener este tipo de operaciones. \"\u00bfDesean revivir el 'D\u00eda D' pero no en un pa\u00eds sino en dos a la vez? (&#8230;)\u00a0 \u00bfA qui\u00e9n quieren enga\u00f1ar?\", se pregunta Shakdam, quien considera que las promesas para liberar al mundo del Estado Isl\u00e1mico pueden sonar m\u00e1s como <strong>una oferta de campa\u00f1a en \u00e9poca de elecciones presidenciales<\/strong>.<\/p>\n<p style=\"text-align: justify;\">Seg\u00fan la analista, la respuesta que tiene <a href=\"http:\/\/localhost\/debateplural\/tag\/eeuu\">EEUU<\/a> para destruir al terrorismo reposa en el movimiento kurdo. Algo que de convertirse en realidad <strong>podr\u00eda activar ciertas delicadas disputas y tensiones geopol\u00edticas en la regi\u00f3n<\/strong>. Considera que una victoria de los militantes kurdos en territorio sirio e iraqu\u00ed podr\u00eda representar un ataque directo contra la integridad territorial de <a href=\"http:\/\/localhost\/debateplural\/tag\/turquia\">Turqu\u00eda<\/a>, algo que no ser\u00eda muy bien visto por el Gobierno del presidente <a href=\"http:\/\/localhost\/debateplural\/tag\/Recep-Tayyip-Erdogan\">Recep Tayyip Erdogan<\/a>.<\/p>\n<p style=\"text-align: justify;\">Estas arriesgadas acciones, seg\u00fan Shakdam, se estar\u00edan tomando para lograr una victoria que quedara fuera del control de Damasco y del Gobierno de Bashar al Assad, que Rusia apoya. \"El cari\u00f1o por los kurdos es en realidad un deseo de EE.UU. de proyectar una pol\u00edtica controlada en el Oriente Medio, mientras que la resistencia se ha convertido en un movimiento geopol\u00edtico palpable\", considera Shakdam.<\/p>\n","protected":false},"excerpt":{"rendered":"<p>Apenas iniciada la ofensiva para liberar del Estado Isl\u00e1mico la ciudad iraqu\u00ed de Mosul, el Ej\u00e9rcito estadounidense y sus aliados se encuentran ya pensando en librar una batalla paralela en otra de las importantes ciudades controladas por los yihadistas: la siria Raqqa. A pesar de ello, \"el problema es que nadie se pone de acuerdo [&hellip;]<\/p>\n","protected":false},"author":1,"featured_media":7342,"comment_status":"open","ping_status":"open","sticky":false,"template":"","format":"standard","meta":{"footnotes":""},"categories":[14,12],"tags":[96,54,81,51],"class_list":["post-11913","post","type-post","status-publish","format-standard","has-post-thumbnail","hentry","category-internacionales","category-politica-3","tag-eeuu","tag-estado-islamico","tag-recep-tayyip-erdogan","tag-turquia"],"_links":{"self":[{"href":"https:\/\/debateplural.net\/site\/wp-json\/wp\/v2\/posts\/11913"}],"collection":[{"href":"https:\/\/debateplural.net\/site\/wp-json\/wp\/v2\/posts"}],"about":[{"href":"https:\/\/debateplural.net\/site\/wp-json\/wp\/v2\/types\/post"}],"author":[{"embeddable":true,"href":"https:\/\/debateplural.net\/site\/wp-json\/wp\/v2\/users\/1"}],"replies":[{"embeddable":true,"href":"https:\/\/debateplural.net\/site\/wp-json\/wp\/v2\/comments?post=11913"}],"version-history":[{"count":1,"href":"https:\/\/debateplural.net\/site\/wp-json\/wp\/v2\/posts\/11913\/revisions"}],"predecessor-version":[{"id":11914,"href":"https:\/\/debateplural.net\/site\/wp-json\/wp\/v2\/posts\/11913\/revisions\/11914"}],"wp:featuredmedia":[{"embeddable":true,"href":"https:\/\/debateplural.net\/site\/wp-json\/wp\/v2\/media\/7342"}],"wp:attachment":[{"href":"https:\/\/debateplural.net\/site\/wp-json\/wp\/v2\/media?parent=11913"}],"wp:term":[{"taxonomy":"category","embeddable":true,"href":"https:\/\/debateplural.net\/site\/wp-json\/wp\/v2\/categories?post=11913"},{"taxonomy":"post_tag","embeddable":true,"href":"https:\/\/debateplural.net\/site\/wp-json\/wp\/v2\/tags?post=11913"}],"curies":[{"name":"wp","href":"https:\/\/api.w.org\/{rel}","templated":true}]}}