{"id":11924,"date":"2016-10-31T12:18:01","date_gmt":"2016-10-31T16:18:01","guid":{"rendered":"http:\/\/www.debateplural.com\/?p=11924"},"modified":"2016-10-31T12:21:05","modified_gmt":"2016-10-31T16:21:05","slug":"juan-pablo-duarte-rostro-la-patria","status":"publish","type":"post","link":"https:\/\/debateplural.net\/site\/2016\/10\/31\/juan-pablo-duarte-rostro-la-patria\/","title":{"rendered":"Juan Pablo Duarte: El rostro de la patria"},"content":{"rendered":"<p><strong>Arismendy Calder\u00f3n (Hoy, 2-2-13)<\/strong><\/p>\n<p>&nbsp;<\/p>\n<p style=\"text-align: justify;\">La idea\u00a0original de retratar al padre fundador de la <a href=\"http:\/\/localhost\/debateplural\/tag\/republica-dominicana\">Rep\u00fablica Dominicana<\/a> surgi\u00f3 del extinto profesor Juan Bosch, una c\u00e1lida tarde, cuando\u00a0 en medio de\u00a0 una amena conversaci\u00f3n el veterano educador y pol\u00edtico le coment\u00f3 a Miguel N\u00fa\u00f1ez: \u00bfPor qu\u00e9 no pintas a Juan Pablo Duarte?<\/p>\n<p style=\"text-align: justify;\">N\u00fa\u00f1ez, un poco sorprendido, medit\u00f3 varios segundos antes de contestar:\u00a0 \u0093Profesor, no tengo las bases\u00a0 para pintar a Duarte, porque las im\u00e1genes que observo del\u00a0 patricio en lugares oficiales, en escuelas,\u00a0 son de un Duarte muy diferente y hay una gran dicotom\u00eda entre las im\u00e1genes que, hasta ese momento, conozco del fundador de La Trinitaria\u0094.<\/p>\n<p style=\"text-align: justify;\">Se produjo un brev\u00edsimo silencio.\u00a0 Miguel N\u00fa\u00f1ez, amigo personal de Bosch, estaba inmerso en la tarea de una serie de retratos al l\u00edder pol\u00edtico que culmin\u00f3 posteriormente con la colecci\u00f3n iconogr\u00e1fica \u0093Juan Bosch\u0094. Su interlocutor\u00a0 coment\u00f3:\u00a0 \u0093Existe una foto original de Duarte, la \u00fanica, que la tom\u00f3 el fot\u00f3grafo espa\u00f1ol\u00a0 Pr\u00f3spero Rey, quien vivi\u00f3\u00a0 muchos a\u00f1os en Caracas, en la \u00e9poca en que Duarte vivi\u00f3 en <a href=\"http:\/\/localhost\/debateplural\/tag\/venezuela\">Venezuela<\/a>\u0094.<\/p>\n<p style=\"text-align: justify;\">As\u00ed naci\u00f3 la idea, en los umbrales de los a\u00f1os 90. Pas\u00f3 el tiempo y la idea de retratar a Duarte cobraba fuerzas. A partir de entonces comenzaron los contactos\u00a0 para\u00a0 localizar la fotograf\u00eda hist\u00f3rica que le tom\u00f3\u00a0 Pr\u00f3spero Rey a\u00a0 Duarte\u00a0 en 1873. Tres a\u00f1os despu\u00e9s, el 15 de julio de 1876, falleci\u00f3.<\/p>\n<p style=\"text-align: justify;\">La foto de Duarte es la \u00fanica verdad documentada que existe. Fue trasladada a la Rep\u00fablica Dominicana por Prudencio D\u00edez, t\u00edo de Duarte. El historiador Jos\u00e9 Gabriel\u00a0 Garc\u00eda la conserv\u00f3 durante un tiempo. De all\u00ed pas\u00f3 al Archivo General de la\u00a0 Naci\u00f3n, instituci\u00f3n que facilit\u00f3 la fotograf\u00eda a\u00a0 Miguel N\u00fa\u00f1ez.\u00a0 De esa forma, el proyecto tom\u00f3 forma y el retratista se embarc\u00f3 en la entusiasta tarea que dio como resultado la colecci\u00f3n patri\u00f3tica. Parte de su trabajo se exhibir\u00e1\u00a0 en el Congreso Nacional hasta el 28 de febrero pr\u00f3ximo, con motivo del bicentenario del nacimiento del patricio.<\/p>\n<p style=\"text-align: justify;\">\u0093Entend\u00ed\u00a0 desde un principio que deb\u00eda hacer un retrato de Duarte. No quer\u00eda hacer una figura a\u00e9rea,\u00a0 de mirada perdida, ni menos una figura celestial, parecida a un santo.\u00a0 Hacer un retrato con esas caracter\u00edsticas desvinculaba al fundador de la Rep\u00fablica Dominicana del ser humano\u0094.<\/p>\n<p style=\"text-align: justify;\">N\u00fa\u00f1ez afil\u00f3 su talento de retratista,\u00a0 agudiz\u00f3 sus sentidos y\u00a0 puso mano a la obra para lograr lo que se propuso: pintar a un Juan Pablo Duarte \u0093de carne y hueso\u0094,\u00a0 del siglo XXI, un patricio vinculado a los estudios, a los libros, vinculado a la ciudad, a las ventanas, con cielos abiertos, un Duarte sentado, de pie,\u00a0 reflexionando,\u00a0 recibiendo los rayos solares y de cara a la ciudad intramuros, \u0093la Ciudad del Ozama\u0094, donde vivi\u00f3 y la que ador\u00f3.<\/p>\n<p style=\"text-align: justify;\">\u0093Comenc\u00e9 a trabajar lo que mucha gente ha llamado un banco de imagen de Duarte, una ilusi\u00f3n para un artista, porque todos los artistas tenemos una ilusi\u00f3n. Confieso que la figura de Duarte me produjo, por primera vez, sent\u00ed un sentimiento profundo, sent\u00ed que mis pinturas, adem\u00e1s de deleitar\u00a0 con el color, los paisajes, las monta\u00f1as, las palmeras, las bailarinas, la Ciudad Colonial, los parques, las iglesias, las procesiones, ten\u00edan trascendencia, es decir, de alguna manera los retratos de Duarte son, al menos visualmente, educativos y despertar\u00edan la conciencia entre los dominicanos\u0094.<\/p>\n<p style=\"text-align: justify;\">De modo que\u00a0 Miguel N\u00fa\u00f1ez,\u00a0 lleno de entusiasmo, sinti\u00f3 que trabajaba en un proyecto profundo, serio, hist\u00f3rico, patri\u00f3tico y\u00a0 educativo. La labor\u00a0 de retratista del patricio tiene consecuencias para el pintor de 54 a\u00f1os, quien ha presentado 15 exposiciones individuales elogiadas y valoradas por la cr\u00edtica.<\/p>\n<p style=\"text-align: justify;\">\u0093Esto me ha costado mucho sacrificio porque he tenido que colocar a un lado las pinturas comerciales que hago para concentrarme, de forma permanente, a este trabajo. Esto conlleva un proceso de investigaci\u00f3n de Duarte, de su obra, su personalidad, los aspectos familiares y sobre todo la parte humana\u0094.<\/p>\n<p style=\"text-align: justify;\"><strong>Originalidad del trabajo<\/strong><\/p>\n<p style=\"text-align: justify;\">N\u00fa\u00f1ez muestra orgullo cuando habla de la colecci\u00f3n de retratos de Duarte, o \u0093banco de imagen\u0094, formada por una exquisita colecci\u00f3n de obras de distintos formatos, realizadas expresamente con materiales de alta calidad, desde los \u00f3leos, lienzos y los marcos de las piezas, elaborados en un 80 por ciento de caoba centenaria.<\/p>\n<p style=\"text-align: justify;\">\u0093Procur\u00e9 que el enmarcado tuviera dignidad y que las obras sobrevivan a los siglos. Esa fue una de mis principales preocupaciones, independientemente de toda la capacidad, el empe\u00f1o, los recursos t\u00e9cnico-pict\u00f3ricos empleados, la retrat\u00edstica y\u00a0 los materiales empleados.<\/p>\n<p style=\"text-align: justify;\">\u00bfQu\u00e9 imagen del patricio ten\u00edas en mente cuando observaste la fotograf\u00eda original por primera vez?\u00a0 N\u00fa\u00f1ez recuerda que le impact\u00f3 la foto, porque ya eran visibles en Duarte los s\u00edntomas de la edad, de la tuberculosis y de otros quebrantos de salud.<\/p>\n<p style=\"text-align: justify;\">\u0093Era la figura de un hombre que estaba a pocos pasos de la tumba. Estaba muy delgado, disminuido, con el cuello tan delgado que el corbat\u00edn estaba a un lado y no ajustaba. Me impresion\u00f3 bastante y decid\u00ed trabajar con el Duarte de La Trinitaria, con el Duarte de la Filantr\u00f3pica\u0094.<\/p>\n<p style=\"text-align: justify;\">El retratista confiesa que siente un profundo respeto por la iconograf\u00eda duartiana de otros\u00a0 artistas, elaboradas a trav\u00e9s de los a\u00f1os y, algunas de ellas, basadas s\u00f3lo en recuerdos.<\/p>\n<p style=\"text-align: justify;\"><strong>Ajustes necesarios<\/strong><\/p>\n<p style=\"text-align: justify;\">\u0093Debo aclarar, como retratista, que fue necesario hacer ajustes\u00a0 para pintar a un Duarte m\u00e1s joven. Yo quise retratar a un Duarte de 50 a 55 a\u00f1os, es decir, una edad promedio, quit\u00e1ndole un poco los s\u00edntomas de las enfermedades que padec\u00eda.<\/p>\n<p style=\"text-align: justify;\">Me he sentido muy complacido en este Bicentenario de Juan Pablo Duarte, por todo el entusiasmo que ha mostrado la poblaci\u00f3n dominicana y por todo el espacio que se abre para la reflexi\u00f3n\u00a0 con relaci\u00f3n a nuestra identidad.<\/p>\n<p style=\"text-align: justify;\">El Duarte que hemos querido hacer, de carne y hueso, optimista, vinculado al conocimiento, a los libros, es para que quede en la conciencia del dominicano y de una manera visual aprendamos a conocer el verdadero rostro de la patria.<\/p>\n<p style=\"text-align: justify;\">Yo, a trav\u00e9s de las im\u00e1genes y de manera verbal, exhorto a los j\u00f3venes a ir al encuentro de Duarte, que comencemos a investigar a Duarte para que muchos que a\u00fan no lo aman, empiecen a\u00a0 admirarlo y respetarlo como el fundador de la Rep\u00fablica, como padre de nuestra nacionalidad\u0094.<\/p>\n","protected":false},"excerpt":{"rendered":"<p>Arismendy Calder\u00f3n (Hoy, 2-2-13) &nbsp; La idea\u00a0original de retratar al padre fundador de la Rep\u00fablica Dominicana surgi\u00f3 del extinto profesor Juan Bosch, una c\u00e1lida tarde, cuando\u00a0 en medio de\u00a0 una amena conversaci\u00f3n el veterano educador y pol\u00edtico le coment\u00f3 a Miguel N\u00fa\u00f1ez: \u00bfPor qu\u00e9 no pintas a Juan Pablo Duarte? N\u00fa\u00f1ez, un poco sorprendido, medit\u00f3 [&hellip;]<\/p>\n","protected":false},"author":1,"featured_media":11925,"comment_status":"open","ping_status":"open","sticky":false,"template":"","format":"standard","meta":{"footnotes":""},"categories":[5,17],"tags":[6,10],"class_list":["post-11924","post","type-post","status-publish","format-standard","has-post-thumbnail","hentry","category-nacionales","category-sociedad","tag-republica-dominicana","tag-venezuela"],"_links":{"self":[{"href":"https:\/\/debateplural.net\/site\/wp-json\/wp\/v2\/posts\/11924"}],"collection":[{"href":"https:\/\/debateplural.net\/site\/wp-json\/wp\/v2\/posts"}],"about":[{"href":"https:\/\/debateplural.net\/site\/wp-json\/wp\/v2\/types\/post"}],"author":[{"embeddable":true,"href":"https:\/\/debateplural.net\/site\/wp-json\/wp\/v2\/users\/1"}],"replies":[{"embeddable":true,"href":"https:\/\/debateplural.net\/site\/wp-json\/wp\/v2\/comments?post=11924"}],"version-history":[{"count":2,"href":"https:\/\/debateplural.net\/site\/wp-json\/wp\/v2\/posts\/11924\/revisions"}],"predecessor-version":[{"id":11929,"href":"https:\/\/debateplural.net\/site\/wp-json\/wp\/v2\/posts\/11924\/revisions\/11929"}],"wp:featuredmedia":[{"embeddable":true,"href":"https:\/\/debateplural.net\/site\/wp-json\/wp\/v2\/media\/11925"}],"wp:attachment":[{"href":"https:\/\/debateplural.net\/site\/wp-json\/wp\/v2\/media?parent=11924"}],"wp:term":[{"taxonomy":"category","embeddable":true,"href":"https:\/\/debateplural.net\/site\/wp-json\/wp\/v2\/categories?post=11924"},{"taxonomy":"post_tag","embeddable":true,"href":"https:\/\/debateplural.net\/site\/wp-json\/wp\/v2\/tags?post=11924"}],"curies":[{"name":"wp","href":"https:\/\/api.w.org\/{rel}","templated":true}]}}