{"id":11963,"date":"2016-11-02T11:34:57","date_gmt":"2016-11-02T15:34:57","guid":{"rendered":"http:\/\/www.debateplural.com\/?p=11963"},"modified":"2016-11-02T11:34:57","modified_gmt":"2016-11-02T15:34:57","slug":"franklin-franco-la-pluma-no-tuvo-precio","status":"publish","type":"post","link":"https:\/\/debateplural.net\/site\/2016\/11\/02\/franklin-franco-la-pluma-no-tuvo-precio\/","title":{"rendered":"Franklin Franco, la pluma que no tuvo precio"},"content":{"rendered":"<p><strong>Santa Marte (Listin, 2-9-13)\u00a0<\/strong><\/p>\n<p>&nbsp;<\/p>\n<p style=\"text-align: justify;\">Su vida transcurri\u00f3 entre la lectura, la investigaci\u00f3n y la c\u00e1tedra, a la que le dedic\u00f3 alrededor de 50 a\u00f1os de su vida, y de la que se nutrieron miles de estudiantes y profesionales dominicanos.<\/p>\n<p style=\"text-align: justify;\">Hoy muchos dominicanos, amigos y colaboradores recuerdan con nostalgia los momentos que les dedic\u00f3 Franklin Franco para orientarlos sobre historia e investigaci\u00f3n, para lo que nunca dec\u00eda que no cuando de transmitir conocimiento se trataba.<\/p>\n<p style=\"text-align: justify;\">Su amor por los libros lo llev\u00f3 a instalar una librer\u00eda en El Conde, la que a\u00f1os despu\u00e9s cerr\u00f3, pero sin olvidarse de que la lectura era su pasi\u00f3n, llegando a tener una biblioteca con m\u00e1s de 10 mil ejemplares.<\/p>\n<p style=\"text-align: justify;\">Sus visitas a la librer\u00eda La Trinitaria las inici\u00f3 hace 25 a\u00f1os, pero se convirti\u00f3 en parte de su itinerario diario en la \u00faltima d\u00e9cada, a donde solo dejaba de asistir en casos extremos.<\/p>\n<p style=\"text-align: justify;\">\u201cDe la 5:00 de la tarde en adelante ya nosotros est\u00e1bamos esperando a Franklin con la bandeja, su taza de caf\u00e9, su vaso de agua. El sill\u00f3n donde se sentaba, si hab\u00eda gente ten\u00eda que quitarse, porque ese era su sill\u00f3n\u201d, afirma Virtudes Uribe, propietaria de La Trinitaria, ubicada en El Conde, y la que se convertir\u00eda pr\u00e1cticamente en su segunda oficina, ya que all\u00ed escrib\u00eda pr\u00f3logos, recib\u00eda a estudiantes, escritores y amigos a los que orientaba sobre distintos temas.<\/p>\n<p style=\"text-align: justify;\">Pero su vida no solo navegaba en la lectura y en la investigaci\u00f3n, tambi\u00e9n dejaba de ser un intelectual para convertirse en un buen padre, esposo y amigo.<\/p>\n<p style=\"text-align: justify;\">\u201cA veces ven\u00eda se tomaba el caf\u00e9, se paraba y se iba de una vez, y yo le preguntaba: oh, pero \u00bfpor qu\u00e9 te vas?, y me respond\u00eda: porque hoy soy muchacho de mandado, hoy quien manda es mi mujer, que me mand\u00f3 a un mandado\u201d, cuenta Uribe que le dec\u00eda cuando no pod\u00eda quedarse el tiempo que generalmente permanec\u00eda en la librer\u00eda cuando iba.<\/p>\n<p style=\"text-align: justify;\">Sentada en la misma silla que por m\u00e1s de 10 a\u00f1os utiliz\u00f3 don Franklin para tomarse su caf\u00e9 en la librer\u00eda, Uribe narra la nostalgia que sinti\u00f3 cuando vio el carro f\u00fanebre con sus restos, que fueron llevados all\u00ed por \u00faltima vez, ya que apenas 48 horas antes hab\u00eda estado en el lugar. \u201cNos uni\u00f3 una amistad muy sincera, con mucho cari\u00f1o, era muy solidario. En realidad para m\u00ed ha representado un gran vac\u00edo, y cada vez que llega la cinco de la tarde siempre lo pienso, y me da la impresi\u00f3n de que lo voy a ver llegar\u201d, dice.<\/p>\n<p style=\"text-align: justify;\">Su cari\u00f1o y la solidaridad fue lo que contagi\u00f3 a su viuda \u00c1ngela Soto, quien a\u00fan no se repone del dolor que le caus\u00f3 la partida del hombre con el que comparti\u00f3 su vida los \u00faltimos 40 a\u00f1os y con el que procre\u00f3 tres hijos. Procre\u00f3 otros cuatro hijos de dos matrimonios anteriores.<\/p>\n<p style=\"text-align: justify;\">\u201cEra incapaz de no cumplir ninguna de sus responsabilidades, desde ni\u00f1o entiendo que fue as\u00ed, siempre vivi\u00f3 con su madre, fue al exilio y su madre tambi\u00e9n. Hasta el \u00faltimo d\u00eda estuvo con su mam\u00e1\u201d, indica.<\/p>\n<p style=\"text-align: justify;\">Nacido en Santiago de los Caballeros, fue el \u00fanico hijo de la se\u00f1ora Ana Antonia Pichardo, quien le dedic\u00f3 todo su tiempo y por el que sent\u00eda un amor infinito.<\/p>\n<p style=\"text-align: justify;\">\u201cFranklin era una persona muy tierna y respetuosa, respetaba los principios y el espacio de sus hijos. Siempre daba opciones, pero lo que estaba bien estaba bien, y lo que estaba mal se lo dec\u00eda. Cri\u00f3 sus hijos con un gran amor\u201d, dice.<\/p>\n<p style=\"text-align: justify;\">Como opositor al r\u00e9gimen trujillista Franklin era una persona vertical, indomable, que nunca dobleg\u00f3 sus ideales, ni los cambi\u00f3. Nunca acept\u00f3 d\u00e1divas ni cargos del <a href=\"http:\/\/localhost\/debateplural\/tag\/gobierno\">Gobierno<\/a>, hasta el punto de llegar a rechazar dos ofertad para pensiones.<\/p>\n<p style=\"text-align: justify;\">\u201cSi a \u00e9l le mandaban un cheque, como sucedi\u00f3 una vez, lo devolv\u00eda y le hac\u00eda un cuestionario al que se lo llevaba, pregunt\u00e1ndole que porqu\u00e9 le enviaban ese cheque\u201d, se\u00f1al\u00f3 su esposa, quien asegura que\u00a0 nunca vendi\u00f3 su pluma ni hizo un trabajo por paga, \u201cpor eso nunca acept\u00f3 que nadie le cambiara ni una coma a su trabajo\u201d. \u201cMi idea es esa y nadie me la puede cambiar\u201d, dec\u00eda. \u201cY eso trae rose, pero su familia nos sentimos muy orgullosa de \u00e9l, porque el legado que dej\u00f3 y el trabajo que realiz\u00f3 en favor del pa\u00eds es inmenso\u201d.<\/p>\n<p style=\"text-align: justify;\"><b>Su lucha en defensa de los interesas nacionales<br \/>\n<\/b>A pesar de ser una persona pac\u00edfica nunca le falt\u00f3 coraje para coger las armas y enfrentarse a los enemigos del pa\u00eds.<\/p>\n<p style=\"text-align: justify;\">Su pensamiento, la forma en que expresaba sus ideas, y la firmeza con que defend\u00eda los intereses nacionales, eran caracter\u00edsticas con las que la exvicepresidenta de la Rep\u00fablica, Milagros Ortiz Bosch se sent\u00eda identificada con Franklin.<\/p>\n<p style=\"text-align: justify;\">Entiende que no solo era un hombre que escrib\u00eda, polemizaba, pensaba, dictaba c\u00e1tedras, y\u00a0 conferencias, sino que todo lo hac\u00eda pensando en el bienestar de la naci\u00f3n.<\/p>\n<p style=\"text-align: justify;\">Cree que lleva una carga emocional con la muerte de Franklin, \u201cpor el hecho de haber partido queri\u00e9ndome decir algo que no me lleg\u00f3 a decir\u201d, refiere, al indicar que la hab\u00edan llamado d\u00edas antes para lo que cree era algo que \u00e9l quer\u00eda exponerle.<\/p>\n<p style=\"text-align: justify;\">\u201cEl m\u00e1s peque\u00f1os de sus hijos se me acerc\u00f3 y me dijo despu\u00e9s que me ten\u00eda mucho respeto, pero yo a Franklin le ten\u00eda mi respeto y admiraci\u00f3n, y sent\u00eda adem\u00e1s que obligaba al compromiso con las grandes ideas, con la patria\u201d, dijo.<\/p>\n<p style=\"text-align: justify;\">A juicio del profesor e investigador Lipe Collado, Franklin, como investigador y en su conducta acad\u00e9mica se mantuvo fiel a los principios que enarbol\u00f3 de car\u00e1cter pol\u00edtico.<\/p>\n<p style=\"text-align: justify;\"><b>Como pol\u00edtico<\/b><br \/>\nComo pol\u00edtico perteneci\u00f3 al movimiento 14 de Junio y se\u00a0 enrol\u00f3 en la expedici\u00f3n del 14 de junio del 59, aunque nunca logr\u00f3 embarcarse porque estaba previsto que viniera en el segundo grupo que nunca lleg\u00f3, aunque fue entrenado para venir.<\/p>\n<p style=\"text-align: justify;\">Estuvo en la revoluci\u00f3n de abril del 65, no como combatiente, sino en una labor cultural y fue de los fundadores y candidato a la presidencia de la Rep\u00fablica por la Uni\u00f3n Patri\u00f3tica, entidad de la que fue presidente.<\/p>\n<p style=\"text-align: justify;\">\u201cFue una persona con un hablar muy pausado, una voz casi inaudible, una persona inalterable, nunca tuvo una actitud agresiva, y un total desapego a lo material, no negociaba sus principios con nadie, enfatiza Collado.<\/p>\n<p style=\"text-align: justify;\">Para \u00e9l, la <a href=\"http:\/\/localhost\/debateplural\/tag\/republica-dominicana\">Rep\u00fablica Dominicana<\/a> perdi\u00f3 un gran investigador y dijo que aunque tuvo una gran trayectoria pol\u00edtica, donde generalmente se suscitan diferencias, fue un gran acumulador de amigos.<\/p>\n<p style=\"text-align: justify;\"><b>Su relaci\u00f3n con Leonel Fern\u00e1ndez<\/b><br \/>\n\u201cYo te dir\u00eda que era m\u00e1s una relaci\u00f3n de admiraci\u00f3n y respeto de Leonel hacia \u00e9l, porque Leonel delante de m\u00ed utiliz\u00f3 varias veces la palabra profesor, para referirse a \u00e9l. Leonel lo consultaba en algunos aspectos de car\u00e1cter acad\u00e9mico\u201d, indica Collado al referirse a la amistad que ambos mantuvieron por d\u00e9cadas.<\/p>\n<p style=\"text-align: justify;\">Entiende que Franklin tambi\u00e9n lo respetaba mucho, pero que m\u00e1s que una relaci\u00f3n de amigos, Fern\u00e1ndez lo distingu\u00eda.<\/p>\n<p style=\"text-align: justify;\"><b>Como investigador<\/b><br \/>\nAunque nunca recibi\u00f3 un premio por su trabajo y sus obras en Rep\u00fablica Dominicana, tiene el m\u00e9rito de hacer las primeras investigaciones sobre negritud y esclavitud, alcanzando un importante sitial en la bibliograf\u00eda, no solamente dominicana, sino en el extranjero, ya que sus libros eran adquiridos por universidades extranjeras para enriquecer sus bibliotecas.<\/p>\n<p style=\"text-align: justify;\">\u201cClases, Crisis y Comando\u201d <a href=\"http:\/\/localhost\/debateplural\/tag\/israel\">Israel<\/a> y Palestina,\u00a0 Los negros, los mulatos y la naci\u00f3n dominicana, son algunas de sus obras m\u00e1s importante, que lo llevaron a convertirse en uno de los escritores m\u00e1s importantes del pa\u00eds, por la rigurosidad con que trabajaba sus investigaciones.<\/p>\n<p style=\"text-align: justify;\">A \u00e9l tambi\u00e9n se debe el primer intento de que Rep\u00fablica Dominicana contara con una enciclopedia.<\/p>\n<p style=\"text-align: justify;\">\u201cLos negros, los mulatos y la naci\u00f3n dominicana, es considerado como un cl\u00e1sico, que puede ser consultado por personas que desean nutrirse sobre el tema de la raza.<\/p>\n<p style=\"text-align: justify;\">Se convirti\u00f3 en la columna vertebral del Museo Memorial de la Resistencia Dominicana (MMRD), ya que trabaj\u00f3 por m\u00e1s de cinco a\u00f1os las investigaciones hist\u00f3ricas que reposan en la instituci\u00f3n y\u00a0 elabor\u00f3 los textos que hoy se encuentran all\u00ed. \u201cPor lo tanto, en el museo est\u00e1 plasmada su m\u00e1s grande obra, su \u00faltima y m\u00e1s inspiradora obra\u201d, indica la directora Luisa de Pe\u00f1a D\u00edaz.<\/p>\n<p style=\"text-align: justify;\">La pasi\u00f3n con que trabaj\u00f3 las investigaciones es resaltada por de Pe\u00f1a, quien se\u00f1ala que Franklin sent\u00eda que en el Museo se conjugaban muchas cosas con las que so\u00f1\u00f3 y luch\u00f3. Al momento de su fallecimiento fung\u00eda como director de investigaci\u00f3n de la entidad.<\/p>\n<p style=\"text-align: justify;\">\u201cEste proyecto se convirti\u00f3 en un renacer intelectual para \u00e9l, y entonces \u00e9l lleg\u00f3 a considerarlo, no solo como una obra cumbre, sino como un espacio donde se reivindicaban muchas cosas por las que \u00e9l luch\u00f3 durante muchos a\u00f1os\u201d, resalta.<\/p>\n<p style=\"text-align: justify;\">Cuenta que caminaron el museo entero buscando un lugar para fabricarle su oficina como \u00e9l quisiera, que no estuviera lejos de sus libros, porque quer\u00eda estar al lado de ellos, pero que quer\u00eda un espacio donde tambi\u00e9n pudiera ver gente.<\/p>\n<p style=\"text-align: justify;\"><b>Su humildad<\/b><br \/>\n\u201cFue una persona muy humilde, en grado extremo. Recuerdo que cuando le enviamos la carta para informarle que hab\u00edamos tomado la decisi\u00f3n de ponerle su nombre al Centro de Documentaci\u00f3n vino con carta en mano a decirnos que si est\u00e1bamos locos\u201d.<\/p>\n<div id=\"FIOnDemandWrapper_fiInstance_101888_34_1349018\" class=\"FIOnDemandWrapper\" style=\"text-align: justify;\"><\/div>\n<p style=\"text-align: justify;\">Como trabajador incansable dej\u00f3 tres proyectos sin concluir, incluyendo sus memorias y un calendario de trabajo hasta el 2014.<\/p>\n<p style=\"text-align: justify;\">Su muerte a los 76 a\u00f1os, a causa de un infarto fulminante el pasado 15 de junio, dej\u00f3 un gran vac\u00edo entre los que le conocieron. Pero primero, con su pausado hablar, logr\u00f3 impregnar en sus relacionados el valor del trabajo, la humildad, la responsabilidad, la honestidad, el respeto y el significado de un ciudadano con compromiso, aspectos que nunca faltaron en su diario vivir y con los que coinciden los entrevistados.<\/p>\n<p style=\"text-align: justify;\"><b>Sus restos en el museo<\/b><br \/>\nSus cenizas reposar\u00e1n en el MMRD, entidad que el pr\u00f3ximo cinco de septiembre inaugurar\u00e1 un centro de documentaci\u00f3n en su honor. En ese centro tambi\u00e9n estar\u00e1 su biblioteca, compuesta por m\u00e1s de 10 mil libros y miles de documentos, que estar\u00e1n al alcance del p\u00fablico.<\/p>\n","protected":false},"excerpt":{"rendered":"<p>Santa Marte (Listin, 2-9-13)\u00a0 &nbsp; Su vida transcurri\u00f3 entre la lectura, la investigaci\u00f3n y la c\u00e1tedra, a la que le dedic\u00f3 alrededor de 50 a\u00f1os de su vida, y de la que se nutrieron miles de estudiantes y profesionales dominicanos. Hoy muchos dominicanos, amigos y colaboradores recuerdan con nostalgia los momentos que les dedic\u00f3 Franklin [&hellip;]<\/p>\n","protected":false},"author":1,"featured_media":10764,"comment_status":"open","ping_status":"open","sticky":false,"template":"","format":"standard","meta":{"footnotes":""},"categories":[18,16],"tags":[36,68,6],"class_list":["post-11963","post","type-post","status-publish","format-standard","has-post-thumbnail","hentry","category-cultura","category-libros","tag-gobierno","tag-israel","tag-republica-dominicana"],"_links":{"self":[{"href":"https:\/\/debateplural.net\/site\/wp-json\/wp\/v2\/posts\/11963"}],"collection":[{"href":"https:\/\/debateplural.net\/site\/wp-json\/wp\/v2\/posts"}],"about":[{"href":"https:\/\/debateplural.net\/site\/wp-json\/wp\/v2\/types\/post"}],"author":[{"embeddable":true,"href":"https:\/\/debateplural.net\/site\/wp-json\/wp\/v2\/users\/1"}],"replies":[{"embeddable":true,"href":"https:\/\/debateplural.net\/site\/wp-json\/wp\/v2\/comments?post=11963"}],"version-history":[{"count":1,"href":"https:\/\/debateplural.net\/site\/wp-json\/wp\/v2\/posts\/11963\/revisions"}],"predecessor-version":[{"id":11964,"href":"https:\/\/debateplural.net\/site\/wp-json\/wp\/v2\/posts\/11963\/revisions\/11964"}],"wp:featuredmedia":[{"embeddable":true,"href":"https:\/\/debateplural.net\/site\/wp-json\/wp\/v2\/media\/10764"}],"wp:attachment":[{"href":"https:\/\/debateplural.net\/site\/wp-json\/wp\/v2\/media?parent=11963"}],"wp:term":[{"taxonomy":"category","embeddable":true,"href":"https:\/\/debateplural.net\/site\/wp-json\/wp\/v2\/categories?post=11963"},{"taxonomy":"post_tag","embeddable":true,"href":"https:\/\/debateplural.net\/site\/wp-json\/wp\/v2\/tags?post=11963"}],"curies":[{"name":"wp","href":"https:\/\/api.w.org\/{rel}","templated":true}]}}