{"id":1200,"date":"2015-08-21T19:50:31","date_gmt":"2015-08-21T19:50:31","guid":{"rendered":"http:\/\/debateplural.com\/?p=1200"},"modified":"2016-06-23T14:30:33","modified_gmt":"2016-06-23T14:30:33","slug":"un-texto-filosofico-de-fidel-castro-escrito-en-su-89-onomastico","status":"publish","type":"post","link":"https:\/\/debateplural.net\/site\/2015\/08\/21\/un-texto-filosofico-de-fidel-castro-escrito-en-su-89-onomastico\/","title":{"rendered":"Un texto filos\u00f3fico de Fidel Castro escrito en su 89 onom\u00e1stico"},"content":{"rendered":"<header class=\"g-story-header\">\n<div class=\"g-story-meta\">\n<p class=\"g-story-heading\" style=\"text-align:justify;\"><strong>Debateplural.com, comparte con sus lectores un texto de <a href=\"http:\/\/localhost\/debateplural\/tag\/fidel-castro\">Fidel Castro<\/a> escrito como reflexi\u00f3n en momentos de su cumplea\u00f1os 89. El l\u00edder la Revoluci\u00f3n Cubana precisa que no dejaremos nunca de luchar por la paz y el bienestar de todos los seres humanos, con independencia del color de la piel y el pa\u00eds de origen de cada habitante del planeta. A\u00a0continuaci\u00f3n\u00a0el referido texto:<\/strong><\/p>\n<div id=\"attachment_1201\" style=\"width: 473px\" class=\"wp-caption aligncenter\"><a href=\"http:\/\/tripletecnologia.com\/website\/debateplural\/wp-content\/uploads\/2015\/08\/fidel-castro-1.jpg\"><img loading=\"lazy\" decoding=\"async\" aria-describedby=\"caption-attachment-1201\" class=\" wp-image-1201\" src=\"http:\/\/tripletecnologia.com\/website\/debateplural\/wp-content\/uploads\/2015\/08\/fidel-castro-1.jpg\" alt=\"Fidel Castro\" width=\"463\" height=\"463\" \/><\/a><p id=\"caption-attachment-1201\" class=\"wp-caption-text\">Fidel Castro<\/p><\/div>\n<h2 class=\"g-story-description\" style=\"text-align:center;\">La Realidad y los sue\u00f1os<\/h2>\n<div class=\"g-story-meta-footer\" style=\"text-align:justify;\">\n<p>Escribir es una forma de ser \u00fatil si consideras que nuestra sufrida humanidad debe ser m\u00e1s y mejor educada ante la incre\u00edble ignorancia que nos envuelve a todos, con excepci\u00f3n de los investigadores que buscan en las ciencias una respuesta satisfactoria. Es una palabra que implica en pocas letras su infinito contenido.<\/p>\n<\/div>\n<\/div>\n<\/header>\n<div class=\"story-body-text story-content\">\n<p style=\"text-align:justify;\">Todos en nuestra juventud o\u00edmos hablar alguna vez de Einstein y, en especial, tras el estallido de las bombas at\u00f3micasen Hiroshima y Nagasaki, que puso fin a la cruel guerra desatada entre Jap\u00f3n y Estados Unidos. Cuando aquellas bombas fueron lanzadas, despu\u00e9s de la guerra desatada por el ataque a la base de Estados Unidos en Pearl Harbor, ya el imperio japon\u00e9s estaba vencido. Estados Unidos, el pa\u00eds cuyo territorio e industrias permanecieron ajenos a la guerra, pas\u00f3 a ser el de mayor riqueza y mejor armado de la Tierra, frente a un mundo destrozado, repleto de muertos, heridos y hambrientos. Juntos, la URSS y China hab\u00edan perdido m\u00e1s de 50 millones de vidas, sumadas a una enorme destrucci\u00f3n material. Casi todo el oro del mundo fue a parar a las arcas de Estados Unidos<strong>.<\/strong> Hoy se calcula que la totalidad del oro como reserva monetaria de esa naci\u00f3n alcanza 8 mil 133,5 toneladas de dicho metal. A pesar de ello, haciendo trizas los compromisos suscritos en Bretton Woods, Estados Unidos, declar\u00f3 unilateralmente que no har\u00edan honor al deber de respaldar la onza Troy con el valor en oro de su papel moneda.<\/p>\n<p><!--more--><\/p>\n<p style=\"text-align:justify;\">Tal medida decretada por Nixon violaba los compromisos contra\u00eddos por el presidente Franklin Delano Roosevelt.Seg\u00fan un elevado n\u00famero de expertos en esa materia, crearon as\u00ed las bases de una crisis que entre otros desastres amenaza golpear con fuerza la econom\u00eda de ese modelo de pa\u00eds. Mientras tanto, se adeuda a<a href=\"http:\/\/localhost\/debateplural\/tag\/cuba\"> Cuba<\/a> las indemnizaciones equivalentes a da\u00f1os, que ascienden a cuantiosos millones de d\u00f3lares como denunci\u00f3 nuestro pa\u00eds con argumentos y datos irrebatibles a lo largo de sus intervenciones en las Naciones Unidas.<\/p>\n<p style=\"text-align:justify;\">Como fue expresado con toda claridad por el Partido y el Gobierno de Cuba, en prenda de buena voluntad y de paz entre todos los pa\u00edses de este hemisferio y del conjunto de pueblos que integran la familia humana, y as\u00ed contribuir a garantizar la supervivencia de nuestra especie en el modesto espacio que nos corresponde en el universo, no dejaremos nunca de luchar por la paz y el bienestar de todos los seres humanos, con independencia del color de la piel y el pa\u00eds de origen de cada habitante del planeta, as\u00ed como por el derecho pleno de todos a poseer o no una creencia religiosa.<\/p>\n<p style=\"text-align:justify;\">La igualdad de todos los ciudadanos a la salud, la educaci\u00f3n, el trabajo, la alimentaci\u00f3n, la seguridad, la cultura, la ciencia, y al bienestar, es decir, los mismos derechos que proclamamos cuando iniciamos nuestra lucha m\u00e1s los que emanen de nuestros sue\u00f1os de justicia e igualdad para los habitantes de nuestro mundo, es lo que deseo a todos; los que por comulgar en todo o en parte con las mismas ideas, o muy superiores pero en la misma direcci\u00f3n, les doy las gracias, queridos compatriotas.<\/p>\n<\/div>\n<p>&nbsp;<\/p>\n<p>&nbsp;<\/p>\n","protected":false},"excerpt":{"rendered":"<p>Debateplural.com, comparte con sus lectores un texto de Fidel Castro escrito como reflexi\u00f3n en momentos de su cumplea\u00f1os 89. El l\u00edder la Revoluci\u00f3n Cubana precisa que no dejaremos nunca de luchar por la paz y el bienestar de todos los seres humanos, con independencia del color de la piel y el pa\u00eds de origen de [&hellip;]<\/p>\n","protected":false},"author":1,"featured_media":8965,"comment_status":"open","ping_status":"open","sticky":false,"template":"","format":"standard","meta":{"footnotes":""},"categories":[14],"tags":[20,33],"class_list":["post-1200","post","type-post","status-publish","format-standard","has-post-thumbnail","hentry","category-internacionales","tag-cuba","tag-fidel-castro"],"_links":{"self":[{"href":"https:\/\/debateplural.net\/site\/wp-json\/wp\/v2\/posts\/1200"}],"collection":[{"href":"https:\/\/debateplural.net\/site\/wp-json\/wp\/v2\/posts"}],"about":[{"href":"https:\/\/debateplural.net\/site\/wp-json\/wp\/v2\/types\/post"}],"author":[{"embeddable":true,"href":"https:\/\/debateplural.net\/site\/wp-json\/wp\/v2\/users\/1"}],"replies":[{"embeddable":true,"href":"https:\/\/debateplural.net\/site\/wp-json\/wp\/v2\/comments?post=1200"}],"version-history":[{"count":1,"href":"https:\/\/debateplural.net\/site\/wp-json\/wp\/v2\/posts\/1200\/revisions"}],"predecessor-version":[{"id":8966,"href":"https:\/\/debateplural.net\/site\/wp-json\/wp\/v2\/posts\/1200\/revisions\/8966"}],"wp:featuredmedia":[{"embeddable":true,"href":"https:\/\/debateplural.net\/site\/wp-json\/wp\/v2\/media\/8965"}],"wp:attachment":[{"href":"https:\/\/debateplural.net\/site\/wp-json\/wp\/v2\/media?parent=1200"}],"wp:term":[{"taxonomy":"category","embeddable":true,"href":"https:\/\/debateplural.net\/site\/wp-json\/wp\/v2\/categories?post=1200"},{"taxonomy":"post_tag","embeddable":true,"href":"https:\/\/debateplural.net\/site\/wp-json\/wp\/v2\/tags?post=1200"}],"curies":[{"name":"wp","href":"https:\/\/api.w.org\/{rel}","templated":true}]}}