{"id":12264,"date":"2016-11-16T10:36:49","date_gmt":"2016-11-16T14:36:49","guid":{"rendered":"http:\/\/www.debateplural.com\/?p=12264"},"modified":"2016-11-16T10:36:49","modified_gmt":"2016-11-16T14:36:49","slug":"le-entrado-ahora-las-prisas-ee-uu-derrotar-al-estado-islamico","status":"publish","type":"post","link":"https:\/\/debateplural.net\/site\/2016\/11\/16\/le-entrado-ahora-las-prisas-ee-uu-derrotar-al-estado-islamico\/","title":{"rendered":"\u00bfPor qu\u00e9 le han entrado ahora las prisas a EE.UU. para derrotar al Estado Isl\u00e1mico?"},"content":{"rendered":"<p style=\"text-align: justify;\"><a href=\"http:\/\/localhost\/debateplural\/tag\/estados-unidos\">Estados Unidos<\/a> se est\u00e1 precipitando al abrir un nuevo frente en la ciudad siria de Raqqa en su ofensiva contra el <a href=\"http:\/\/localhost\/debateplural\/tag\/estado-islamico\">Estado Isl\u00e1mico<\/a> (EI), se\u00f1alan analistas y expertos citados en el diario estadounidense\u00a0'Christian Science Monitor'<em>.<\/em><\/p>\n<p style=\"text-align: justify;\">La\u00a0coalici\u00f3n encabezada por Washington inici\u00f3 una operaci\u00f3n en Raqqa contra la organizaci\u00f3n yihadista la semana pasada\u00a0cuando la batalla por la ciudad iraqu\u00ed de Mosul sigue en curso. El objetivo de la nueva ofensiva de los ej\u00e9rcitos de Jordania y EE.UU. es lograr el control de esta ciudad de medio mill\u00f3n de habitantes que desde 2014 es\u00a0capital administrativa del llamado 'califato' y sede de su gobierno.<\/p>\n<p style=\"text-align: justify;\">Sin embargo, seg\u00fan los\u00a0expertos, <strong>la captura de Raqqa constituir\u00eda, al margen de una importante victoria simb\u00f3lica para Occidente<\/strong> y sus aliados, el inicio de una serie de\u00a0retos log\u00edsticos que podr\u00edan debilitar tambi\u00e9n la ofensiva contra el EI en Mosul. Para autoridades militares y analistas, la operaci\u00f3n contra Raqqa est\u00e1 motivada por <strong>el deseo de Obama de acabar con la segunda plaza fuerte del EI\u00a0antes de abandonar su cargo en enero de 2017<\/strong>.<\/p>\n<p style=\"text-align: justify;\">Con todo, tratar de forjar una fr\u00e1gil coalici\u00f3n de combatientes kurdos y \u00e1rabes y liberar una ciudad en medio de una guerra civil, m\u00e1xime en medio de la operaci\u00f3n de Mosul, ser\u00e1 una\u00a0tarea herc\u00falea. El resultado puede ser el fracaso de la la ofensiva contra Raqa, advierten los analistas.<\/p>\n<p style=\"text-align: justify;\">\"Parece que Obama quiere terminar la campa\u00f1a militar [contra el EI] antes de abandonar el cargo, pero por desgracia no ha hecho lo suficiente por\u00a0abordar los aspectos pol\u00edticos de la misma\", advierte Kenneth Pollack, exanalista de la Agencia Central de Inteligencia (CIA) militar y ahora adscrito al Instituto Brookings en Washington.<strong><br \/>\n<\/strong><\/p>\n<h3 style=\"text-align: justify;\"><strong>El factor sectario\u00a0y falta de aliados<\/strong><\/h3>\n<p style=\"text-align: justify;\">La coalici\u00f3n antiterrorista cuenta en Irak con combatientes del Ej\u00e9rcito iraqu\u00ed, la Polic\u00eda, veteranos de la\u00a0Peshmerga kurda y unidades de milicia popular, los cuales suman unos 100.000 efectivos. \"La situaci\u00f3n en Siria\u00a0es muy diferente: el n\u00famero de actores fiables, prooccidentales y de confianza en el \u00e1mbito local es limitado\", explica el experto del Instituto Brookings en Catar Ranj Alaaldin.<\/p>\n<p style=\"text-align: justify;\">La coalici\u00f3n que opera\u00a0contra\u00a0este basti\u00f3n extremista cuenta con<strong> un contingente de 30.000 combatientes kurdos y \u00e1rabes<\/strong> creado\u00a0en octubre de 2015\u00a0(los primeros representan entre el 70% y el 90% de estos efectivos). Este reducido n\u00famero de soldados plantea un reto para el control de la ciudad de Raqqa, cuyos habitantes sunitas llevan enemistados con sus vecinos kurdos desde hace siglos.<\/p>\n<p style=\"text-align: justify;\">\"Si\u00a0las fuerzas kurdas se involucran\u00a0en el operativo de Raqqa, ello <strong>exacerbar\u00e1 las tensiones entre las comunidades \u00e1rabes y kurdas que se cuecen a\u00a0fuego lento en el norte de Siria<\/strong>desde hace mucho tiempo\", advierte el experto en<a href=\"http:\/\/localhost\/debateplural\/tag\/siria\"> Siria<\/a> del Instituto para el Estudio de la Guerra en Washington\u00a0Genevieve Casagrande.<\/p>\n","protected":false},"excerpt":{"rendered":"<p>Estados Unidos se est\u00e1 precipitando al abrir un nuevo frente en la ciudad siria de Raqqa en su ofensiva contra el Estado Isl\u00e1mico (EI), se\u00f1alan analistas y expertos citados en el diario estadounidense\u00a0'Christian Science Monitor'. La\u00a0coalici\u00f3n encabezada por Washington inici\u00f3 una operaci\u00f3n en Raqqa contra la organizaci\u00f3n yihadista la semana pasada\u00a0cuando la batalla por la [&hellip;]<\/p>\n","protected":false},"author":1,"featured_media":8834,"comment_status":"open","ping_status":"open","sticky":false,"template":"","format":"standard","meta":{"footnotes":""},"categories":[14,12],"tags":[54,8,41],"class_list":["post-12264","post","type-post","status-publish","format-standard","has-post-thumbnail","hentry","category-internacionales","category-politica-3","tag-estado-islamico","tag-estados-unidos","tag-siria"],"_links":{"self":[{"href":"https:\/\/debateplural.net\/site\/wp-json\/wp\/v2\/posts\/12264"}],"collection":[{"href":"https:\/\/debateplural.net\/site\/wp-json\/wp\/v2\/posts"}],"about":[{"href":"https:\/\/debateplural.net\/site\/wp-json\/wp\/v2\/types\/post"}],"author":[{"embeddable":true,"href":"https:\/\/debateplural.net\/site\/wp-json\/wp\/v2\/users\/1"}],"replies":[{"embeddable":true,"href":"https:\/\/debateplural.net\/site\/wp-json\/wp\/v2\/comments?post=12264"}],"version-history":[{"count":1,"href":"https:\/\/debateplural.net\/site\/wp-json\/wp\/v2\/posts\/12264\/revisions"}],"predecessor-version":[{"id":12265,"href":"https:\/\/debateplural.net\/site\/wp-json\/wp\/v2\/posts\/12264\/revisions\/12265"}],"wp:featuredmedia":[{"embeddable":true,"href":"https:\/\/debateplural.net\/site\/wp-json\/wp\/v2\/media\/8834"}],"wp:attachment":[{"href":"https:\/\/debateplural.net\/site\/wp-json\/wp\/v2\/media?parent=12264"}],"wp:term":[{"taxonomy":"category","embeddable":true,"href":"https:\/\/debateplural.net\/site\/wp-json\/wp\/v2\/categories?post=12264"},{"taxonomy":"post_tag","embeddable":true,"href":"https:\/\/debateplural.net\/site\/wp-json\/wp\/v2\/tags?post=12264"}],"curies":[{"name":"wp","href":"https:\/\/api.w.org\/{rel}","templated":true}]}}