{"id":12382,"date":"2016-11-22T10:42:15","date_gmt":"2016-11-22T14:42:15","guid":{"rendered":"http:\/\/www.debateplural.com\/?p=12382"},"modified":"2016-11-22T10:42:15","modified_gmt":"2016-11-22T14:42:15","slug":"erdogan-no-puedo-decir-quien-mas-barbaro-israel-hitler","status":"publish","type":"post","link":"https:\/\/debateplural.net\/site\/2016\/11\/22\/erdogan-no-puedo-decir-quien-mas-barbaro-israel-hitler\/","title":{"rendered":"Erdogan: \"No puedo decir qui\u00e9n es m\u00e1s b\u00e1rbaro, si Israel o Hitler\""},"content":{"rendered":"<p style=\"text-align: justify;\">El presidente de <a href=\"http:\/\/localhost\/debateplural\/tag\/turquia\">Turqu\u00eda<\/a>, <a href=\"http:\/\/localhost\/debateplural\/tag\/Recep-Tayyip-Erdogan\">Recep Tayyip Erdogan<\/a>, dio una entrevista al Canal 2 israel\u00ed en la que asegur\u00f3 que las relaciones de su pa\u00eds con <a href=\"http:\/\/localhost\/debateplural\/tag\/israel\">Israel<\/a> han mejorado \u00faltimamente, pero rechaz\u00f3 retractarse de sus declaraciones respecto a la pol\u00edtica de Tel Aviv hacia los palestinos.<\/p>\n<p>\"No estoy de acuerdo con lo que hizo Hitler, tampoco estoy de acuerdo con lo que Israel hizo en Palestina. No sirve de nada tratar de determinar qu\u00e9 fue m\u00e1s b\u00e1rbaro\", dijo Erdogan despu\u00e9s de que se le preguntara si \u00e9l se arrepiente de haber mencionado a los nazis en sus declaraciones respecto a la operaci\u00f3n militar israel\u00ed en la Franja de Gaza.<\/p>\n<p>Erdogan agreg\u00f3 que Israel trata de establecer su control sobre la mezquita de Al Aqsa en la parte hist\u00f3rica de Jerusal\u00e9n. Israel rechaza estas acusaciones y afirma que respeta el statu quo de la Explanada de las Mezquitas, ubicada en el mismo lugar de los antiguos templos jud\u00edos y \u00a0donde solo los musulmanes rezan hoy en este lugar.<\/p>\n<p>\"Jerusal\u00e9n es sagrado para las tres religiones, y todos deben respetar esto\", manifest\u00f3 el l\u00edder turco citado por medios israel\u00edes.<\/p>\n<p>Erdogan deneg\u00f3 calificar de terrorista al movimiento islamista Ham\u00e1s, que gobierna la Franja de Gaza desde hace diez a\u00f1os, y a\u00f1adi\u00f3 que \u00e9l mantiene contactos con los representantes del grupo.<\/p>\n<p style=\"text-align: justify;\">\"Estoy abierto al respecto, no tengo ninguna agenda oculta\u2026 mi deseo es lograr la paz en la regi\u00f3n\", destac\u00f3 el pol\u00edtico.<\/p>\n<p>El presidente otomano llam\u00f3 a invitar a Ham\u00e1s a la mesa de negociaciones que Israel mantuvo con los representantes del grupo rival, Fatah, encabezado por Mahmud Ab\u00e1s.<\/p>\n<p>Erdogan se\u00f1al\u00f3 que las relaciones turco-israel\u00edes han mejorado recientemente, pero recalc\u00f3 que siguen estando vigentes varias discrepancias entre los dos pa\u00edses.<\/p>\n<p>Las relaciones entre Turqu\u00eda e Israel empeoraron despu\u00e9s de un incidente con la flotilla de la Libertad en 2010 cuando los marineros israel\u00edes abordaron un convoy humanitario turco que se dirig\u00eda a la Franja de Gaza para entregar ayuda, provocando la muerte de 10 activistas turcos.<\/p>\n","protected":false},"excerpt":{"rendered":"<p>El presidente de Turqu\u00eda, Recep Tayyip Erdogan, dio una entrevista al Canal 2 israel\u00ed en la que asegur\u00f3 que las relaciones de su pa\u00eds con Israel han mejorado \u00faltimamente, pero rechaz\u00f3 retractarse de sus declaraciones respecto a la pol\u00edtica de Tel Aviv hacia los palestinos. \"No estoy de acuerdo con lo que hizo Hitler, tampoco [&hellip;]<\/p>\n","protected":false},"author":1,"featured_media":11193,"comment_status":"open","ping_status":"open","sticky":false,"template":"","format":"standard","meta":{"footnotes":""},"categories":[14,12],"tags":[68,81,51],"class_list":["post-12382","post","type-post","status-publish","format-standard","has-post-thumbnail","hentry","category-internacionales","category-politica-3","tag-israel","tag-recep-tayyip-erdogan","tag-turquia"],"_links":{"self":[{"href":"https:\/\/debateplural.net\/site\/wp-json\/wp\/v2\/posts\/12382"}],"collection":[{"href":"https:\/\/debateplural.net\/site\/wp-json\/wp\/v2\/posts"}],"about":[{"href":"https:\/\/debateplural.net\/site\/wp-json\/wp\/v2\/types\/post"}],"author":[{"embeddable":true,"href":"https:\/\/debateplural.net\/site\/wp-json\/wp\/v2\/users\/1"}],"replies":[{"embeddable":true,"href":"https:\/\/debateplural.net\/site\/wp-json\/wp\/v2\/comments?post=12382"}],"version-history":[{"count":1,"href":"https:\/\/debateplural.net\/site\/wp-json\/wp\/v2\/posts\/12382\/revisions"}],"predecessor-version":[{"id":12383,"href":"https:\/\/debateplural.net\/site\/wp-json\/wp\/v2\/posts\/12382\/revisions\/12383"}],"wp:featuredmedia":[{"embeddable":true,"href":"https:\/\/debateplural.net\/site\/wp-json\/wp\/v2\/media\/11193"}],"wp:attachment":[{"href":"https:\/\/debateplural.net\/site\/wp-json\/wp\/v2\/media?parent=12382"}],"wp:term":[{"taxonomy":"category","embeddable":true,"href":"https:\/\/debateplural.net\/site\/wp-json\/wp\/v2\/categories?post=12382"},{"taxonomy":"post_tag","embeddable":true,"href":"https:\/\/debateplural.net\/site\/wp-json\/wp\/v2\/tags?post=12382"}],"curies":[{"name":"wp","href":"https:\/\/api.w.org\/{rel}","templated":true}]}}