{"id":12444,"date":"2016-11-24T11:09:53","date_gmt":"2016-11-24T15:09:53","guid":{"rendered":"http:\/\/www.debateplural.com\/?p=12444"},"modified":"2016-11-24T11:09:53","modified_gmt":"2016-11-24T15:09:53","slug":"moscu-tomaremos-contramedidas-la-resolucion-la-ue-los-medios-rusos-implementada","status":"publish","type":"post","link":"https:\/\/debateplural.net\/site\/2016\/11\/24\/moscu-tomaremos-contramedidas-la-resolucion-la-ue-los-medios-rusos-implementada\/","title":{"rendered":"Mosc\u00fa: \"Tomaremos contramedidas si la resoluci\u00f3n de la UE contra los medios rusos es implementada\""},"content":{"rendered":"<p style=\"text-align: justify;\">\"En ciertos casos, la paranoia antirrusa es arrolladora. Ayer, el Parlamento Europeo aprob\u00f3\u00a0<strong>una nueva obra contra nuestro pa\u00eds<\/strong>, la resoluci\u00f3n de \"Comunicaciones estrat\u00e9gicas de la <a href=\"http:\/\/localhost\/debateplural\/tag\/ue\">UE <\/a>para contrarrestar la propaganda de terceras partes\", anunci\u00f3 la portavoz del Ministerio de Relaciones Exteriores ruso, Mar\u00eda Zaj\u00e1rova.<\/p>\n<p style=\"text-align: justify;\">\"Este <strong>documento est\u00e1 lleno de varias fobias<\/strong>, mentiras y mitos sobre <a href=\"http:\/\/localhost\/debateplural\/tag\/rusia\">Rusia<\/a> [&#8230;] Su filosof\u00eda, basada en la igualaci\u00f3n de la \"guerra propagandista\" que el Kremlin presuntamente lleva contra Occidente con los m\u00e9todos propagandistas de la organizaci\u00f3n terrorista <a href=\"http:\/\/localhost\/debateplural\/tag\/estado-islamico\">Estado Isl\u00e1mico<\/a>\u00a0[&#8230;] es un <strong>s\u00edntoma de enfermedad mental<\/strong>\", a\u00f1ade la cara de la Canciller\u00eda rusa.<\/p>\n<p style=\"text-align: justify;\">\"Esperamos que tras la resoluci\u00f3n no se tomen medidas pr\u00e1cticas para limitar las actividades de los medios rusos en los pa\u00edses miembros de la UE. <strong>Si el\u00a0documento es implementado, tomaremos contramedidas<\/strong>.<\/p>\n<ul>\n<li style=\"text-align: justify;\">\n<p style=\"text-align: justify;\">El 23 de noviembre de 2016 el\u00a0Parlamento Europeo ha votado\u00a0a favor de la resoluci\u00f3n sobre su \"comunicaci\u00f3n estrat\u00e9gica\" para combatir la supuesta propaganda rusa contra la Uni\u00f3n Europea.<\/p>\n<\/li>\n<li style=\"text-align: justify;\">El documento\u00a0pide una respuesta de la Uni\u00f3n Europea a lo que considera \"propaganda y desinformaci\u00f3n\" procedente de Rusia.<\/li>\n<li style=\"text-align: justify;\">\"Estamos observando una\u00a0<strong>degradaci\u00f3n evidente en t\u00e9rminos pol\u00edticos<\/strong>\u00a0del concepto de democracia en la sociedad occidental\", coment\u00f3\u00a0la aprobaci\u00f3n del documento el presidente de Rusia,\u00a0Vlad\u00edmir Putin.<\/li>\n<li>\n<p style=\"text-align: justify;\">Seg\u00fan\u00a0Zaj\u00e1rova,\u00a0la resoluci\u00f3n\u00a0es \"algo terrible, ya que tiene como fin\u00a0<strong>socavar las bases sobre las que se construye la sociedad moderna<\/strong>\".<\/p>\n<\/li>\n<\/ul>\n","protected":false},"excerpt":{"rendered":"<p>\"En ciertos casos, la paranoia antirrusa es arrolladora. Ayer, el Parlamento Europeo aprob\u00f3\u00a0una nueva obra contra nuestro pa\u00eds, la resoluci\u00f3n de \"Comunicaciones estrat\u00e9gicas de la UE para contrarrestar la propaganda de terceras partes\", anunci\u00f3 la portavoz del Ministerio de Relaciones Exteriores ruso, Mar\u00eda Zaj\u00e1rova. \"Este documento est\u00e1 lleno de varias fobias, mentiras y mitos sobre [&hellip;]<\/p>\n","protected":false},"author":1,"featured_media":6950,"comment_status":"open","ping_status":"open","sticky":false,"template":"","format":"standard","meta":{"footnotes":""},"categories":[14,12],"tags":[54,40,52],"class_list":["post-12444","post","type-post","status-publish","format-standard","has-post-thumbnail","hentry","category-internacionales","category-politica-3","tag-estado-islamico","tag-rusia","tag-ue"],"_links":{"self":[{"href":"https:\/\/debateplural.net\/site\/wp-json\/wp\/v2\/posts\/12444"}],"collection":[{"href":"https:\/\/debateplural.net\/site\/wp-json\/wp\/v2\/posts"}],"about":[{"href":"https:\/\/debateplural.net\/site\/wp-json\/wp\/v2\/types\/post"}],"author":[{"embeddable":true,"href":"https:\/\/debateplural.net\/site\/wp-json\/wp\/v2\/users\/1"}],"replies":[{"embeddable":true,"href":"https:\/\/debateplural.net\/site\/wp-json\/wp\/v2\/comments?post=12444"}],"version-history":[{"count":1,"href":"https:\/\/debateplural.net\/site\/wp-json\/wp\/v2\/posts\/12444\/revisions"}],"predecessor-version":[{"id":12445,"href":"https:\/\/debateplural.net\/site\/wp-json\/wp\/v2\/posts\/12444\/revisions\/12445"}],"wp:featuredmedia":[{"embeddable":true,"href":"https:\/\/debateplural.net\/site\/wp-json\/wp\/v2\/media\/6950"}],"wp:attachment":[{"href":"https:\/\/debateplural.net\/site\/wp-json\/wp\/v2\/media?parent=12444"}],"wp:term":[{"taxonomy":"category","embeddable":true,"href":"https:\/\/debateplural.net\/site\/wp-json\/wp\/v2\/categories?post=12444"},{"taxonomy":"post_tag","embeddable":true,"href":"https:\/\/debateplural.net\/site\/wp-json\/wp\/v2\/tags?post=12444"}],"curies":[{"name":"wp","href":"https:\/\/api.w.org\/{rel}","templated":true}]}}