{"id":12749,"date":"2016-12-09T15:43:02","date_gmt":"2016-12-09T19:43:02","guid":{"rendered":"http:\/\/www.debateplural.com\/?p=12749"},"modified":"2016-12-09T15:43:02","modified_gmt":"2016-12-09T19:43:02","slug":"gobierno-dominicano-terminara-ano-2016-una-reforma-fiscal-encubierta-silenciosa-sin-pacto-fiscal","status":"publish","type":"post","link":"https:\/\/debateplural.net\/site\/2016\/12\/09\/gobierno-dominicano-terminara-ano-2016-una-reforma-fiscal-encubierta-silenciosa-sin-pacto-fiscal\/","title":{"rendered":"Gobierno dominicano terminar\u00e1 el a\u00f1o 2016 con una \u201creforma fiscal\u201d encubierta y silenciosa, sin pacto fiscal"},"content":{"rendered":"<div id=\"p_p_id_contentviewerportlet_WAR_newsportlet_INSTANCE_ad939a29825f4d77b9f132e595239e2c_\" class=\"portlet-boundary portlet-boundary_contentviewerportlet_WAR_newsportlet_  portlet-static portlet-static-end content-viewer-portlet \">\n<div class=\"td-portlet\">\n<section id=\"portlet_contentviewerportlet_WAR_newsportlet_INSTANCE_ad939a29825f4d77b9f132e595239e2c\" class=\"portlet\">\n<div class=\"portlet-content\">\n<div class=\" portlet-content-container\">\n<div class=\"portlet-body\">\n<div class=\"last td-viewer full-access\">\n<div class=\"detalle-texto\">\n<div class=\"text\">\n<p><strong>Tania Molina (D. Libre, 25-10-16)<\/strong><\/p>\n<p>&nbsp;<\/p>\n<p>A los dominicanos les ha tocado sobrellevar este 2016 con una gran merma en sus ingresos. Mientras se discuten las posibles condiciones para una reforma fiscal, el Gobierno ha ido \u201cpicando a\u2019lante\u201d , sacando recursos de los bolsillos de los contribuyentes a trav\u00e9s de aumentos de tasas diversas.<\/p>\n<p>Vale recordar que el a\u00f1o inici\u00f3 con el \u201creajuste\u201d pendiente de la Ley 253-12 , popularmente conocida como la del \u201cpaquetazo fiscal\u201d. Por esa legislaci\u00f3n, el Impuesto a la Transferencia de Bienes Industrializados y Servicios (ITBIS) aument\u00f3 este a\u00f1o de 13% a un 16% en productos de consumo masivo y cotidiano, tales como la mantequilla, el caf\u00e9, los aceites comestibles, el az\u00facar, chocolate y yogurt.<\/p>\n<p>Delfina Castillo, una ama de casa que reside junto a su esposo en Los Alcarrizos, presupuestaba en el 2015 un monto de RD$4,000 a la semana para la compra del supermercado. No tiene hijos. Este a\u00f1o, para poder adquirir los mismos productos debe disponer de por lo menos RD$6,000 cada semana.<\/p>\n<p>Pero Delfina tambi\u00e9n tiene veh\u00edculo propio, por lo que este a\u00f1o tendr\u00e1 que destinar RD$300 m\u00e1s que el a\u00f1o pasado para poder renovar su marbete. Eso, porque la Direcci\u00f3n General de Impuestos Internos (DGII) decidi\u00f3 incrementar ese impuesto de RD$1,200.00 a RD$1,500.00 a los veh\u00edculos de a\u00f1o de fabricaci\u00f3n hasta el 2011; y de RD$2,200 a RD$3,000.00 a los del 2012 en adelante.<\/p>\n<p>A la se\u00f1ora se le suma el combustible, pues para esta fecha del 2015 el precio del gal\u00f3n de combustible era de RD$188.70 la gasolina premium y RD$171.10 la regular; el gasoil regular era a RD$142.30, y el GLP a RD$82.00.<\/p>\n<p>Esta semana, la escala de precios que publica el Ministerio de Industria y Comercio es de RD$201.80 para la gasolina premium; RD$186.70, la regular; RD$149.30 el gasoil regular y RD$96.70 el GLP.<\/p>\n<p>Como Delfina, la poblaci\u00f3n dominicana ha cargado con estos y otros aumentos y sus consecuencias.<\/p>\n<p>Este mes, el Gobierno anunci\u00f3 la eliminaci\u00f3n del subsidio de 3,800 galones de gasoil que entregaba a los transportistas, quienes, a su vez, no lo pensaron mucho para compensarse con aumentos de RD$5.00 en los pasajes. Algunas rutas que no han aumentado, mantienen la amenaza de hacerlo.<\/p>\n<p>Los peajes fue otro de los impuestos con los que el Gobierno ha ido deprimiendo el bolsillo de los ciudadanos. Desde el pasado 5 de septiembre se aplica el \u201cajuste por indexaci\u00f3n\u201d que se traduce en un aumento de los peajes de las autopistas Duarte, Las Am\u00e9ricas, S\u00e1nchez, 6 de Noviembre, La Romana y la del Coral.<\/p>\n<p>El aumento fue por tipo de veh\u00edculo, de modo tal que el conductor de un carro que antes pagaba RD$30.00, ahora paga RD$60.00 para poder cruzar; el minib\u00fas pas\u00f3 de RD$60.00 a RD$120.00, y as\u00ed, de forma sucesiva. Ello trajo como consecuencia un incremento de los pasajes en las rutas al sur y al Cibao de entre RD$5.00 y RD$10.00.<\/p>\n<p>Y si alguno viaja o consume alcohol, este a\u00f1o tambi\u00e9n hubo un incremento en el costo de expedici\u00f3n del pasaporte y en el Impuesto Selectivo al Consumo (ISC) de bebidas alcoh\u00f3licas.<\/p>\n<\/div>\n<div class=\"entretitulo\">Sin menudo por falta de entero<\/div>\n<div class=\"text\">\n<p>La poblaci\u00f3n ha tenido que hacer frente a cada incremento con un salario que se mantiene invariable.<\/p>\n<p>Rafael (Pepe) Abreu, presidente de la Conferderaci\u00f3n Nacional de Unidad Sindical (CNUS) estima que hay trabajadores que llevan hasta diez a\u00f1os sin recibir un incremento de salario.<\/p>\n<p>\u201cCon el sector privado tenemos la ventaja de que las tarifas se revisan cada dos a\u00f1os, pero siempre queda el tema de los trabajadores que quedan por encima de los m\u00ednimos, que como est\u00e1n en ese nivel, te encuentras con gente con cinco y diez a\u00f1os que no le aumentan. Se revisan los m\u00ednimos nada m\u00e1s y, entonces, esos se estancan\u201d.<\/p>\n<p>Por eso est\u00e1 pidiendo al sector empresarial convocar el Comit\u00e9 Nacional de Salarios para hacer una revisi\u00f3n adelantada de los sueldos. La \u00faltima se hizo en 2015, cuando se logr\u00f3 aumentar 14% al m\u00ednimo.<\/p>\n<p>Abreu aspira a un aumento salarial de 30% en las grandes, medianas y peque\u00f1as empresas, a los guardianes, trabajo de campo, agricultura, turismo y sector zona franca. Recuerda que la escala m\u00e1s alta aprobada dentro del m\u00ednimo fue de RD$12,873.00, monto que se queda por debajo del costo de la canasta b\u00e1sica en el quintil m\u00e1s bajo que, seg\u00fan el Banco Central, es de RD$12,939.71 a septiembre pasado.<\/p>\n<p>Pero los empresarios -dice- se niegan a revisar, alegando que el plazo es hasta el 2017. Abreu, que ve con preocupaci\u00f3n la situaci\u00f3n, teme que la presi\u00f3n lleva a un estallido social, similar o peor que la de. 1984.<\/p>\n<p>El soci\u00f3logo Jos\u00e9 Antinoe Fiallo Billini, entiende que el pa\u00eds ha venido acumulando una serie de situaciones que llevan a lo que \u00e9l denomina el \u201cquille social\u201d. No sabe si ser\u00e1 ma\u00f1ana, pero cree que en cualquier momento se puede producir un gran estallido.<\/p>\n<p>\u201cProblemas de circulaci\u00f3n urbana, el encarecimiento de los costos del transporte, deterioro de la aceras y las calles, el abastecimiento del agua, el problema de los apagones, los ruidos urbanos, la bulla, el manejo temerario. Se est\u00e1n acumulando muchos factores que producen ese \u2018quille\u2019, y es un fen\u00f3meno progresivo; llega un momento que puede producir el estallido social. Si no estamos en eso, nos estamos acercando mucho\u201d, considera Fiallo.<\/p>\n<\/div>\n<p class=\"lead cita\">\u201cEn el Gobierno no se revisan ni las pensiones ni los salarios de los trabajadores que no tienen posibilidad de presionar\u201d<\/p>\n<div class=\"insert_headline\">\n<p class=\"insert_title\"><strong>Qu\u00e9 dicen los ciudadanos&#8230;<\/strong><\/p>\n<div class=\"insert_title\"><\/div>\n<div class=\"insert_Image\">\n<div><img loading=\"lazy\" decoding=\"async\" class=\"waslazy\" title=\"Qu\u00e9 dicen los ciudadanos...\" src=\"http:\/\/www.diariolibre.com\/documents\/10157\/0\/201x134\/8c0\/185d134\/none\/10904\/CWJE\/image_content_7386347_20161024203748.jpg\" alt=\"Qu\u00e9 dicen los ciudadanos...\" width=\"185\" height=\"134\" data-original=\"\/documents\/10157\/0\/201x134\/8c0\/185d134\/none\/10904\/CWJE\/image_content_7386347_20161024203748.jpg\" \/><\/div>\n<\/div>\n<div class=\"insert_text\">\n<p>Francisco Mart\u00ednez (<i>Empleado privado)<\/i><\/p>\n<p>\u201cEstos aumentos han afectado la econom\u00eda, y la m\u00eda de forma particular, de forma sustancial, porque son productos b\u00e1sicos los que han experimentado las alzas y obligatoriamente tenemos que usarlos o consumirlos. En general yo creo que a todos nos afecta el aumento de estos impuestos\u201d.<\/p>\n<\/div>\n<\/div>\n<div class=\"insert_headline\"><\/div>\n<p class=\"lead cita\">\u201cHay muchos sectores que tratamos de no llegar al extremo y buscar salidas pac\u00edficas que no violenten al pa\u00eds, pero si todos se unen, el estallido ser\u00eda grande\u201d.<\/p>\n<p class=\"lead cita\">Rafael Abreu (Presidente de CNUS)<\/p>\n<\/div>\n<\/div>\n<\/div>\n<\/div>\n<\/div>\n<\/section>\n<\/div>\n<\/div>\n<div id=\"p_p_id_articletopicsportlet_WAR_newsportlet_INSTANCE_c5d6e9af5f8941409f18800688ad49bc_\" class=\"portlet-boundary portlet-boundary_articletopicsportlet_WAR_newsportlet_  portlet-static portlet-static-end article-topics-portlet detalle-metadatos\"><\/div>\n","protected":false},"excerpt":{"rendered":"<p>Tania Molina (D. Libre, 25-10-16) &nbsp; A los dominicanos les ha tocado sobrellevar este 2016 con una gran merma en sus ingresos. Mientras se discuten las posibles condiciones para una reforma fiscal, el Gobierno ha ido \u201cpicando a\u2019lante\u201d , sacando recursos de los bolsillos de los contribuyentes a trav\u00e9s de aumentos de tasas diversas. Vale [&hellip;]<\/p>\n","protected":false},"author":1,"featured_media":12750,"comment_status":"open","ping_status":"open","sticky":false,"template":"","format":"standard","meta":{"footnotes":""},"categories":[3,5],"tags":[],"class_list":["post-12749","post","type-post","status-publish","format-standard","has-post-thumbnail","hentry","category-economia","category-nacionales"],"_links":{"self":[{"href":"https:\/\/debateplural.net\/site\/wp-json\/wp\/v2\/posts\/12749"}],"collection":[{"href":"https:\/\/debateplural.net\/site\/wp-json\/wp\/v2\/posts"}],"about":[{"href":"https:\/\/debateplural.net\/site\/wp-json\/wp\/v2\/types\/post"}],"author":[{"embeddable":true,"href":"https:\/\/debateplural.net\/site\/wp-json\/wp\/v2\/users\/1"}],"replies":[{"embeddable":true,"href":"https:\/\/debateplural.net\/site\/wp-json\/wp\/v2\/comments?post=12749"}],"version-history":[{"count":1,"href":"https:\/\/debateplural.net\/site\/wp-json\/wp\/v2\/posts\/12749\/revisions"}],"predecessor-version":[{"id":12751,"href":"https:\/\/debateplural.net\/site\/wp-json\/wp\/v2\/posts\/12749\/revisions\/12751"}],"wp:featuredmedia":[{"embeddable":true,"href":"https:\/\/debateplural.net\/site\/wp-json\/wp\/v2\/media\/12750"}],"wp:attachment":[{"href":"https:\/\/debateplural.net\/site\/wp-json\/wp\/v2\/media?parent=12749"}],"wp:term":[{"taxonomy":"category","embeddable":true,"href":"https:\/\/debateplural.net\/site\/wp-json\/wp\/v2\/categories?post=12749"},{"taxonomy":"post_tag","embeddable":true,"href":"https:\/\/debateplural.net\/site\/wp-json\/wp\/v2\/tags?post=12749"}],"curies":[{"name":"wp","href":"https:\/\/api.w.org\/{rel}","templated":true}]}}