{"id":12862,"date":"2016-12-15T11:09:07","date_gmt":"2016-12-15T15:09:07","guid":{"rendered":"http:\/\/www.debateplural.com\/?p=12862"},"modified":"2016-12-15T11:09:07","modified_gmt":"2016-12-15T15:09:07","slug":"sesionan-uruguay-peticion-venezuela-solucion-controversia-mercosur","status":"publish","type":"post","link":"https:\/\/debateplural.net\/site\/2016\/12\/15\/sesionan-uruguay-peticion-venezuela-solucion-controversia-mercosur\/","title":{"rendered":"Sesionan en Uruguay a petici\u00f3n de Venezuela para soluci\u00f3n de controversia en el Mercosur"},"content":{"rendered":"<div class=\"subtitle\">La delegaci\u00f3n venezolana lleg\u00f3 a\u00a0Uruguay,\u00a0donde la canciller Delcy Rodr\u00edguez\u00a0expondr\u00e1 las agresiones de la Triple Alianza en el Mercosur.<\/div>\n<div id=\"div-gpt-ad-1472165573407-0\"><\/div>\n<div>La Comisi\u00f3n de Coordinadores Nacionales prevista en el mecanismo de soluci\u00f3n de controversias del Protocolo de Olivos del Mercado Com\u00fan del Sur (Mercosur), sesionar\u00e1 este jueves en Montevideo, Uruguay a solicitud de la representaci\u00f3n de <a href=\"http:\/\/localhost\/debateplural\/tag\/venezuela\">Venezuela<\/a>.<\/div>\n<div class=\"txt_newworld\">\n<p>A prop\u00f3sito de la visita, la canciller de Venezuela, Delcy Rodr\u00edguez,\u00a0se reunir\u00e1 con diversas organizaciones pol\u00edticas y sociales de ese pa\u00eds, informaron fuentes diplom\u00e1ticas.<\/p>\n<p>Como parte de su agenda, Rodr\u00edguez sostendr\u00e1 una reuni\u00f3n con el Secretariado de la Central \u00danica de Trabajadores y movimientos sociales uruguayos en Montevideo.<\/p>\n<p>Tambi\u00e9n sostendr\u00e1 un encuentro con el presidente del Frente Amplio, Javier Miranda, y con representantes de la Comisi\u00f3n de Asuntos y Relaciones Internacionales de la fuerza pol\u00edtica de Gobierno.<\/p>\n<p><strong>El dato<\/strong>: La jefe de la diplomacia venezolana arrib\u00f3 a Uruguay proveniente de <a href=\"http:\/\/localhost\/debateplural\/tag\/argentina\">Argentina<\/a>, donde le negaron su participaci\u00f3n en la XI Reuni\u00f3n Extraordinaria de cancilleres del Consejo del Mercado Com\u00fan del Sur (Mercosur), convocada de forma ilegal por Argentina que usurpa la presidencia pro tempore del bloque regional, un puesto que le corresponde a Caracas.<\/p>\n<p>La v\u00edspera, desde las afueras de la Canciller\u00eda argentina, Rodr\u00edguez ratific\u00f3 que su pa\u00eds sigue en ejercicio de la presidencia pro tempore del Mercosur y destac\u00f3 que cumpli\u00f3 con las normas del bloque de integraci\u00f3n al incorporar de buena fe el 95 por ciento de sus reglas.<\/p>\n<p>Al referirse a los hechos ocurridos, donde inclusive result\u00f3 golpeada por la polic\u00eda, la diplom\u00e1tica expres\u00f3 que estas situaciones benefician al mandato de los imperios del norte, que quieren imponerse sobre los pueblos.<\/p>\n<\/div>\n","protected":false},"excerpt":{"rendered":"<p>La delegaci\u00f3n venezolana lleg\u00f3 a\u00a0Uruguay,\u00a0donde la canciller Delcy Rodr\u00edguez\u00a0expondr\u00e1 las agresiones de la Triple Alianza en el Mercosur. La Comisi\u00f3n de Coordinadores Nacionales prevista en el mecanismo de soluci\u00f3n de controversias del Protocolo de Olivos del Mercado Com\u00fan del Sur (Mercosur), sesionar\u00e1 este jueves en Montevideo, Uruguay a solicitud de la representaci\u00f3n de Venezuela. A [&hellip;]<\/p>\n","protected":false},"author":1,"featured_media":6182,"comment_status":"open","ping_status":"open","sticky":false,"template":"","format":"standard","meta":{"footnotes":""},"categories":[14,12],"tags":[63,10],"class_list":["post-12862","post","type-post","status-publish","format-standard","has-post-thumbnail","hentry","category-internacionales","category-politica-3","tag-argentina","tag-venezuela"],"_links":{"self":[{"href":"https:\/\/debateplural.net\/site\/wp-json\/wp\/v2\/posts\/12862"}],"collection":[{"href":"https:\/\/debateplural.net\/site\/wp-json\/wp\/v2\/posts"}],"about":[{"href":"https:\/\/debateplural.net\/site\/wp-json\/wp\/v2\/types\/post"}],"author":[{"embeddable":true,"href":"https:\/\/debateplural.net\/site\/wp-json\/wp\/v2\/users\/1"}],"replies":[{"embeddable":true,"href":"https:\/\/debateplural.net\/site\/wp-json\/wp\/v2\/comments?post=12862"}],"version-history":[{"count":1,"href":"https:\/\/debateplural.net\/site\/wp-json\/wp\/v2\/posts\/12862\/revisions"}],"predecessor-version":[{"id":12863,"href":"https:\/\/debateplural.net\/site\/wp-json\/wp\/v2\/posts\/12862\/revisions\/12863"}],"wp:featuredmedia":[{"embeddable":true,"href":"https:\/\/debateplural.net\/site\/wp-json\/wp\/v2\/media\/6182"}],"wp:attachment":[{"href":"https:\/\/debateplural.net\/site\/wp-json\/wp\/v2\/media?parent=12862"}],"wp:term":[{"taxonomy":"category","embeddable":true,"href":"https:\/\/debateplural.net\/site\/wp-json\/wp\/v2\/categories?post=12862"},{"taxonomy":"post_tag","embeddable":true,"href":"https:\/\/debateplural.net\/site\/wp-json\/wp\/v2\/tags?post=12862"}],"curies":[{"name":"wp","href":"https:\/\/api.w.org\/{rel}","templated":true}]}}