{"id":1288,"date":"2015-09-07T15:08:42","date_gmt":"2015-09-07T15:08:42","guid":{"rendered":"http:\/\/debateplural.com\/?p=1288"},"modified":"2020-01-22T15:33:33","modified_gmt":"2020-01-22T19:33:33","slug":"medina-producira-con-el-proyecto-reeleccionista-un-segundo-hoyo-fiscal-de-mas-de-quinientos-mil-millones-de-pesos-2","status":"publish","type":"post","link":"https:\/\/debateplural.net\/site\/2015\/09\/07\/medina-producira-con-el-proyecto-reeleccionista-un-segundo-hoyo-fiscal-de-mas-de-quinientos-mil-millones-de-pesos-2\/","title":{"rendered":"Medina producir\u00e1 con el proyecto reeleccionista un segundo \u201choyo fiscal\u201d de m\u00e1s de quinientos mil millones de pesos"},"content":{"rendered":"<p style=\"text-align: justify;\">Debateplural.com, reproduce cort\u00e9smente, en atenci\u00f3n a comentarios favorables que lo han solicitado, el art\u00edculo \u00a0que sigue a continuaci\u00f3n, lo cual hacemos hoy con un tipo de letra m\u00e1s destacada.<\/p>\n<p>Por: Angel Moreta<\/p>\n<h3 style=\"text-align: justify;\">El proyecto reeleccionista del presidente <a href=\"http:\/\/localhost\/debateplural\/tag\/danilo-medina\">Danilo Medina<\/a>, traer\u00e1 graves consecuencias a la cr\u00edtica situaci\u00f3n econ\u00f3mica y social de la\u00a0<a href=\"http:\/\/localhost\/debateplural\/tag\/republica-dominicana\">Rep\u00fablica Dominicana<\/a>.\u00a0La mayor\u00eda de los ingresos fiscales ordinarios y extraordinarios; y otros ingresos especiales, probablemente se invertir\u00e1n y consumir\u00e1n en los gastos que requiere y est\u00e1 requiriendo desde ya el proyecto de reelecci\u00f3n presidencial.<\/h3>\n<p>&nbsp;<\/p>\n<h3 style=\"text-align: justify;\">El primer \u201choyo fiscal\u201d, del a\u00f1o 2012, sobrepas\u00f3 un monto de doscientos siete mil millones (RD$207,000.00), sin contar treinta mil millones (RD$30,000.00), tomados en pr\u00e9stamo por el gobierno de entonces al Banco de Reservas de la Rep\u00fablica Dominicana.<strong>Todos estos valores fueron destinados por el gobierno saliente (2008-2012), a gastos e inversiones liquidas en el fortalecimiento de la campa\u00f1a electoral que producir\u00eda la \u201cvictoria\u201d del actual incumbente del Palacio Nacional.<\/strong><\/h3>\n<p><!--more--><\/p>\n<p>&nbsp;<\/p>\n<div id=\"attachment_1272\" style=\"width: 460px\" class=\"wp-caption aligncenter\"><a href=\"http:\/\/tripletecnologia.com\/website\/debateplural\/wp-content\/uploads\/2015\/09\/danilo_medina-y-el-deficit-fiscal-2.jpg\"><img loading=\"lazy\" decoding=\"async\" aria-describedby=\"caption-attachment-1272\" class=\" wp-image-1272\" src=\"http:\/\/tripletecnologia.com\/website\/debateplural\/wp-content\/uploads\/2015\/09\/danilo_medina-y-el-deficit-fiscal-2.jpg\" alt=\"Danilo_Medina y el d\u00e9ficit fiscal: un &quot;hoyo fiscal&quot; de aproximadamente quinientos mil millones de pesos (RD$500,000.00)\" width=\"450\" height=\"343\" \/><\/a><p id=\"caption-attachment-1272\" class=\"wp-caption-text\">Danilo_Medina y el d\u00e9ficit fiscal: un \"hoyo fiscal\" de aproximadamente quinientos mil millones de pesos (RD$500,000.00)<\/p><\/div>\n<p>&nbsp;<\/p>\n<h3 style=\"text-align: justify;\">Fue una victoria poco transparente, producto de la manipulaci\u00f3n publicitaria excesiva y dolosa, de la compra de conciencias, la compra de c\u00e9dula de identidad y votos ciudadanos; <strong>y\u00a0por la gran ayuda de los principales medios de comunicaci\u00f3n social beneficiados con los gastos publicitarios.<\/strong><\/h3>\n<h3 style=\"text-align: justify;\">Por tanto, un triunfo dudoso, producto de un debate electoral desigual, en el cual se pusieron en juego los intereses fundamentales del partido de la liberaci\u00f3n dominicana para la continuaci\u00f3n y prolongaci\u00f3n del mandato que hab\u00eda recibido dicho partido en mayo del a\u00f1o 2008. <strong>Ciertamente, un triunfo con estas caracter\u00edsticas desiguales puede interpretarse como una agresi\u00f3n al sistema democr\u00e1tico dominicano.<\/strong><\/h3>\n<h2 style=\"text-align: center;\">El actual gobierno de Medina<\/h2>\n<h3 style=\"text-align: justify;\"><strong>El actual gobierno de Medina y del partido de la liberaci\u00f3n dominicana, est\u00e1 percibiendo actualmente ingresos tributarios excesivos provenientes de impuestos selectivos al consumo, tales como combustibles, telecomunicaciones, itbis, etc. Adem\u00e1s, hay que sumar unos mil doscientos millones de pesos (RD$1,200.00), generados en la ca\u00edda de los precios del petr\u00f3leo a nivel mundial; los ahorros en cuanto a la baja en el subsidio el\u00e9ctrico, a casi la mitad; de igual modo, hay que incluir como parte de estos ingresos extraordinarios del gobierno de Medina, los aumentos solapados en los precios de la electricidad, aumentos que se han venido haciendo por v\u00eda de la Superintendencia de Electricidad en forma administrativa, sin una resoluci\u00f3n del Ministerio de Industria y Comercio que lo justifique, pues los aumentos de precios en este regl\u00f3n deben hacerse necesariamente por la v\u00eda que dispone la ley.<\/strong><\/h3>\n<h2 style=\"text-align: center;\">Petrocaribe y combustibles<\/h2>\n<h3 style=\"text-align: justify;\">No hemos mencionado las ventajas que proporciona el convenio petrocaribe, con los cuales las oportunidades que ofrece\u00a0<a href=\"http:\/\/localhost\/debateplural\/tag\/venezuela\">Venezuela <\/a>bolivariana\u00a0se convierten en ahorros para el actual gobierno; ahorros que el gobierno se embolsilla sin rendir cuentas al pueblo dominicano y que ascienden en promedio a unos quinientos millones de d\u00f3lares (US$500.00).<strong> Es decir, que la ayuda solidaria bolivariana se convierte en capacidad econ\u00f3mica y de inversi\u00f3n y enriquecimiento para el gobierno actua<\/strong>l.<\/h3>\n<h3 style=\"text-align: justify;\"><strong>Los precios de los combustibles son asunto de inter\u00e9s p\u00fablico, es decir, que deben realizarse auditorias de la C\u00e1mara de Cuentas, lo cual nunca se ha hecho. Las arcas p\u00fablicas est\u00e1n rebosantes en este momento con todos estos ingresos ordinarios y extraordinarios que venimos mencionando.<\/strong><\/h3>\n<h3 style=\"text-align: justify;\">Agreguemos que el itbis va a aumentar en enero 2016 de un 18 a un 24 %, lo cual en t\u00e9rminos relativos representa un aumento \u00a0de 38 %.<\/h3>\n<h2 style=\"text-align: center;\">Maquinaria Electoralista<\/h2>\n<h3 style=\"text-align: justify;\"><strong>La mayor parte de esta riqueza probablemente continuar\u00e1 siendo invertida en el futuro inmediato en la candidatura reeleccionista del presidente Medina para impulsar una maquinaria electoral en marcha que generar\u00e1 indudablemente un segundo \u201choyo fiscal\u201d de grandes dimensiones, ascendente a m\u00e1s de quinientos mil millones de pesos (RD$500,000.00), que ser\u00e1n administrados desde la plataforma de ambici\u00f3n y \u00a0concupiscencia del grupo partidista que ejerce el Poder Pol\u00edtico actual en\u00a0Rep\u00fablica\u00a0Dominicana.<\/strong><\/h3>\n<h3 style=\"text-align: justify;\">Este asunto es indiscutiblemente de inter\u00e9s p\u00fablico, dado que unas elecciones nacionales llevadas a cabo dentro de esos marcos resultar\u00e1 necesariamente en competencia desleal y probablemente en fraude electoral\u2026.<\/h3>\n","protected":false},"excerpt":{"rendered":"<p>Debateplural.com, reproduce cort\u00e9smente, en atenci\u00f3n a comentarios favorables que lo han solicitado, el art\u00edculo \u00a0que sigue a continuaci\u00f3n, lo cual hacemos hoy con un tipo de letra m\u00e1s destacada. Por: Angel Moreta El proyecto reeleccionista del presidente Danilo Medina, traer\u00e1 graves consecuencias a la cr\u00edtica situaci\u00f3n econ\u00f3mica y social de la\u00a0Rep\u00fablica Dominicana.\u00a0La mayor\u00eda de los [&hellip;]<\/p>\n","protected":false},"author":2,"featured_media":8942,"comment_status":"open","ping_status":"open","sticky":false,"template":"","format":"standard","meta":{"footnotes":""},"categories":[3,12],"tags":[31,6,10],"class_list":["post-1288","post","type-post","status-publish","format-standard","has-post-thumbnail","hentry","category-economia","category-politica-3","tag-danilo-medina","tag-republica-dominicana","tag-venezuela"],"_links":{"self":[{"href":"https:\/\/debateplural.net\/site\/wp-json\/wp\/v2\/posts\/1288"}],"collection":[{"href":"https:\/\/debateplural.net\/site\/wp-json\/wp\/v2\/posts"}],"about":[{"href":"https:\/\/debateplural.net\/site\/wp-json\/wp\/v2\/types\/post"}],"author":[{"embeddable":true,"href":"https:\/\/debateplural.net\/site\/wp-json\/wp\/v2\/users\/2"}],"replies":[{"embeddable":true,"href":"https:\/\/debateplural.net\/site\/wp-json\/wp\/v2\/comments?post=1288"}],"version-history":[{"count":3,"href":"https:\/\/debateplural.net\/site\/wp-json\/wp\/v2\/posts\/1288\/revisions"}],"predecessor-version":[{"id":38473,"href":"https:\/\/debateplural.net\/site\/wp-json\/wp\/v2\/posts\/1288\/revisions\/38473"}],"wp:featuredmedia":[{"embeddable":true,"href":"https:\/\/debateplural.net\/site\/wp-json\/wp\/v2\/media\/8942"}],"wp:attachment":[{"href":"https:\/\/debateplural.net\/site\/wp-json\/wp\/v2\/media?parent=1288"}],"wp:term":[{"taxonomy":"category","embeddable":true,"href":"https:\/\/debateplural.net\/site\/wp-json\/wp\/v2\/categories?post=1288"},{"taxonomy":"post_tag","embeddable":true,"href":"https:\/\/debateplural.net\/site\/wp-json\/wp\/v2\/tags?post=1288"}],"curies":[{"name":"wp","href":"https:\/\/api.w.org\/{rel}","templated":true}]}}