{"id":12967,"date":"2016-12-20T16:49:35","date_gmt":"2016-12-20T20:49:35","guid":{"rendered":"http:\/\/www.debateplural.com\/?p=12967"},"modified":"2016-12-20T16:49:35","modified_gmt":"2016-12-20T20:49:35","slug":"juez-brasileno-libera-directivos-odebrecht-mantiene-preso-al-presidente","status":"publish","type":"post","link":"https:\/\/debateplural.net\/site\/2016\/12\/20\/juez-brasileno-libera-directivos-odebrecht-mantiene-preso-al-presidente\/","title":{"rendered":"Juez brasile\u00f1o libera a directivos de Odebrecht pero mantiene preso al presidente"},"content":{"rendered":"<p>El juez encargado de las investigaciones de la Operaci\u00f3n Lava Jato, S\u00e9rgio Moro, liber\u00f3 a dos de los directivos de la constructora <a href=\"http:\/\/localhost\/debateplural\/tag\/odebrecht\">Odebrecht<\/a>, pero mantuvo preso a su presidente, Marcelo Odebrecht.<\/p>\n<p>Los directivos Ol\u00edvio Rodrigues J\u00fanior y Luiz Eduardo da Rocha Soares estaban detenidos desde marzo acusados de formar parte del llamado \"departamento de sobornos\" de Odebrecht, que en la empresa se conoc\u00eda como \"sector de operaciones estructuradas\".<\/p>\n<p>La medida fue tomada el mismo d\u00eda en que las declaraciones de los directivos a los investigadores de la Lava Jato fueran entregadas al Tribunal Supremo Federal por la Procurador\u00eda General de la Rep\u00fablica.<\/p>\n<p>Marcelo Odebrecht, en cambio, no se benefici\u00f3 de esta medida y seguir\u00e1 en la c\u00e1rcel hasta finales de 2017, aunque despu\u00e9s deber\u00e1 seguir cumpliendo su condena por corrupci\u00f3n en prisi\u00f3n domiciliar.<\/p>\n<p><strong>Lula, imputado por cuarta vez en la\u00a0 Operaci\u00f3n Lava Jato<\/strong><\/p>\n<p>El expresidente brasile\u00f1o Luiz In\u00e1cio<a href=\"http:\/\/localhost\/debateplural\/tag\/lula-da-silva\"> Lula da Silva<\/a> fue imputado por cuarta vez en el marco de la Operaci\u00f3n Lava Jato.<\/p>\n<p>El juez S\u00e9rgio Moro decidi\u00f3 aceptar la denuncia de la Fiscal\u00eda e imputar a Lula y a otras siete personas en esta nueva causa, relacionada con presuntos sobornos de la empresa Odebrecht.<\/p>\n<p>Seg\u00fan los investigadores la constructora habr\u00eda donado a Lula de forma irregular un terreno en Sao Paulo para construir la nueva sede del Instituto Lula y un apartamento en Sao Bernardo do Campo, muy cerca de la residencia del ex presidente.<\/p>\n<p>Junto con Lula Moro tambi\u00e9n imput\u00f3 a su esposa, Marisa Leticia; al ex ministro de Econom\u00eda Antonio Palocci y al ex presidente de Odebrecht, Marcelo Odebrecht, entre otros.<\/p>\n<p>Es la cuarta acusaci\u00f3n contra Lula en el marco de la investigaci\u00f3n sobre la trama corrupta construida alrededor de<a href=\"http:\/\/localhost\/debateplural\/tag\/Petrobras\"> Petrobras<\/a>, pero adem\u00e1s tambi\u00e9n fue imputado recientemente en la Operaci\u00f3n Zelotes, un entramado para favorecer a empresas que evad\u00edan impuestos.<\/p>\n","protected":false},"excerpt":{"rendered":"<p>El juez encargado de las investigaciones de la Operaci\u00f3n Lava Jato, S\u00e9rgio Moro, liber\u00f3 a dos de los directivos de la constructora Odebrecht, pero mantuvo preso a su presidente, Marcelo Odebrecht. Los directivos Ol\u00edvio Rodrigues J\u00fanior y Luiz Eduardo da Rocha Soares estaban detenidos desde marzo acusados de formar parte del llamado \"departamento de sobornos\" [&hellip;]<\/p>\n","protected":false},"author":1,"featured_media":9021,"comment_status":"open","ping_status":"open","sticky":false,"template":"","format":"standard","meta":{"footnotes":""},"categories":[14,12],"tags":[25,26,27],"class_list":["post-12967","post","type-post","status-publish","format-standard","has-post-thumbnail","hentry","category-internacionales","category-politica-3","tag-lula-da-silva","tag-odebrecht","tag-petrobras"],"_links":{"self":[{"href":"https:\/\/debateplural.net\/site\/wp-json\/wp\/v2\/posts\/12967"}],"collection":[{"href":"https:\/\/debateplural.net\/site\/wp-json\/wp\/v2\/posts"}],"about":[{"href":"https:\/\/debateplural.net\/site\/wp-json\/wp\/v2\/types\/post"}],"author":[{"embeddable":true,"href":"https:\/\/debateplural.net\/site\/wp-json\/wp\/v2\/users\/1"}],"replies":[{"embeddable":true,"href":"https:\/\/debateplural.net\/site\/wp-json\/wp\/v2\/comments?post=12967"}],"version-history":[{"count":1,"href":"https:\/\/debateplural.net\/site\/wp-json\/wp\/v2\/posts\/12967\/revisions"}],"predecessor-version":[{"id":12968,"href":"https:\/\/debateplural.net\/site\/wp-json\/wp\/v2\/posts\/12967\/revisions\/12968"}],"wp:featuredmedia":[{"embeddable":true,"href":"https:\/\/debateplural.net\/site\/wp-json\/wp\/v2\/media\/9021"}],"wp:attachment":[{"href":"https:\/\/debateplural.net\/site\/wp-json\/wp\/v2\/media?parent=12967"}],"wp:term":[{"taxonomy":"category","embeddable":true,"href":"https:\/\/debateplural.net\/site\/wp-json\/wp\/v2\/categories?post=12967"},{"taxonomy":"post_tag","embeddable":true,"href":"https:\/\/debateplural.net\/site\/wp-json\/wp\/v2\/tags?post=12967"}],"curies":[{"name":"wp","href":"https:\/\/api.w.org\/{rel}","templated":true}]}}