{"id":13003,"date":"2016-12-22T10:35:13","date_gmt":"2016-12-22T14:35:13","guid":{"rendered":"http:\/\/www.debateplural.com\/?p=13003"},"modified":"2016-12-22T10:35:13","modified_gmt":"2016-12-22T14:35:13","slug":"balaguer-del-coronel-bosch-las-pugnas-los-generales-perez-perez-nivar-seijas","status":"publish","type":"post","link":"https:\/\/debateplural.net\/site\/2016\/12\/22\/balaguer-del-coronel-bosch-las-pugnas-los-generales-perez-perez-nivar-seijas\/","title":{"rendered":"El Balaguer del coronel Bosch: Las pugnas entre los generales  P\u00e9rez y P\u00e9rez y Nivar Seijas"},"content":{"rendered":"<p>Tres a\u00f1os atr\u00e1s fue publicado el libro \u0093Balaguer and the Dominican Military\u0094, escrito por el Coronel retirado del Ej\u00e9rcito de Estados Unidos, Brian J. Bosch. El autor sirvi\u00f3 como Agregado Militar de la embajada estadounidense en <a href=\"http:\/\/localhost\/debateplural\/tag\/republica-dominicana\">Rep\u00fablica Dominicana<\/a> entre los a\u00f1os 1970 y 1974. Dicha obra es un detallado an\u00e1lisis de las cuestiones militares durante Los 12 a\u00f1os de Balaguer\u0094.<\/p>\n<p>Para esto, el autor utiliz\u00f3 como material de apoyo privilegiado, numerosos documentos desclasificados por los Departamentos de Estado y de Defensa de <a href=\"http:\/\/localhost\/debateplural\/tag\/estados-unidos\">Estados Unidos<\/a>. Tambi\u00e9n consult\u00f3 peri\u00f3dicos y revistas, libros de dominicanos y estadounidenses, as\u00ed como entrevist\u00f3 a colegas del MAAG. El resultado de esa investigaci\u00f3n es una visi\u00f3n excepcional hacia las interioridades de la Presidencia de Joaqu\u00edn Balaguer. Muestra la perversa manipulaci\u00f3n que el Presidente dominicano hac\u00eda de los grupos rivales dentro de las Fuerzas Armadas. Expone tambi\u00e9n el involucramiento permanente en esas pugnas de los funcionarios de Estados Unidos.<\/p>\n<p>Luego de varios intentos, los derechos para la traducci\u00f3n al castellano de esa obra le fueron concedidos a la Fundaci\u00f3n Cultural Dominicana, encabezada por Bernardo Vega, que ahora pone a disposici\u00f3n de los lectores dominicanos bajo el t\u00edtulo Balaguer y los Militares Dominicanos.<\/p>\n<p>Resulta notable el juicio que el autor de esta obra ofrece sobre la visi\u00f3n de Balaguer en los asuntos militares.<\/p>\n<p><strong>\u00a0Desconfianza militar<\/strong><\/p>\n<p>Balaguer ten\u00eda profunda desconfianza hacia un cuerpo de oficiales que tuviera identidad institucional propia y que pudiera funcionar aut\u00f3nomamente al margen de la Presidencia. Los incidentes de intervenci\u00f3n pol\u00edtica de parte del cuasi profesional CEFA, fueron amplia prueba para Balaguer de que los l\u00edderes militares educados, aquellos que podr\u00edan moldear una organizaci\u00f3n moderna y coherente, pod\u00edan convertirse en amenazas potenciales para su control futuro del Estado. As\u00ed, cuando Balaguer inici\u00f3 su primer periodo de gobierno posterior a la muerte de <a href=\"http:\/\/localhost\/debateplural\/tag\/Trujillo\">Trujillo<\/a>, se embarc\u00f3 en una clara pol\u00edtica de desalentar el profesionalismo dentro de las Fuerzas Armadas.<\/p>\n<p><strong>Enchinchar rivalidades<\/strong><\/p>\n<p>Desde la toma de posesi\u00f3n de Balaguer el 1\u00ba de julio de 1966 y a lo largo de su segundo per\u00edodo de gobierno, 1970-1974, estimul\u00f3 una profunda rivalidad entre los generales Neit Nivar Seijas y Enrique P\u00e9rez y P\u00e9rez. El coronel \u00ae Bosch destaca que Nivar Seijas hab\u00eda dedicado toda su energ\u00eda al retorno de Balaguer a la Presidencia hasta el punto de haber compartido con \u00e9ste el exilio en Estados Unidos. Supon\u00eda, por lo tanto, que una vez llegado al poder, el Presidente lo designar\u00eda Ministro de las Fuerzas Armadas. Sin embargo, Nivar y sus seguidores fueron sorprendidos cuando Balaguer, influido por la embajada de Estados Unidos, mantuvo al general Enrique P\u00e9rez y P\u00e9rez en ese cargo. Para agudizar la frustraci\u00f3n de Nivar Seijas, Balaguer lo reintegr\u00f3 al Ej\u00e9rcito Nacional con su antiguo rango de Coronel. Lo design\u00f3 entonces para dirigir el Cuerpo de Ayudantes Militares, un cargo que, en 1966, no ten\u00eda gran influencia en el establishment pol\u00edtico militar.<\/p>\n<p>A lo largo de la extensa descripci\u00f3n que hace el otrora Agregado Militar en su libro, deja entrever expl\u00edcitamente la afinidad de los asesores estadounidenses con Enrique P\u00e9rez y P\u00e9rez, a quien consideraban un profesional militar.<\/p>\n<p><strong>El general de la Embajada<\/strong><\/p>\n<p>Destaca varios episodios que, seg\u00fan su entender, lo hicieron el preferido de la Embajada de Estados Unidos en Santo Domingo. Describe a P\u00e9rez y P\u00e9rez como un hombre con habilidad natural para mandar. Hab\u00eda dirigido sus tropas en los sangrientos combates, casa por casa y cuadra por cuadra, durante la Operaci\u00f3n Limpieza sin demostrar emoci\u00f3n o vacilaci\u00f3n alguna. De ah\u00ed en adelante, P\u00e9rez y P\u00e9rez se estableci\u00f3 ante los asesores militares estadounidenses como el l\u00edder de las Fuerzas Armadas.<\/p>\n<p>En contraste, seg\u00fan el autor de la obra, la Embajada consideraba que Nivar no ten\u00eda educaci\u00f3n militar, nunca hab\u00eda participado en combates y se dedicaba m\u00e1s a los asuntos pol\u00edticos y a enriquecerse.<\/p>\n<p><strong>El atentado a Imbert<\/strong><\/p>\n<p>El coronel \u00ae Bosch opina en su obra que el alejamiento de Nivar Seijas del entorno del Palacio Nacional s\u00f3lo pudo ser posible cuando el general Antonio Imbert Barreras sobrevivi\u00f3 un atentado contra su vida. Se coment\u00f3 entonces que los trujillistas coroneles Nivar y Marmolejos estaban detr\u00e1s de la conspiraci\u00f3n. En breve plazo Nivar fue oficialmente transferido al mando de la Primera Brigada del Ej\u00e9rcito Nacional.<\/p>\n<p><strong>La Banda<\/strong><\/p>\n<p>Tambi\u00e9n describe c\u00f3mo, para frenar la escalada de violencia, el general Enrique P\u00e9rez y P\u00e9rez, con aprobaci\u00f3n del presidente Balaguer, cre\u00f3 en 1968 desde la base de San Isidro, un equipo contrainsurgente de sicarios. Su misi\u00f3n espec\u00edfica ser\u00eda eliminar individualmente a los que consideraban l\u00edderes terroristas. El jefe del equipo ser\u00eda el segundo teniente de la Fuerza A\u00e9rea, Joaqu\u00edn Pou Castro.<\/p>\n<p>Textualmente, en su libro, Brian J. Bosch dice:<\/p>\n<p>El p\u00fablico entend\u00eda superficialmente el car\u00e1cter del general P\u00e9rez y P\u00e9rez cuando se convirti\u00f3 en el jefe de las fuerzas de seguridad del pa\u00eds. Su compromiso con el deber, su autodisciplina y su control de las emociones eran comentados entre los que mejor lo conoc\u00edan. Pero no era de todos conocida su absoluta crueldad.<\/p>\n<p>Siempre de acuerdo con el libro del coronel \u00ae Bosch, con P\u00e9rez y P\u00e9rez a la cabeza de la Polic\u00eda Nacional, se iniciaron los preparativos para montar un proyecto antiterrorista. Cerca de 400 j\u00f3venes de los estratos sociales m\u00e1s bajos fueron reclutados para formar el \u0093Frente Juvenil Democr\u00e1tico Anticomunista y Antiterrorista\u0094 que, desde el inicio de sus actividades, fue conocido como \u0093La Banda\u0094. El l\u00edder nominal fue un antiguo militante de izquierda, Ram\u00f3n P\u00e9rez Mart\u00ednez, mejor conocido como \u0093Macor\u00eds\u0094. El autor de esta obra se\u00f1ala que \u0093La Banda\u0094 estuvo en funci\u00f3n operacional desde la tercera semana de abril de 1971 y su primer objetivo ser\u00eda aterrorizar a los izquierdistas en las escuelas p\u00fablicas y en la Universidad Aut\u00f3noma de Santo Domingo.<\/p>\n<p>Escandalizada por todos los desmanes de \u0093La Banda\u0094, la embajada de Estados Unidos empez\u00f3 a presionar al presidente Balaguer para que desaprobara esas acciones. Desde abril hasta agosto de 1971, cerca de 50 personas hab\u00edan sido asesinadas. Por su impunidad absoluta, daba la impresi\u00f3n de que se convertir\u00eda en una instituci\u00f3n permanente del gobierno. Esto se vio reforzado cuando el Director General de \u0093La Banda\u0094, Ram\u00f3n P\u00e9rez Mart\u00ednez (a) Macor\u00eds, fue a la televisi\u00f3n el 28 de agosto para acusar a Juan Bosch de ser responsable por la violencia del pa\u00eds. Volver\u00eda a los medios para explicar que el grupo anticomunista y antiterrorista era una garant\u00eda para la tranquilidad nacional.<\/p>\n<p>El autor del libro rese\u00f1a que Balaguer se negaba a frenar a \u0093La Banda\u0094. El 28 de agosto de 1971, un reportaje del New York Times describi\u00f3 los desmanes de \u0093La Banda\u0094 y el hecho de que el embajador Melloy alert\u00f3 personalmente a Balaguer de las brutales actividades. Advert\u00eda el peri\u00f3dico que esas acciones podr\u00edan afectar las actitudes del gobierno estadounidense en relaci\u00f3n con la cuota azucarera dominicana. Balaguer ignor\u00f3 la publicaci\u00f3n del NYT pero luego el Washington Post y el Wall Street Journal publicaron art\u00edculos de primera p\u00e1gina acerca del uso del terror por el gobierno. Estos art\u00edculos tuvieron un impacto profundo sobre el Presidente dominicano ya que pon\u00eda en peligro la cuota azucarera. Por fin, Balaguer orden\u00f3 al general P\u00e9rez y P\u00e9rez que disolviera \u0093La Banda\u0094. Dos semanas despu\u00e9s, Rep\u00fablica Dominicana recibir\u00eda una cuota sustancial de az\u00facar de los Estados Unidos.<\/p>\n<p><strong>Caama\u00f1o<\/strong><\/p>\n<p>Narra el coronel \u00ae Brian J. Bosch en su libro que para la jefatura militar dominicana el asunto Caama\u00f1o era el problema m\u00e1s serio. La posibilidad de un resurgimiento del l\u00edder de la lucha contra la invasi\u00f3n estadounidense en 1965 al frente de un grupo armado, era calificada como la mayor amenaza para los intereses de las instituciones militares. Debido a esta gran preocupaci\u00f3n, los asesores estadounidenses del MAAG se dieron a la tarea de formar dos agrupaciones con fuerza de Batall\u00f3n: una en Mao y otra en Constanza.<\/p>\n<p>Hasta donde el coronel Bosch conoce, la \u00fanica cr\u00edtica de la operaci\u00f3n contraguerrillera dominicana en 1973 fue el informe escrito por \u00e9l en calidad de Agregado Militar de la Embajada estadounidense. El an\u00e1lisis de esa operaci\u00f3n sac\u00f3 a la superficie los notables fallos de las Fuerzas Armadas dominicanas que podr\u00edan significar grandes problemas para el pa\u00eds si tuviera que enfrentar una amenaza m\u00e1s grave que la de 1973.<\/p>\n<p>Sin lugar a dudas, el libro Balaguer y los Militares Dominicanos debe ser lectura obligada de todo aquel interesado en conocer las interioridades del establishment militar-policial dominicano, instrumento fundamental de la violencia criminal de Los Doce A\u00f1os del presidente Joaqu\u00edn Balaguer.<\/p>\n","protected":false},"excerpt":{"rendered":"<p>Tres a\u00f1os atr\u00e1s fue publicado el libro \u0093Balaguer and the Dominican Military\u0094, escrito por el Coronel retirado del Ej\u00e9rcito de Estados Unidos, Brian J. Bosch. El autor sirvi\u00f3 como Agregado Militar de la embajada estadounidense en Rep\u00fablica Dominicana entre los a\u00f1os 1970 y 1974. Dicha obra es un detallado an\u00e1lisis de las cuestiones militares durante [&hellip;]<\/p>\n","protected":false},"author":1,"featured_media":13004,"comment_status":"open","ping_status":"open","sticky":false,"template":"","format":"standard","meta":{"footnotes":""},"categories":[16,5],"tags":[8,6,97],"class_list":["post-13003","post","type-post","status-publish","format-standard","has-post-thumbnail","hentry","category-libros","category-nacionales","tag-estados-unidos","tag-republica-dominicana","tag-trujillo"],"_links":{"self":[{"href":"https:\/\/debateplural.net\/site\/wp-json\/wp\/v2\/posts\/13003"}],"collection":[{"href":"https:\/\/debateplural.net\/site\/wp-json\/wp\/v2\/posts"}],"about":[{"href":"https:\/\/debateplural.net\/site\/wp-json\/wp\/v2\/types\/post"}],"author":[{"embeddable":true,"href":"https:\/\/debateplural.net\/site\/wp-json\/wp\/v2\/users\/1"}],"replies":[{"embeddable":true,"href":"https:\/\/debateplural.net\/site\/wp-json\/wp\/v2\/comments?post=13003"}],"version-history":[{"count":1,"href":"https:\/\/debateplural.net\/site\/wp-json\/wp\/v2\/posts\/13003\/revisions"}],"predecessor-version":[{"id":13005,"href":"https:\/\/debateplural.net\/site\/wp-json\/wp\/v2\/posts\/13003\/revisions\/13005"}],"wp:featuredmedia":[{"embeddable":true,"href":"https:\/\/debateplural.net\/site\/wp-json\/wp\/v2\/media\/13004"}],"wp:attachment":[{"href":"https:\/\/debateplural.net\/site\/wp-json\/wp\/v2\/media?parent=13003"}],"wp:term":[{"taxonomy":"category","embeddable":true,"href":"https:\/\/debateplural.net\/site\/wp-json\/wp\/v2\/categories?post=13003"},{"taxonomy":"post_tag","embeddable":true,"href":"https:\/\/debateplural.net\/site\/wp-json\/wp\/v2\/tags?post=13003"}],"curies":[{"name":"wp","href":"https:\/\/api.w.org\/{rel}","templated":true}]}}