{"id":13088,"date":"2016-12-26T11:42:11","date_gmt":"2016-12-26T15:42:11","guid":{"rendered":"http:\/\/www.debateplural.com\/?p=13088"},"modified":"2016-12-26T11:42:11","modified_gmt":"2016-12-26T15:42:11","slug":"consultas-reunion-rusia-otan-seran-principios-2017","status":"publish","type":"post","link":"https:\/\/debateplural.net\/site\/2016\/12\/26\/consultas-reunion-rusia-otan-seran-principios-2017\/","title":{"rendered":"Consultas sobre reuni\u00f3n Rusia-OTAN ser\u00e1n a principios de 2017"},"content":{"rendered":"<p>Las consultas sobre una nueva reuni\u00f3n del Consejo <a href=\"http:\/\/localhost\/debateplural\/tag\/rusia\">Rusia<\/a>&#8211;<a href=\"http:\/\/localhost\/debateplural\/tag\/otan\">OTAN<\/a> empezar\u00e1n a principios de 2017, inform\u00f3 el embajador ruso ante la OTAN, Alexandr Grushk\u00f3.<\/p>\n<p>\"Despu\u00e9s del A\u00f1o Nuevo empezaremos consultas sobre la convocatoria de una nueva sesi\u00f3n\", dijo al comentar la posible fecha de reuni\u00f3n.<\/p>\n<p>Adem\u00e1s record\u00f3 que el trabajo del consejo no lo congelaron ellos y que est\u00e1n \"abiertos al di\u00e1logo\".<\/p>\n<p>Expres\u00f3 la esperanza de que las reuniones \"tengan un valor agregado, aunque el di\u00e1logo es importante en s\u00ed mismo\" porque se realiza un intercambio de evaluaciones de la situaci\u00f3n, lo que ayuda a las partes a comprender los motivos de los otros.<\/p>\n<p>Grushk\u00f3 subray\u00f3 que \"un di\u00e1logo organizado tiene que cubrir el intercambio de opiniones, visiones sobre el car\u00e1cter de las amenazas\" para abordar las cuestiones m\u00e1s espec\u00edficas de la seguridad y la planificaci\u00f3n militar.<\/p>\n<p>El Consejo Rusia-OTAN, un foro de consultas bilaterales establecido en 2002, celebr\u00f3 en abril pasado su primer encuentro en dos a\u00f1os, volvi\u00f3 a reunirse en julio despu\u00e9s de que la organizaci\u00f3n atl\u00e1ntica aprobara un incremento sin precedentes de la presencia militar en el este de <a href=\"http:\/\/localhost\/debateplural\/tag\/europa\">Europa<\/a> en el marco de la pol\u00edtica de contenci\u00f3n a Rusia y celebrara una tercera reuni\u00f3n a nivel de embajadores el 19 de diciembre.<\/p>\n","protected":false},"excerpt":{"rendered":"<p>Las consultas sobre una nueva reuni\u00f3n del Consejo Rusia&#8211;OTAN empezar\u00e1n a principios de 2017, inform\u00f3 el embajador ruso ante la OTAN, Alexandr Grushk\u00f3. \"Despu\u00e9s del A\u00f1o Nuevo empezaremos consultas sobre la convocatoria de una nueva sesi\u00f3n\", dijo al comentar la posible fecha de reuni\u00f3n. Adem\u00e1s record\u00f3 que el trabajo del consejo no lo congelaron ellos [&hellip;]<\/p>\n","protected":false},"author":1,"featured_media":13089,"comment_status":"open","ping_status":"open","sticky":false,"template":"","format":"standard","meta":{"footnotes":""},"categories":[14,12],"tags":[67,38,40],"class_list":["post-13088","post","type-post","status-publish","format-standard","has-post-thumbnail","hentry","category-internacionales","category-politica-3","tag-europa","tag-otan","tag-rusia"],"_links":{"self":[{"href":"https:\/\/debateplural.net\/site\/wp-json\/wp\/v2\/posts\/13088"}],"collection":[{"href":"https:\/\/debateplural.net\/site\/wp-json\/wp\/v2\/posts"}],"about":[{"href":"https:\/\/debateplural.net\/site\/wp-json\/wp\/v2\/types\/post"}],"author":[{"embeddable":true,"href":"https:\/\/debateplural.net\/site\/wp-json\/wp\/v2\/users\/1"}],"replies":[{"embeddable":true,"href":"https:\/\/debateplural.net\/site\/wp-json\/wp\/v2\/comments?post=13088"}],"version-history":[{"count":1,"href":"https:\/\/debateplural.net\/site\/wp-json\/wp\/v2\/posts\/13088\/revisions"}],"predecessor-version":[{"id":13090,"href":"https:\/\/debateplural.net\/site\/wp-json\/wp\/v2\/posts\/13088\/revisions\/13090"}],"wp:featuredmedia":[{"embeddable":true,"href":"https:\/\/debateplural.net\/site\/wp-json\/wp\/v2\/media\/13089"}],"wp:attachment":[{"href":"https:\/\/debateplural.net\/site\/wp-json\/wp\/v2\/media?parent=13088"}],"wp:term":[{"taxonomy":"category","embeddable":true,"href":"https:\/\/debateplural.net\/site\/wp-json\/wp\/v2\/categories?post=13088"},{"taxonomy":"post_tag","embeddable":true,"href":"https:\/\/debateplural.net\/site\/wp-json\/wp\/v2\/tags?post=13088"}],"curies":[{"name":"wp","href":"https:\/\/api.w.org\/{rel}","templated":true}]}}