{"id":13258,"date":"2017-01-03T10:35:04","date_gmt":"2017-01-03T14:35:04","guid":{"rendered":"http:\/\/www.debateplural.com\/?p=13258"},"modified":"2017-01-03T10:35:04","modified_gmt":"2017-01-03T14:35:04","slug":"pedro-henriquez-urena-segun-miguel-d-mena","status":"publish","type":"post","link":"https:\/\/debateplural.net\/site\/2017\/01\/03\/pedro-henriquez-urena-segun-miguel-d-mena\/","title":{"rendered":"Pedro Henr\u00edquez Ure\u00f1a, seg\u00fan Miguel D. Mena"},"content":{"rendered":"<p><strong>Jos\u00e9 Rafael Lantigua (Diario Libre, 31-10-2015)\u00a0<\/strong><\/p>\n<p>&nbsp;<\/p>\n<p>Que recordemos, en <a href=\"http:\/\/localhost\/debateplural\/tag\/republica-dominicana\">Rep\u00fablica Dominicana<\/a> se han realizado tres intentos para reunir las obras completas de Pedro Henr\u00edquez Ure\u00f1a, nuestra primer\u00edsima figura intelectual. La primera fue labor, encomiable y valiosa desde cualquier punto de vista, de Juan Jacobo de Lara, con el auspicio de la Universidad Nacional Pedro Henr\u00edquez Ure\u00f1a (UNPHU), en diez tomos, que tom\u00f3 un lustro en completarse, de 1976 a 1980 cuando apareci\u00f3 el volumen que cerraba la serie.<\/p>\n<p>Podr\u00eda considerarse que la de Lara fue una edici\u00f3n carente de rigor, pero fue el primer gran esfuerzo por tener una edici\u00f3n dominicana de las obras del preclaro humanista y, por tanto, un punto de partida para divulgar y reconocer la extraordinaria labor intelectual del hijo de Francisco Henr\u00edquez y Salom\u00e9 Ure\u00f1a. Lara hizo la recopilaci\u00f3n, prolog\u00f3 cada volumen y aport\u00f3 la plata para que se llevase a cabo esta necesaria edici\u00f3n. Lara ten\u00eda un conocimiento cabal de la obra de Pedro, se preocup\u00f3 en reunirla y aceptaba en el volumen diez que exist\u00eda \u201cm\u00e1s material de trabajos escritos y publicados por don Pedro que no poseemos, pero todo lo incluido en estas Obras Completas es lo que hemos podido recoger a trav\u00e9s de extensos viajes y de extenso indagar por las Am\u00e9ricas\u201d. Lara quiso ofrecer una panor\u00e1mica de la amplia labor intelectual de Henr\u00edquez Ure\u00f1a y el cometido fue cumplido. Puso su dinero y su empe\u00f1o en realizar esta labor y hay que reconocer que fue, por muchos a\u00f1os, el referente que ten\u00edamos los dominicanos para estudiar la labor citada, y el primer gran esfuerzo en reunirla.<\/p>\n<p>Los intelectuales dominicanos no quedaron conforme con la edici\u00f3n de Juan Jacobo de Lara y la UNPHU, y colocaron muchos reparos a la misma. Empero, a la vista de hoy, treinta y cinco a\u00f1os despu\u00e9s, debe admitirse que fue un esfuerzo personal de mucha val\u00eda, con m\u00e9ritos suficientes para que se reconozca esa contribuci\u00f3n como veh\u00edculo original para elevar el conocimiento entre nosotros de la magna obra de don Pedro. Veintitr\u00e9s a\u00f1os m\u00e1s tarde, en 2003, la entonces Secretar\u00eda de Estado de Cultura, dirigida en su primera etapa por el poeta Tony Raful, decidi\u00f3 crear una amplia comisi\u00f3n para ejecutar el proyecto de las obras completas de Pedro Henr\u00edquez Ure\u00f1a, encargando a un intelectual reconocido el estudio preliminar del contenido de cada tomo. El esfuerzo, que cont\u00f3 con el respaldo financiero del Banco de Reservas, no pudo completarse y solo salieron a la luz cinco vol\u00famenes. El primero (Ficci\u00f3n) lo prologaba Di\u00f3genes C\u00e9spedes; el segundo (Estudios literarios) conten\u00eda un estudio de Bruno Rosario Candelier; el tercero (Estudios m\u00e9tricos) trajo presentaci\u00f3n de Manuel Matos Moquete; el cuarto (Estudios ling\u00fc\u00edsticos y filol\u00f3gicos) se encomend\u00f3 su proemio a Irene P\u00e9rez Guerra; y el quinto (Escritos pol\u00edticos, sociol\u00f3gicos y filos\u00f3ficos) fue prologado por Manuel N\u00fa\u00f1ez. Se trataba pues de un equipo de grandes ligas en el orden intelectual, pero, lamentablemente, el proyecto no fue completado.<\/p>\n<p>Desde que se inici\u00f3 mi gesti\u00f3n cultural hice esfuerzos para continuar esta colecci\u00f3n, siempre bajo el entendido de que deb\u00edamos tener los dominicanos una edici\u00f3n propia de la obra de don Pedro. Escritores y lectores extranjeros ven\u00edan al pa\u00eds y trataban de procurar las obras de PHU sin que pudiesen obtenerlas. Era una verg\u00fcenza que deb\u00edamos enfrentar. Me reun\u00ed con las cabezas del proyecto que eran tambi\u00e9n mis amigos (Andr\u00e9s L. Mateo, Soledad \u00c1lvarez, Manuel N\u00fa\u00f1ez y Di\u00f3genes C\u00e9spedes) a fin de retomar y completar el esfuerzo realizado. Por diversas razones no fue posible completar, o reiniciar como era la propuesta de algunos, el proyecto. No parec\u00eda f\u00e1cil poder acoplar las ideas que cada uno ten\u00eda sobre c\u00f3mo deb\u00eda realizarse la edici\u00f3n. Los proyectos donde entran en juego muchas voces, casi siempre resultan fallidos. Ca\u00edmos en un limbo y, en verdad, por diversas razones abandon\u00e9 la idea \u2013que algunos de los invitados a esa reuni\u00f3n compart\u00edan- de continuar la labor tal y como hab\u00eda sido concebida.<\/p>\n<p>Pas\u00f3 el tiempo y en el \u00ednterin, entre 2008 y 2012, hice publicar la \u201cObra y Apuntes\u201d de Max Henr\u00edquez Ure\u00f1a, en 28 tomos, uno de los legados m\u00e1s trascendentes en la historia intelectual de nuestro pa\u00eds, gracias a la labor de investigaci\u00f3n que hab\u00eda realizado el historiador cubano Luis Felipe C\u00e9spedes en los archivos del Instituto de Literatura y Ling\u00fc\u00edstica y en otras instituciones de <a href=\"http:\/\/localhost\/debateplural\/tag\/cuba\">Cuba<\/a>. Reun\u00edamos primero las obras de Max que las de Pedro. No obstante, ten\u00eda siempre la pena y la insatisfacci\u00f3n de que terminar\u00eda mi gesti\u00f3n sin poder lograr el objetivo de hacer la gran primera edici\u00f3n dominicana de las obras completas de Pedro Henr\u00edquez Ure\u00f1a, proeza que figuraba desde hac\u00eda a\u00f1os en el cat\u00e1logo del Fondo de Cultura Econ\u00f3mica, de M\u00e9xico. UNESCO, en coedici\u00f3n con Galaxia Gutemberg y C\u00edrculo de Lectores, hab\u00eda publicado en 1998, con reedici\u00f3n en 2000, dentro de su Colecci\u00f3n Archivos, solo los ensayos de PHU, en una edici\u00f3n cr\u00edtica en la que tomaron parte Soledad Alvarez y Guillermo Pi\u00f1a-Contreras.<\/p>\n<p>Entonces, lleg\u00f3 a mi despacho Miguel D. Mena. Tra\u00eda en sus alforjas el proyecto completo. Hab\u00eda dedicado a\u00f1os a la labor de compilar las obras de PHU y me solicitaba apoyo para poder llevar a cabo la tarea, que habr\u00eda de implicar visitas a M\u00e9xico, Argentina, Estados Unidos, a los lugares donde vivi\u00f3 y labor\u00f3 intelectualmente don Pedro, a fin de bucear en archivos y bibliotecas para encontrar nuevos hallazgos o consolidar lo que ya nuestro reconocido escritor y editor ten\u00eda consigo. Yo cre\u00ed encontrar la soluci\u00f3n a la insatisfacci\u00f3n que sent\u00eda de no poder cumplir con la meta de realizar esta edici\u00f3n dominicana. No vacil\u00e9, aunque no pocos me advirtieron de un posible fracaso. Confi\u00e9 en Miguel y en lo que me planteaba. No ten\u00eda otra opci\u00f3n y quer\u00eda terminar mi labor en la regencia de la cultura oficial publicando las obras completas de don Pedro. El tiempo avanz\u00f3 y aunque Miguel cumpli\u00f3 entregando los siete primeros tomos no pude ver publicados los mismos porque ya no hubo tiempo para hacerlo, pero el d\u00eda que entregu\u00e9 el mando a mi sucesor dej\u00e9 esos siete vol\u00famenes en sus manos, listos para ser publicados.<\/p>\n<p>Dejando de lado contratiempos que resulta innecesario relatar, esos siete primeros vol\u00famenes de las Obras Completas de Pedro Henr\u00edquez Ure\u00f1a fueron finalmente publicados en 2013, y otros siete m\u00e1s para completar la tarea acordada acaban de ser entregados al p\u00fablico en el presente a\u00f1o. Por fin, luego de treinta y nueve a\u00f1os de que Juan Jacobo de Lara pusiese la primera piedra, y doce a\u00f1os despu\u00e9s del intento loable, pero frustrado, del grupo de intelectuales que emprendi\u00f3 la misi\u00f3n de esta compilaci\u00f3n, podemos decir que los dominicanos tenemos una edici\u00f3n propia y muy digna de las obras completas de la m\u00e1xima figura de nuestras letras, que lo es tambi\u00e9n de todo el Continente, respetado y admirado por las m\u00e1s grandes personalidades de la intelectualidad de la Am\u00e9rica Hispana.<\/p>\n<p>Como la de Juan Jacobo de Lara tuvo su sello personal, por igual la tiene esta de Miguel D. Mena, guardando distancias. Cada cabeza es un mundo y es probable que encontremos voces entre nuestros escritores que no est\u00e9n de acuerdo con esta edici\u00f3n. Los prejuicios y las malquerencias son pan cotidiano en la vida intelectual de nuestro pa\u00eds. Pero, si nos despoj\u00e1ramos de ellos, deber\u00edamos aplaudir la labor tit\u00e1nica y de altos m\u00e9ritos de Miguel D. Mena que con pasi\u00f3n asumi\u00f3 esta tarea inconclusa de nuestra historia literaria y la llev\u00f3 a cabo con \u00e9xito, entregando al pa\u00eds cultural dominicano 14 vol\u00famenes, todos debidamente prologados, que re\u00fanen la trayectoria de pensamiento, evaluaci\u00f3n y reflexiones del m\u00e1s grande intelectual nuestro. A lo mejor tendr\u00e1 Miguel que seguir aumentando la colecci\u00f3n, pues de don Pedro siguen apareciendo materiales importantes, como el epistolario que acaba de recopilar Bernardo Vega, sacado de los papeles del archivo de don Emilio Rodr\u00edguez Demorizi. Pero, la tarea fundamental est\u00e1 ya completada.<\/p>\n<p>Y digo m\u00e1s. La edici\u00f3n est\u00e1 muy bien concebida, pero si yo estuviese cerca del Presidente de la Rep\u00fablica le sugerir\u00eda realizar otra edici\u00f3n, de lujo, con caracteres y cubierta de mayor dimensi\u00f3n, a fin de que el primero entre sus pares lo enviase como regalo a cada uno de los mandatarios de la regi\u00f3n y a notables figuras de la intelectualidad hispanoamericana, y lo tuviese siempre a mano para obsequiar a visitantes distinguidos, como muestra de veneraci\u00f3n a don Pedro y como legado fundamental de la historia cultural dominicana.<\/p>\n","protected":false},"excerpt":{"rendered":"<p>Jos\u00e9 Rafael Lantigua (Diario Libre, 31-10-2015)\u00a0 &nbsp; Que recordemos, en Rep\u00fablica Dominicana se han realizado tres intentos para reunir las obras completas de Pedro Henr\u00edquez Ure\u00f1a, nuestra primer\u00edsima figura intelectual. La primera fue labor, encomiable y valiosa desde cualquier punto de vista, de Juan Jacobo de Lara, con el auspicio de la Universidad Nacional Pedro [&hellip;]<\/p>\n","protected":false},"author":1,"featured_media":6266,"comment_status":"open","ping_status":"open","sticky":false,"template":"","format":"standard","meta":{"footnotes":""},"categories":[18,16],"tags":[20,6],"class_list":["post-13258","post","type-post","status-publish","format-standard","has-post-thumbnail","hentry","category-cultura","category-libros","tag-cuba","tag-republica-dominicana"],"_links":{"self":[{"href":"https:\/\/debateplural.net\/site\/wp-json\/wp\/v2\/posts\/13258"}],"collection":[{"href":"https:\/\/debateplural.net\/site\/wp-json\/wp\/v2\/posts"}],"about":[{"href":"https:\/\/debateplural.net\/site\/wp-json\/wp\/v2\/types\/post"}],"author":[{"embeddable":true,"href":"https:\/\/debateplural.net\/site\/wp-json\/wp\/v2\/users\/1"}],"replies":[{"embeddable":true,"href":"https:\/\/debateplural.net\/site\/wp-json\/wp\/v2\/comments?post=13258"}],"version-history":[{"count":1,"href":"https:\/\/debateplural.net\/site\/wp-json\/wp\/v2\/posts\/13258\/revisions"}],"predecessor-version":[{"id":13259,"href":"https:\/\/debateplural.net\/site\/wp-json\/wp\/v2\/posts\/13258\/revisions\/13259"}],"wp:featuredmedia":[{"embeddable":true,"href":"https:\/\/debateplural.net\/site\/wp-json\/wp\/v2\/media\/6266"}],"wp:attachment":[{"href":"https:\/\/debateplural.net\/site\/wp-json\/wp\/v2\/media?parent=13258"}],"wp:term":[{"taxonomy":"category","embeddable":true,"href":"https:\/\/debateplural.net\/site\/wp-json\/wp\/v2\/categories?post=13258"},{"taxonomy":"post_tag","embeddable":true,"href":"https:\/\/debateplural.net\/site\/wp-json\/wp\/v2\/tags?post=13258"}],"curies":[{"name":"wp","href":"https:\/\/api.w.org\/{rel}","templated":true}]}}