{"id":13327,"date":"2017-01-05T10:56:37","date_gmt":"2017-01-05T14:56:37","guid":{"rendered":"http:\/\/www.debateplural.com\/?p=13327"},"modified":"2017-01-05T10:56:37","modified_gmt":"2017-01-05T14:56:37","slug":"negocio-la-otan-ucrania-empieza-producir-fusiles-m16-estadounidenses","status":"publish","type":"post","link":"https:\/\/debateplural.net\/site\/2017\/01\/05\/negocio-la-otan-ucrania-empieza-producir-fusiles-m16-estadounidenses\/","title":{"rendered":"El negocio de la OTAN: Ucrania empieza a producir fusiles M16 estadounidenses"},"content":{"rendered":"<p>La empresa estatal Ukroboronservis, en colaboraci\u00f3n con la compa\u00f1\u00eda estadounidense Aeroscraft, planea producir en territorio ucraniano armas ligeras seg\u00fan las normas de la <a href=\"http:\/\/localhost\/debateplural\/tag\/otan\">OTAN<\/a>.<\/p>\n<p>\"La producci\u00f3n de armas seg\u00fan las normas de la OTAN representa un paso crucial en el proceso de desarrollo y reforma del sector industrial-militar de<a href=\"http:\/\/localhost\/debateplural\/tag\/ucrania\"> Ucrania<\/a>\", declar\u00f3 Sergu\u00e9i Mikituk, jefe de Ukroboronservis.<\/p>\n<p>El primer modelo de armamento de la Alianza producido en Ucrania ser\u00e1 el fusil de asalto M16 WAC47.<\/p>\n<p>En diciembre de 2014, la Rada Suprema\u00a0\u2014Parlamento ucraniano\u2014 renunci\u00f3 al estatus de pa\u00eds no alineado para allanar el camino hacia la posible incorporaci\u00f3n de Kiev a la OTAN<\/p>\n<p>El inicio de la producci\u00f3n de armas de fuego ligeras supondr\u00e1 un alivio para el sector militar ucraniano, que recientemente perdi\u00f3 la capacidad de producir equipos m\u00e1s sofisticados como tanques, aviones o camiones.<\/p>\n","protected":false},"excerpt":{"rendered":"<p>La empresa estatal Ukroboronservis, en colaboraci\u00f3n con la compa\u00f1\u00eda estadounidense Aeroscraft, planea producir en territorio ucraniano armas ligeras seg\u00fan las normas de la OTAN. \"La producci\u00f3n de armas seg\u00fan las normas de la OTAN representa un paso crucial en el proceso de desarrollo y reforma del sector industrial-militar de Ucrania\", declar\u00f3 Sergu\u00e9i Mikituk, jefe de [&hellip;]<\/p>\n","protected":false},"author":1,"featured_media":13328,"comment_status":"open","ping_status":"open","sticky":false,"template":"","format":"standard","meta":{"footnotes":""},"categories":[14,12],"tags":[38,61],"class_list":["post-13327","post","type-post","status-publish","format-standard","has-post-thumbnail","hentry","category-internacionales","category-politica-3","tag-otan","tag-ucrania"],"_links":{"self":[{"href":"https:\/\/debateplural.net\/site\/wp-json\/wp\/v2\/posts\/13327"}],"collection":[{"href":"https:\/\/debateplural.net\/site\/wp-json\/wp\/v2\/posts"}],"about":[{"href":"https:\/\/debateplural.net\/site\/wp-json\/wp\/v2\/types\/post"}],"author":[{"embeddable":true,"href":"https:\/\/debateplural.net\/site\/wp-json\/wp\/v2\/users\/1"}],"replies":[{"embeddable":true,"href":"https:\/\/debateplural.net\/site\/wp-json\/wp\/v2\/comments?post=13327"}],"version-history":[{"count":1,"href":"https:\/\/debateplural.net\/site\/wp-json\/wp\/v2\/posts\/13327\/revisions"}],"predecessor-version":[{"id":13329,"href":"https:\/\/debateplural.net\/site\/wp-json\/wp\/v2\/posts\/13327\/revisions\/13329"}],"wp:featuredmedia":[{"embeddable":true,"href":"https:\/\/debateplural.net\/site\/wp-json\/wp\/v2\/media\/13328"}],"wp:attachment":[{"href":"https:\/\/debateplural.net\/site\/wp-json\/wp\/v2\/media?parent=13327"}],"wp:term":[{"taxonomy":"category","embeddable":true,"href":"https:\/\/debateplural.net\/site\/wp-json\/wp\/v2\/categories?post=13327"},{"taxonomy":"post_tag","embeddable":true,"href":"https:\/\/debateplural.net\/site\/wp-json\/wp\/v2\/tags?post=13327"}],"curies":[{"name":"wp","href":"https:\/\/api.w.org\/{rel}","templated":true}]}}