{"id":13339,"date":"2017-01-05T12:19:45","date_gmt":"2017-01-05T16:19:45","guid":{"rendered":"http:\/\/www.debateplural.com\/?p=13339"},"modified":"2017-01-05T12:19:45","modified_gmt":"2017-01-05T16:19:45","slug":"veloz-maggiolohay-cambiar-la-dinamica-educativa-los-jovenes-lean","status":"publish","type":"post","link":"https:\/\/debateplural.net\/site\/2017\/01\/05\/veloz-maggiolohay-cambiar-la-dinamica-educativa-los-jovenes-lean\/","title":{"rendered":"Veloz Maggiolo:\u201cHay que cambiar la din\u00e1mica educativa, para que los j\u00f3venes lean\u201d"},"content":{"rendered":"<p>A pesar de que se inici\u00f3 en el quehacer literario de manera prematura, sesenta a\u00f1os despu\u00e9s, el doctor Marcio Veloz Maggiolo todav\u00eda conserva su profunda pasi\u00f3n por la escritura y, sobretodo, por la articulaci\u00f3n de mensajes que dejen ense\u00f1anzas y aportes positivos a la sociedad. \u201cYo escrib\u00ed mis primeros poemas en 1956, en una obra que se llamaba El Sol y las Cosas y que se public\u00f3 en 1957\u201d.<\/p>\n<p>Nacido en el populoso sector de Villa Francisca, el poeta, novelista, arque\u00f3logo, antrop\u00f3logo, ensayista y profesor universitario ha desarrollado una prol\u00edfera carrera, la cual registra significativos aportes en el plano literario y en la ciencia.<\/p>\n<p>Esta versatilidad para manejar de manera magistral diversos g\u00e9neros literarios y para realizar aportes cient\u00edficos lo ubican en la meca de la intelectualidad en la Rep\u00fablica Dominicana.<\/p>\n<p>Ha escrito m\u00e1s de 70 t\u00edtulos y le da los toques finales a dos proyectos literarios que pr\u00f3ximamente publicar\u00e1. En entrevista para El Universitario, el laureado intelectual dice que la literatura le sigue importando mucho y que un escritor siempre siente que le falta algo por hacer.<\/p>\n<p>\u201cEn mi infancia y en mi adolescencia yo fui un lector, ya que mi padre, Federico Veloz Molina, que es autor de un libro sobre la misericordia, ten\u00eda una peque\u00f1a biblioteca donde guardaba importantes libros del per\u00edodo cl\u00e1sico, principalmente de historia. Recuerdo que le\u00eda a El Quijote, los Doce C\u00e9sares y tambi\u00e9n le\u00ed muchos libros prestados, porque no ten\u00eda condiciones para comprarlos\u201d, narra el autor de Creonte y de Intus, con el cual obtuvo el Premio de Poes\u00eda Gast\u00f3n Fernando Deligne en 1962.<\/p>\n<p>Para Veloz Maggiolo, el profesional que no tiene curiosidad se queda corto intelectualmente hablando, por lo que siempre vive explorando en los libros en busca de nuevos conocimientos para compartirlos a trav\u00e9s de sus narraciones literarias, con las cuales busca impulsar el cambio social.<\/p>\n<p>Egres\u00f3 en 1962 de la carrera de Filosof\u00eda y Letras de la Universidad de Santo Domingo, UASD, donde considera adquiri\u00f3 la capacidad de sistematizar la cultura y el conocimiento.<\/p>\n<p>Otorga sus cr\u00e9ditos a los brillantes profesores y asesores que tuvo en su \u00e9poca de estudiante. Resalta a M\u00e1ximo Coiscou Henr\u00edquez y a quien considera su principal mentor, el maestro Antonio Fern\u00e1ndez Spencer.<\/p>\n<p>Se inici\u00f3 por todo lo alto en la literatura b\u00edblica con la novela El buen ladr\u00f3n, en 1960, la cual recibi\u00f3 el Premio William Faulkner a la mejor narraci\u00f3n dominicana de ese a\u00f1o, que tambi\u00e9n public\u00f3 la Colecci\u00f3n Arquero.<\/p>\n<p><strong>Influencias en su estilo<\/strong><\/p>\n<p>Albert Camus fue uno de los autores que m\u00e1s influencia ejerci\u00f3 sobre el estilo de Veloz Maggiolo, seg\u00fan cuenta el reputado intelectual a El Universitario, precisando que la obra El Extranjero le provoc\u00f3 un gran impacto.<\/p>\n<p>\u201cYo tuve mucha influencia de la obra El Llano en Llamas, de Juan Rulfo, un insigne novelista mexicano. Yo tuve influencia del autor de Jos\u00e9 Trigo, Fernando del Paso, quien recientemente gan\u00f3 el premio Cervantes\u201d, apunta.<\/p>\n<p><strong>Constructor de tendencias literarias<\/strong><\/p>\n<p>La lectura de libros modernos le permiti\u00f3 al tambi\u00e9n periodista saber que hab\u00eda formas novel\u00edsticas diferentes al Realismo, lo que era t\u00edpico en la literatura dominicana. Se considera, junto a A\u00edda Cartagena Portalat\u00edn, como el constructor del proceso de transici\u00f3n hacia otro tipo de corriente literaria.<\/p>\n<p>\u201cNosotros salimos del Realismo con Aida Cartagena y conmigo. Aida public\u00f3 Una Escalera para Electra, que es una ruptura con el Realismo y produce una literatura de espacios diferentes, entre lo cual entra la t\u00e9cnica europea del momento. Y nosotros intentamos hacer eso con la novela existencialista tambi\u00e9n. Entonces, hay una ruptura que en parte es hecha por la Universidad, Aida fue profesora de arte mucho tiempo\u201d, explica.<\/p>\n<p><strong>Su paso por las aulas universitarias<\/strong><\/p>\n<p>De su paso por las aulas universitarias, Veloz Maggiolo recuerda la calidad de los profesores de la \u00e9poca, destacando las grandes ense\u00f1anzas del maestro Roble Toledano, quien era experto en la literatura cl\u00e1sica y Vetilio Alfau Dur\u00e1n, reputado historiador.<\/p>\n<p>\u201cY yo ten\u00eda la asesor\u00eda de Antonio Fern\u00e1ndez Spencer, que despu\u00e9s por razones de la guerra de abril nos separamos. Pero el fue para m\u00ed la figura clave para yo aprender r\u00e1pidamente lo que a otro le costaba mucho tiempo, porque era mi profesor en la universidad, pero tambi\u00e9n era mi amigo\u201d, subraya el autor de la Vida no Tiene Nombre.<\/p>\n<p><strong>Su visi\u00f3n sobre la sociedad de hoy<\/strong><\/p>\n<p>El intelectual considera que se necesita un cambio que permita que la cultura avance y que contemos con una sociedad m\u00e1s honesta, donde desaparezca la corrupci\u00f3n. \u201cA los puestos p\u00fablicos deben ir personas capacitadas para que hagan un aporte a la sociedad\u201d.<\/p>\n<p>Estima que la UASD, como academia estatal, debe trabajar en la construcci\u00f3n de ese necesario cambio social. \u201cHoy vivimos en un capitalismo brutal, donde la gente mata por un celular, no para usarlo, sino para venderlo. Eso es un indicador de la deformaci\u00f3n del ser humano\u201d.<\/p>\n<p>Favorece un cambio de din\u00e1mica en materia educativa, ya que en el actual esquema de ense\u00f1anza no se usa el libro. Estima que la figura del maestro hay que elevarla y que en la nueva jornada extendida hay que inculcarles a los j\u00f3venes el h\u00e1bito de lectura.<\/p>\n<p>De todas sus publicaciones, considera que la obra La Mosca Soldado ha sido la mejor lograda, por el gran impacto que produjo. Celebra que una intelectual de nivel de Fl\u00e9rida Nolasco haya considerado ese t\u00edtulo como la mejor novela de la Rep\u00fablica Dominicana.<\/p>\n<p><strong>Obras publicadas<\/strong><\/p>\n<p>Literarias: El Sol y las Cosas (1957), El Buen Ladr\u00f3n (1960), Creonte y Seis Relatos (1961), Intus (1962), El Pr\u00f3fugo (1962), Judas -La Vida no Tiene Nombre (1965), Los \u00c1ngeles de hueso (1966), Cultura, Teatro y Relatos en Santo Domingo (1969), De abril en Adelante (1975), Sobre Cultura Dominicana (1977), De d\u00f3nde Vino la Gente (1978), Sobre Cultura y Pol\u00edtica Cultural en la Rep\u00fablica Dominicana (1980) y La Biograf\u00eda Difusa de Sombra Casta\u00f1eda (1981).<\/p>\n<p>Tambi\u00e9n La Palabra reunida (1981), Novelas Cortas (1981), La F\u00e9rtil Agon\u00eda del Amor (1981), Apearse de la M\u00e1scara (1986), Florbella (1986), Cuentos, Recuentos y Casicuentos (1986), Poemas en Ciernes y Retorno a la Palabra (1986), Materia Prima (1990), Ritos de Cabaret (1992), El Jefe iba Descalzo (1993), Trujillo, Villa Francisca y otros Fantasmas (1996), El hombre del Acorde\u00f3n (2003), La Mosca Soldado (2004).<\/p>\n<p>Antropol\u00f3gicas y cient\u00edficas: Arqueolog\u00eda prehist\u00f3rica de Santo Domingo (1972), El Precer\u00e1mico de Santo Domingo, nuevos lugares y su posible relaci\u00f3n con otros puntos del \u00e1rea antillana (en colaboraci\u00f3n con Elpidio Ortega, 1973), Esquema para una revisi\u00f3n de nomenclaturas arqueol\u00f3gicas del poblamiento precer\u00e1mico de las Antillas (en colaboraci\u00f3n con Plinio Pina y Manuel Garc\u00eda Ar\u00e9valo, 1974) entre otras.<\/p>\n<p>&nbsp;<\/p>\n","protected":false},"excerpt":{"rendered":"<p>A pesar de que se inici\u00f3 en el quehacer literario de manera prematura, sesenta a\u00f1os despu\u00e9s, el doctor Marcio Veloz Maggiolo todav\u00eda conserva su profunda pasi\u00f3n por la escritura y, sobretodo, por la articulaci\u00f3n de mensajes que dejen ense\u00f1anzas y aportes positivos a la sociedad. \u201cYo escrib\u00ed mis primeros poemas en 1956, en una obra [&hellip;]<\/p>\n","protected":false},"author":1,"featured_media":13340,"comment_status":"open","ping_status":"open","sticky":false,"template":"","format":"standard","meta":{"footnotes":""},"categories":[18,16],"tags":[],"class_list":["post-13339","post","type-post","status-publish","format-standard","has-post-thumbnail","hentry","category-cultura","category-libros"],"_links":{"self":[{"href":"https:\/\/debateplural.net\/site\/wp-json\/wp\/v2\/posts\/13339"}],"collection":[{"href":"https:\/\/debateplural.net\/site\/wp-json\/wp\/v2\/posts"}],"about":[{"href":"https:\/\/debateplural.net\/site\/wp-json\/wp\/v2\/types\/post"}],"author":[{"embeddable":true,"href":"https:\/\/debateplural.net\/site\/wp-json\/wp\/v2\/users\/1"}],"replies":[{"embeddable":true,"href":"https:\/\/debateplural.net\/site\/wp-json\/wp\/v2\/comments?post=13339"}],"version-history":[{"count":1,"href":"https:\/\/debateplural.net\/site\/wp-json\/wp\/v2\/posts\/13339\/revisions"}],"predecessor-version":[{"id":13341,"href":"https:\/\/debateplural.net\/site\/wp-json\/wp\/v2\/posts\/13339\/revisions\/13341"}],"wp:featuredmedia":[{"embeddable":true,"href":"https:\/\/debateplural.net\/site\/wp-json\/wp\/v2\/media\/13340"}],"wp:attachment":[{"href":"https:\/\/debateplural.net\/site\/wp-json\/wp\/v2\/media?parent=13339"}],"wp:term":[{"taxonomy":"category","embeddable":true,"href":"https:\/\/debateplural.net\/site\/wp-json\/wp\/v2\/categories?post=13339"},{"taxonomy":"post_tag","embeddable":true,"href":"https:\/\/debateplural.net\/site\/wp-json\/wp\/v2\/tags?post=13339"}],"curies":[{"name":"wp","href":"https:\/\/api.w.org\/{rel}","templated":true}]}}