{"id":13507,"date":"2017-01-13T11:34:44","date_gmt":"2017-01-13T15:34:44","guid":{"rendered":"http:\/\/www.debateplural.com\/?p=13507"},"modified":"2017-01-13T11:34:44","modified_gmt":"2017-01-13T15:34:44","slug":"republica-dominicana-una-sociedad-enferma","status":"publish","type":"post","link":"https:\/\/debateplural.net\/site\/2017\/01\/13\/republica-dominicana-una-sociedad-enferma\/","title":{"rendered":"Rep\u00fablica Dominicana: \u201cuna sociedad enferma\u201d"},"content":{"rendered":"<p><strong>Luis Scheker Ortiz (Hoy, 16-8-11)<\/strong><\/p>\n<p>&nbsp;<\/p>\n<p>Que C\u00e9sar Mella me asista. No soy psic\u00f3logo ni psiquiatra. M\u00e1s que el Derecho, me interes\u00f3 la Sociolog\u00eda despu\u00e9s de graduarme como abogado. Mas que presentir, sab\u00eda que la sociedad dominicana iba a experimentar profundos cambios luego del ajusticiamiento de <a href=\"http:\/\/localhost\/debateplural\/tag\/Trujillo\">Trujillo<\/a>, de\u00a0 venirse abajo su r\u00e9gimen de represi\u00f3n y terror que nos priv\u00f3 de la prenda m\u00e1s preciada del ser humano: la libertad. El derecho de ser libre para pensar, sentir,\u00a0 actuar y crecer dentro de los l\u00edmites necesarios de la convivencia; del debido respeto- no del temor- a los dem\u00e1s, a la ley, al orden y a la esencia de la democracia: ser iguales siendo diferentes, sin privilegios irritantes, s\u00f3lo para ser mejores y servir al bien com\u00fan conforme con nuestros talentos y riquezas productos del estudio y del trabajo.<\/p>\n<p>Bosch lo comprend\u00eda as\u00ed.\u00a0 Sab\u00eda que la sociedad y\u00a0 el individuo, por ella condicionado, iban a pasar por una etapa dif\u00edcil de transici\u00f3n.<\/p>\n<p>Que necesitar\u00eda de estudios, de an\u00e1lisis\u00a0 de polit\u00f3logos y soci\u00f3logos capaces de desentra\u00f1ar las causas y diagnosticar remedios. Pero \u00e9l prefiri\u00f3 que estudiara Administraci\u00f3n P\u00fablica, para modernizarla, profesionalizarla, disciplinarla y hacerla m\u00e1s eficaz y eficiente. Tambi\u00e9n se pod\u00eda ayudar a\u00a0 la sociedad\u00a0 con el ejemplo de una buena administraci\u00f3n: austera, honesta, al servicio de los dem\u00e1s. Ese ejemplo, bien dirigido, dur\u00f3 siete meses.<\/p>\n<p>Pero nunca jam\u00e1s pudo\u00a0 \u00e9l ni nadie\u00a0 pensar\u00a0 que \u00edbamos a caer en semejante abismo. En una paranoia colectiva, demencial, de violencia y cr\u00edmenes aberrantes, de impunidad absoluta, de corrupci\u00f3n incontenible,\u00a0 permeando todos los sectores de la vida nacional. A la interminable lista de feminicidios y violencia familiar, de muertes brutales entre hermanos por pugnas sin sentido,\u00a0\u00a0 donde un\u00a0 menor de edad dispara a mansalva para matar por paga a una joven desconocida,\u00a0 inocente, para ser luego calcinada; entre todos estos hechos horribles, se agrega otro ins\u00f3lito: profesores que\u00a0 asesinan sin piedad a la Directora de su propia escuela, lo que revela hasta d\u00f3nde ha llegado la crisis de una sociedad enferma, hasta d\u00f3nde el futuro de la patria, se encuentra en grave peligro.<\/p>\n<p>Un detalle: ante un\u00a0 peque\u00f1o percance sufrido por alumnos que no pasaron las pruebas nacionales, la respuesta es amotinamiento y amenazas. No saben otra forma de reaccionar\u00a0 porque\u00a0 ni en la familia ni en la escuela les ense\u00f1aron a contenerse, a dialogar y usar\u00a0 sus derechos, incluso la rebeld\u00eda, si nadie les escucha y la causa es justa. No aprendieron\u00a0 a\u00a0 luchar, ni a saber perder, para superarse. Recogen s\u00edntomas graves de una sociedad enferma, en franca descomposici\u00f3n, a punto de perecer, abatida por el narco, la miseria, la ignorancia y la falta de fe. Vienen a mi mente Mi Pueblo Blanco, los versos del cantautor Joan Manuel Serrat: \u0093Escapad gente tierna que esta tierra est\u00e1 enferma y no esper\u00e9is ma\u00f1ana lo que\u00a0 no te dio ayer, que no hay nada que hacer\u0085.\u00a1Pero los muertos est\u00e1n en cautiverio y no nos dejan salir del Cementerio!\u0094\u00a0 Planteado el tremendo dilema, aquellos que lucharon por nosotros\u00a0 esperan, como salida, algo mejor que la huida.<\/p>\n","protected":false},"excerpt":{"rendered":"<p>Luis Scheker Ortiz (Hoy, 16-8-11) &nbsp; Que C\u00e9sar Mella me asista. No soy psic\u00f3logo ni psiquiatra. M\u00e1s que el Derecho, me interes\u00f3 la Sociolog\u00eda despu\u00e9s de graduarme como abogado. Mas que presentir, sab\u00eda que la sociedad dominicana iba a experimentar profundos cambios luego del ajusticiamiento de Trujillo, de\u00a0 venirse abajo su r\u00e9gimen de represi\u00f3n y [&hellip;]<\/p>\n","protected":false},"author":1,"featured_media":13508,"comment_status":"open","ping_status":"open","sticky":false,"template":"","format":"standard","meta":{"footnotes":""},"categories":[],"tags":[],"class_list":["post-13507","post","type-post","status-publish","format-standard","has-post-thumbnail","hentry"],"_links":{"self":[{"href":"https:\/\/debateplural.net\/site\/wp-json\/wp\/v2\/posts\/13507"}],"collection":[{"href":"https:\/\/debateplural.net\/site\/wp-json\/wp\/v2\/posts"}],"about":[{"href":"https:\/\/debateplural.net\/site\/wp-json\/wp\/v2\/types\/post"}],"author":[{"embeddable":true,"href":"https:\/\/debateplural.net\/site\/wp-json\/wp\/v2\/users\/1"}],"replies":[{"embeddable":true,"href":"https:\/\/debateplural.net\/site\/wp-json\/wp\/v2\/comments?post=13507"}],"version-history":[{"count":1,"href":"https:\/\/debateplural.net\/site\/wp-json\/wp\/v2\/posts\/13507\/revisions"}],"predecessor-version":[{"id":13509,"href":"https:\/\/debateplural.net\/site\/wp-json\/wp\/v2\/posts\/13507\/revisions\/13509"}],"wp:featuredmedia":[{"embeddable":true,"href":"https:\/\/debateplural.net\/site\/wp-json\/wp\/v2\/media\/13508"}],"wp:attachment":[{"href":"https:\/\/debateplural.net\/site\/wp-json\/wp\/v2\/media?parent=13507"}],"wp:term":[{"taxonomy":"category","embeddable":true,"href":"https:\/\/debateplural.net\/site\/wp-json\/wp\/v2\/categories?post=13507"},{"taxonomy":"post_tag","embeddable":true,"href":"https:\/\/debateplural.net\/site\/wp-json\/wp\/v2\/tags?post=13507"}],"curies":[{"name":"wp","href":"https:\/\/api.w.org\/{rel}","templated":true}]}}