{"id":13554,"date":"2017-01-16T10:11:45","date_gmt":"2017-01-16T14:11:45","guid":{"rendered":"http:\/\/www.debateplural.com\/?p=13554"},"modified":"2017-01-16T10:11:45","modified_gmt":"2017-01-16T14:11:45","slug":"error-catastrofico-trump-critica-la-politica-migratoria-merkel","status":"publish","type":"post","link":"https:\/\/debateplural.net\/site\/2017\/01\/16\/error-catastrofico-trump-critica-la-politica-migratoria-merkel\/","title":{"rendered":"\"Un error catastr\u00f3fico\": Trump critica la pol\u00edtica migratoria de Merkel"},"content":{"rendered":"<p>En una entrevista concedida al diario 'The Times', el presidente electo de <a href=\"http:\/\/localhost\/debateplural\/tag\/estados-unidos\">Estados Unidos<\/a>,\u00a0<a href=\"http:\/\/localhost\/debateplural\/tag\/donald-trump\">Donald Trum<\/a>p, ha expresado que la canciller alemana Angela Merkel cometi\u00f3 un \"error catastr\u00f3fico\" al permitir que m\u00e1s de 1 mill\u00f3n de inmigrantes ingresaran al pa\u00eds.<\/p>\n<p>\"Creo que ella (Merkel) cometi\u00f3 un error catastr\u00f3fico y fue aceptar a todos esos ilegales\", se\u00f1al\u00f3.<\/p>\n<p>El republicano, que ser\u00e1 investido como el 45.\u00ba presidente estadounidense el 20 de enero, ha declarado que comenzar\u00e1 por confiar en\u00a0<a href=\"http:\/\/localhost\/debateplural\/tag\/vladimir-putin\">Vlad\u00edmir Putin<\/a>\u00a0y el<a href=\"http:\/\/localhost\/debateplural\/tag\/angela-merkel\">\u00a0Angela Merkel<\/a>, pero eso \"podr\u00eda no durar mucho\". Adem\u00e1s, Trump ha subrayado que\u00a0<strong>Merkel es por lejos la l\u00edder m\u00e1s importante de Europa<\/strong>.<\/p>\n<p>\"Si miras a la Uni\u00f3n Europea, es <a href=\"http:\/\/localhost\/debateplural\/tag\/alemania\">Alemania<\/a>. B\u00e1sicamente es un veh\u00edculo para Alemania\", ha apuntado el magnate.<\/p>\n<p>Asimismo, el mandatario electo de EE.UU. se ha referido a la Organizaci\u00f3n del Tratado del Atl\u00e1ntico Norte (OTAN). Trump, quien asumir\u00e1 el cargo el pr\u00f3ximo jueves 20 de enero,\u00a0cree\u00a0que\u00a0<strong>la OTAN es una organizaci\u00f3n importante, pero \"obsoleta\"<\/strong>. Al mismo, tiempo el magnate sugiri\u00f3 que la Uni\u00f3n Europea lo sabe, pero que es indiferente a esa situaci\u00f3n.<\/p>\n","protected":false},"excerpt":{"rendered":"<p>En una entrevista concedida al diario 'The Times', el presidente electo de Estados Unidos,\u00a0Donald Trump, ha expresado que la canciller alemana Angela Merkel cometi\u00f3 un \"error catastr\u00f3fico\" al permitir que m\u00e1s de 1 mill\u00f3n de inmigrantes ingresaran al pa\u00eds. \"Creo que ella (Merkel) cometi\u00f3 un error catastr\u00f3fico y fue aceptar a todos esos ilegales\", se\u00f1al\u00f3. [&hellip;]<\/p>\n","protected":false},"author":1,"featured_media":12150,"comment_status":"open","ping_status":"open","sticky":false,"template":"","format":"standard","meta":{"footnotes":""},"categories":[14,12],"tags":[7,65,85,8,42],"class_list":["post-13554","post","type-post","status-publish","format-standard","has-post-thumbnail","hentry","category-internacionales","category-politica-3","tag-alemania","tag-angela-merkel","tag-donald-trump","tag-estados-unidos","tag-vladimir-putin"],"_links":{"self":[{"href":"https:\/\/debateplural.net\/site\/wp-json\/wp\/v2\/posts\/13554"}],"collection":[{"href":"https:\/\/debateplural.net\/site\/wp-json\/wp\/v2\/posts"}],"about":[{"href":"https:\/\/debateplural.net\/site\/wp-json\/wp\/v2\/types\/post"}],"author":[{"embeddable":true,"href":"https:\/\/debateplural.net\/site\/wp-json\/wp\/v2\/users\/1"}],"replies":[{"embeddable":true,"href":"https:\/\/debateplural.net\/site\/wp-json\/wp\/v2\/comments?post=13554"}],"version-history":[{"count":1,"href":"https:\/\/debateplural.net\/site\/wp-json\/wp\/v2\/posts\/13554\/revisions"}],"predecessor-version":[{"id":13555,"href":"https:\/\/debateplural.net\/site\/wp-json\/wp\/v2\/posts\/13554\/revisions\/13555"}],"wp:featuredmedia":[{"embeddable":true,"href":"https:\/\/debateplural.net\/site\/wp-json\/wp\/v2\/media\/12150"}],"wp:attachment":[{"href":"https:\/\/debateplural.net\/site\/wp-json\/wp\/v2\/media?parent=13554"}],"wp:term":[{"taxonomy":"category","embeddable":true,"href":"https:\/\/debateplural.net\/site\/wp-json\/wp\/v2\/categories?post=13554"},{"taxonomy":"post_tag","embeddable":true,"href":"https:\/\/debateplural.net\/site\/wp-json\/wp\/v2\/tags?post=13554"}],"curies":[{"name":"wp","href":"https:\/\/api.w.org\/{rel}","templated":true}]}}