{"id":13622,"date":"2017-01-18T11:08:37","date_gmt":"2017-01-18T15:08:37","guid":{"rendered":"http:\/\/www.debateplural.com\/?p=13622"},"modified":"2017-01-18T11:08:37","modified_gmt":"2017-01-18T15:08:37","slug":"memoria-la-pobreza-republica-dominicana","status":"publish","type":"post","link":"https:\/\/debateplural.net\/site\/2017\/01\/18\/memoria-la-pobreza-republica-dominicana\/","title":{"rendered":"Haciendo memoria sobre la pobreza Rep\u00fablica Dominicana"},"content":{"rendered":"<div style=\"text-align: left;\" align=\"center\">\n<p><strong>Annet C\u00e1rdenas (D. Libre, 21-8-12)<\/strong><\/p>\n<\/div>\n<p>La pobreza se ha escapado sin ning\u00fan esfuerzo del quehacer de los gobiernos y los pol\u00edticos de la Rep\u00fablica Dominicana. Les ha dejado, si acaso, una ligera esencia con la cual perfumar sus discursos y reportes para que puedan mostrar un leve olor a pueblo necesitado, que viene muy bien, sobre todo durante los per\u00edodos electorales.<\/p>\n<p>Entretanto, la pobreza, con todo su maldito esplendor, repta, se arrastra, explota y no se esconde, en los mismos lugares donde siempre estado, y algunos nuevos, asfixiando, nada m\u00e1s y nada menos que al 40 por ciento de la poblaci\u00f3n de esta media isla. Casi la mitad de los dominicanos y las dominicanas, cuya poblaci\u00f3n total, si se hace caso del informe final del XI Censo Nacional de Poblaci\u00f3n y Vivienda 2010, asciende a 9,445,281 personas.<\/p>\n<p>Al menos ese 40 por ciento es la cifra sobre la pobreza que ha dado a conocer el Ministerio de Econom\u00eda, Planificaci\u00f3n y Desarrollo al publicar la nueva metodolog\u00eda oficial de medici\u00f3n de la pobreza en Rep\u00fablica Dominicana. Seg\u00fan esos c\u00e1lculos, 4,037,980 (40.2 por ciento) ciudadanos y ciudadanas de este pa\u00eds viven en condiciones de pobreza, y de ellos, 1,024,881 (10.4 por ciento) sobreviven en la pobreza extrema.<\/p>\n<p><img loading=\"lazy\" decoding=\"async\" title=\"Gr\u00e1fico 1\" src=\"http:\/\/app2.diariolibre.com\/contenidodl\/infografias\/graficoannet-1.jpg\" alt=\"Gr\u00e1fico 1\" width=\"600\" height=\"464\" \/><\/p>\n<p>Pero ahora, hasta el vocablo se ha tornado elusivo, y los que hasta hace muy poco eran simplemente pobres, en la actualidad pueden ser necesitados, personas de escasos recursos, sectores menos privilegiados, segmentos de la poblaci\u00f3n m\u00e1s vulnerables, creando un eufemismo sociol\u00f3gico que ha alcanzado y de alg\u00fan modo lastra los esfuerzos asistencialistas que despliegan las autoridades para intentar mitigar el mal y sus consecuencias. Con no muy buenos resultados, la verdad sea dicha.<\/p>\n<p>Porque, ya no es cuesti\u00f3n solamente de tratar de ahuyentar un poco la pobreza, sino de enfrentar de una vez la abismal desigualdad que se impone cada d\u00eda m\u00e1s en la sociedad dominicana y que no deja muchos resquicios para una efectiva lucha contra el ya casi epid\u00e9mico empobrecimiento de la poblaci\u00f3n.<\/p>\n<p><strong>La ruta de la pobreza<\/strong><\/p>\n<p>Esta no es una problem\u00e1tica nueva, ni tampoco exclusiva de la naci\u00f3n dominicana. Los pobres hablan en casi todos los idiomas y necesitan recursos en la mayor\u00eda de las monedas que tienen curso legal en los mercados del mundo.<\/p>\n<p>En este pa\u00eds, en lo que concierne a la lucha contra la pobreza, ha habido muchos a\u00f1os malos y otros peores. Si la sima m\u00e1s profunda fue en el a\u00f1o 2004, con m\u00e1s de un 49 por ciento de la poblaci\u00f3n sumida en la pobreza, los a\u00f1os siguientes han sido per\u00edodos de ascensos a cuentagotas, que de ninguna manera guardan correspondencia con los publicitados \u00edndices de crecimiento econ\u00f3mico que reflejan los informes del Banco Central de la Rep\u00fablica Dominicana (BCRD).<\/p>\n<p>Y la pobreza campea por las ciudades, pero se adue\u00f1a de los campos. Poco importa si es en el Este tur\u00edstico, en el Norte cibae\u00f1o, en la zona fronteriza o en el llamado \"Sur Profundo\", como la provincia San Juan de la Maguana, donde vive la joven Helen Mateo Mora, de 16 a\u00f1os. All\u00ed, por doquier imperan la falta de oportunidades y el desempleo, que se decanta en una migraci\u00f3n sin freno que despuebla el interior de la Rep\u00fablica, para propiciar el hacinamiento y la arrabalizaci\u00f3n en los barrios de la periferia de las principales urbes del pa\u00eds.<\/p>\n<p>Esta adolescente que ha decidido no quedarse al margen de la labor social que despliegan varias organizaciones no gubernamentales en su comunidad, dice conocer en qu\u00e9 consiste el Programa Solidaridad que desarrolla el gobierno, aunque considera que no es de gran ayuda para que una familia pobre pueda subsistir, pero \"de algo sirve\".<\/p>\n<p>La joven Helen no es precisamente una partidaria de la construcci\u00f3n del Metro de Santo Domingo. \"Aqu\u00ed en la Rep\u00fablica Dominicana, el principal problema es que hay mucha pobreza y el gobierno gasta dinero en cosas innecesarias, por ejemplo el Metro. Eso fue un dinero que no debi\u00f3 gastarse habiendo tantas necesidades en el pa\u00eds\".<\/p>\n<p>Una situaci\u00f3n similar vive C\u00e9sar Jonas B\u00e1ez, de 25 a\u00f1os, uno de los pocos j\u00f3venes estudiantes universitarios con los que quiz\u00e1s pueda contar el futuro de su natal Ca\u00f1afistol, tambi\u00e9n en San Juan. Y s\u00f3lo es quiz\u00e1s, porque C\u00e9sar estudia idiomas en el Centro Universitario Regional del Oeste de la Universidad Aut\u00f3noma de Santo Domingo (CUROUASD). \u00c9l sabe que en su comunidad no hay trabajo para nadie, ni habr\u00e1, a menos que haya una inversi\u00f3n significativa del gobierno en la agricultura de la zona, y entonces, s\u00f3lo entonces, tal vez los ni\u00f1os, los \"echaeld\u00eda\" -como llaman por all\u00e1 a los menores jornaleros- del campo sanjuanero podr\u00e1n ir tranquilamente a la escuela a aprender, sin tener que sudar sobre la tierra para ayudar a su familia a sobrevivir, a pesar de Solidaridad y la bienintencionada donaci\u00f3n de RD$500 cada mes.<\/p>\n<p>Muchos j\u00f3venes, como Helen o como C\u00e9sar, de los que a\u00fan defienden con dientes y u\u00f1as sus esperanzas y sue\u00f1os desde el \u00e1mbito rural, reconocen la importancia y el impacto del Programa Solidaridad, pero algunos ni siquiera lo identifican como parte de una pol\u00edtica sostenida y sostenible para luchar contra la pobreza.<\/p>\n<p><strong>Los pobres, m\u00e1s all\u00e1 de los n\u00fameros<\/strong><\/p>\n<p>Por toda esa caracterizaci\u00f3n sociol\u00f3gica es que expertos como la antrop\u00f3loga social Tahira Vargas insisten en analizar la pobreza m\u00e1s all\u00e1 del elemento cuantitativo: \"Si se analiza la pobreza, solamente mirando cu\u00e1ntos son los pobres, cu\u00e1nto tienen, cu\u00e1nto ganan, en t\u00e9rminos cuantitativos, se pierde la \u00f3ptica en t\u00e9rminos de la vida cotidiana de la gente, porque la pobreza hay que mirarla principalmente desde la cotidianidad, desde la perspectiva de las relaciones sociales y de las oportunidades que tiene la gente\".<\/p>\n<p>La pobreza se ha convertido en un imbricado tejido social, cuyos hilos se entrelazan y extienden, como un c\u00edrculo vicioso, entre causas y consecuencias con \u00e1reas tan sensibles para la poblaci\u00f3n, como la salud, la educaci\u00f3n, el acceso a agua potable y los servicios b\u00e1sicos, sin olvidar la brecha digital.<\/p>\n<p>Al respecto, el economista Pavel Isa Contreras considera que \"en la econom\u00eda dominicana existe una muy alta incidencia de morbilidad, prevaleciendo una baja productividad de la poblaci\u00f3n por las condiciones de salud, que sufrieron cuando eran ni\u00f1os y ni\u00f1as y que tambi\u00e9n sufren en la actualidad\", al tiempo que advierte que \"una poblaci\u00f3n enferma no puede ser productiva, ni puede generar sus propios recursos, como para salir de la pobreza\".<\/p>\n<p><strong>El crecimiento por su lado<\/strong><\/p>\n<p>Durante los \u00faltimos a\u00f1os, en Rep\u00fablica Dominicana ha habido crecimiento econ\u00f3mico y estabilidad macroecon\u00f3mica tambi\u00e9n. Ah\u00ed est\u00e1n las cifras, y para que nadie las olvide, nos la recuerdan alrededor de un centenar de veces cada d\u00eda los portavoces oficialistas.<\/p>\n<p>Seg\u00fan los n\u00fameros que aporta el Banco Central, cuyos datos acerca de la pobreza, dicho sea de paso, difieren de los publicados por el Ministerio de Econom\u00eda, Planificaci\u00f3n y Desarrollo, el movimiento, casi siempre ascendente, del crecimiento econ\u00f3mico, comenz\u00f3 a partir del a\u00f1o 2004.<\/p>\n<p>En ese a\u00f1o, cuando el ya ex presidente Leonel Fern\u00e1ndez asumi\u00f3 el poder por segunda vez, se report\u00f3 un crecimiento del Producto Interno Bruto (PIB) de un 2.5 por ciento, entre los meses de julio y diciembre. En 2005, la Rep\u00fablica Dominicana se ubic\u00f3 entre las naciones de mayor crecimiento econ\u00f3mico con un 9.3 por ciento, que un a\u00f1o despu\u00e9s alcanz\u00f3 un 10.7 por ciento, el m\u00e1s elevado, seg\u00fan aclara el Banco Central, registrado por la econom\u00eda criolla en los \u00faltimos 19 a\u00f1os.<\/p>\n<p>Para el 2007, el crecimiento del PIB fue de 8.5 por ciento, que descendi\u00f3, doce meses despu\u00e9s, a un 5.3 por ciento, y que en el 2009 fue de 3.5 por ciento. Durante el a\u00f1o 2010, la econom\u00eda de Rep\u00fablica Dominicana creci\u00f3 un 7.8 por ciento, en tanto que el a\u00f1o pasado volvi\u00f3 a descender, esta vez a 4.5 por ciento, cuando el PIB totaliz\u00f3 RD$2,119,301.8 millones y en d\u00f3lares, US$55,666.0 millones.<\/p>\n<p>En general, el Banco Central inform\u00f3 que el crecimiento promedio entre los a\u00f1os 2005 y 2011 fue de un 7.1 por ciento.<\/p>\n<p>Mientras, los n\u00fameros del \u00edndice de pobreza en el pa\u00eds reportados por el BCRD sit\u00faan en el 2004 el punto m\u00e1s cr\u00edtico, con un 43.4 por ciento, que a octubre del 2011, hab\u00eda descendido, de acuerdo con los datos del Banco Central, a un 34.3 por ciento.<\/p>\n<p>En este sentido, Isa Contreras llama la atenci\u00f3n sobre el hecho de que no se trata s\u00f3lo de implementar una pol\u00edtica que se limite a mantener la muy ponderada estabilidad macroecon\u00f3mica, como ha sucedido hasta el momento. \"Es cierto que la estabilidad macroecon\u00f3mica es un requisito necesario, pero no es suficiente para hacer que las econom\u00eda y el aparato productivo generen suficiente empleo. Tiene que haber una pol\u00edtica inducida, de est\u00edmulo directo a los sectores productivos, para que \u00e9stos generen los empleos que se necesitan, y no sencillamente garantizar estabilidad macroecon\u00f3mica y dejar que la econom\u00eda se comporte como ella quiera\".<\/p>\n<p><strong>Distorsi\u00f3n de un progreso a galope<br \/>\n<\/strong><br \/>\nUn mero recorrido por la geograf\u00eda nacional muestra que el horizonte m\u00e1s urbano de Rep\u00fablica Dominicana comienza a reventar de tantas torres con aspiraciones de rascacielos, mientras en provincias alejadas de la capital, como San Juan de la Maguana, los j\u00f3venes se lamentan por la falta de empleos en la agricultura y denuncian la falta de oportunidades de que son v\u00edctimas.<\/p>\n<p>Sobre este tema, la antrop\u00f3loga social Tahira Vargas opina que \"si se invierte todo el dinero en las principales ciudades y se descuida y se abandona, como ha pasado en la pasada gesti\u00f3n de gobierno, el resto del pa\u00eds, se fortalece la migraci\u00f3n hacia las zonas urbanas, se incrementa el hacinamiento, la violencia social y la desigualdad\".<\/p>\n<p>Otra evidente distorsi\u00f3n en este galopante progreso que se ha intentado implementar en el pa\u00eds es el de basar ese acelerado crecimiento econ\u00f3mico, como tambi\u00e9n se\u00f1ala la experta, en el sector de la construcci\u00f3n, donde, ciertamente, m\u00e1s r\u00e1pido se pueden crear de fuentes de empleo, pero que por lo general se centran en la contrataci\u00f3n de mano de obra poco o no calificada, y si se focaliza en las principales ciudades, genera m\u00e1s migraci\u00f3n de la poblaci\u00f3n rural.<\/p>\n<p>Vargas se\u00f1ala otra arista de este problema, y es que \"gran parte de los empleos en construcci\u00f3n, est\u00e1n ocupados por migrantes haitianos ilegales, con sueldos muy bajos\", y que, por supuesto no forman parte del Sistema Dominicano de Seguridad Social (SDSS).<\/p>\n<p><strong>La pregunta de siempre: \u00bfasistencia o asistencialismo?<\/strong><\/p>\n<p>Los n\u00fameros del Sistema \u00danico de Beneficiarios (SIUBEN), que maneja el Gabinete Social de la Presidencia bajo el sosegado liderazgo del hasta hace unos d\u00edas vicepresidente de la Rep\u00fablica, Rafael Alburquerque, tambi\u00e9n van un tanto por su lado. De acuerdo con las estad\u00edsticas publicadas en la p\u00e1gina web de la instituci\u00f3n, el total de pobres en el pa\u00eds, al 2011 ascend\u00eda a 3,155,134, distribuidos en 840,960 hogares.<\/p>\n<div id=\"p_p_id_contentviewerportlet_WAR_newsportlet_INSTANCE_9db3380d0d4d495e8247d8dfb518f580_\" class=\"portlet-boundary portlet-boundary_contentviewerportlet_WAR_newsportlet_  portlet-static portlet-static-end content-viewer-portlet \">\n<div class=\"td-portlet\">\n<section id=\"portlet_contentviewerportlet_WAR_newsportlet_INSTANCE_9db3380d0d4d495e8247d8dfb518f580\" class=\"portlet\">\n<div class=\"portlet-content\">\n<div class=\" portlet-content-container\">\n<div class=\"portlet-body\">\n<div class=\"last td-viewer full-access\">\n<div class=\"detalle-texto migrada\">\n<div class=\"text\">\n<p>La creaci\u00f3n del Programa Solidaridad, en el a\u00f1o 2005, garantiz\u00f3 cierta asistencia a corto plazo a cientos de miles de familias de las m\u00e1s pobres del pa\u00eds. Actualmente, este programa beneficia a 800 mil hogares con el subsidio Bono-Gas Hogar en todo el pa\u00eds; de las cuales 622,537 mil familias reciben la transferencia Comer es Primero y 454,587 con Bono-luz hogar. Asimismo, el Incentivo a la Asistencia Escolar (ILAE) llega a 240 mil familias.<\/p>\n<p>En Solidaridad, el gobierno invirti\u00f3 el pasado a\u00f1o RD$ 7, 799, 091,654.<\/p>\n<p>El problema con este tipo de programas es que est\u00e1n pensados de forma inmediata, proporcion\u00e1ndole a los hogares elegibles para recibir la asistencia, una transferencia monetaria para ayudarlos a solventar, de alguna manera las necesidades m\u00e1s acuciantes en t\u00e9rminos de seguridad alimentaria y otros apremios, pero no les garantiza ni sostenibilidad, ni permanencia. \"Ninguno de ellos resuelve lo que origina esa pobreza. Para erradicar la pobreza, es preciso atacar las causas, entonces lo que tenemos aqu\u00ed es asistencialismo\", precisa Tahira Vargas.<\/p>\n<p>Pavel Isa Contreras es partidario de estos programas de asistencias condicionadas, que transfieren dinero a un segmento espec\u00edfico de la poblaci\u00f3n, previamente determinado, a cambio de que esos beneficiarios cumplan con algunas condicionalidades, que, por lo general tienen que ver con garantizar la asistencia escolar de los menores y el acceso a ciertos servicios de salud, como la vacunaci\u00f3n.<\/p>\n<p><strong>Tras las huellas de Lula<\/strong><\/p>\n<p>Los \u00e9xitos comprobados de la pol\u00edtica de reducci\u00f3n de la pobreza logrados por el gobierno del ex presidente de Brasil, Luiz In\u00e1cio Lula Da Silva y ahora por la mandataria Dilma Rousseff , le deben haber quitado el sue\u00f1o a m\u00e1s de uno de los l\u00edderes que nos gastamos por estos lares, y sin embargo, citar esos mismos logros contin\u00faa sonando bien en los discursos de algunos pol\u00edticos, como una incipiente pista de que tambi\u00e9n Rep\u00fablica Dominicana podr\u00eda transitar por ese camino y llegar, quiz\u00e1s, a resultados similares.<\/p>\n<p>Sin ir m\u00e1s lejos, no podr\u00eda ignorarse que el programa \"Quisqueya sin miseria\", que reci\u00e9n anunci\u00f3 el flamante presidente Danilo Medina en su discurso de toma de posesi\u00f3n, est\u00e1 inspirado en \"Brasil Sem Mis\u00e9ria\", o \"Brasil Sin Miseria\", el plan nacional de lucha puesto en marcha recientemente por la presidenta Dilma Rousseff en el gigante sudamericano, para sacar 16,2 millones (8.5 por ciento de la poblaci\u00f3n de 190 millones de habitantes) de brasile\u00f1os de la pobreza a trav\u00e9s de iniciativas de transferencia de dinero en efectivo, de inclusi\u00f3n productiva y de mayor acceso a la educaci\u00f3n, la salud, el saneamiento y la electricidad.<\/p>\n<p>Adem\u00e1s, de acuerdo con el Ministerio de Desarrollo Social y Combate al Hambre de Brasil, creado en el a\u00f1o 2004 por Lula Da Silva, el programa hace hincapi\u00e9 en la inclusi\u00f3n productiva, a nivel nacional y regional, con el aumento de las habilidades y capacidades de los ciudadanos para desempe\u00f1ar un papel activo en la econom\u00eda nacional.<\/p>\n<p>Cualquier semejanza con la experiencia dominicana, debe ser muy a prop\u00f3sito, aunque habr\u00eda que salvar las distancias en lo que a los recursos para la implementaci\u00f3n de tales planes se refiere, pues Brasil constituye ya una potencia mundial emergente, con un PIB en el a\u00f1o 2011 que alcanz\u00f3 los US$2.282 billones, mientras Rep\u00fablica Dominicana apenas da brazadas para mantenerse a flote en un mar proceloso de crisis, deudas y otras tantas r\u00e9moras, como la corrupci\u00f3n, flagelo este \u00faltimo que tan diligentemente est\u00e1 combatiendo el gobierno brasile\u00f1o.<\/p>\n<p><strong>La palabra del nuevo Presidente<\/strong><\/p>\n<p>Danilo Medina S\u00e1nchez es el nuevo Presidente de Rep\u00fablica Dominicana, pero no hab\u00eda dicho muchas cosas con respecto a nada, a no ser lo que se mencionaba en su bien elaborado programa de gobierno y su muy esperado discurso de toma de posesi\u00f3n, pronunciado el pasado 16 de agosto.<\/p>\n<p>En cuanto al programa de gobierno para el per\u00edodo 2012-2016, llama la atenci\u00f3n que su punto de acci\u00f3n inicial sea justamente el de proporcionar \"Vida digna y saludable para toda la poblaci\u00f3n\", declarando como su primera prioridad el combate a la pobreza y la defensa de la clase media.<\/p>\n<p>\"La pobreza no es \u00fanicamente la falta de ingresos, sino tambi\u00e9n la falta de capacidades y oportunidades, exclusi\u00f3n y carencia de reconocimiento social, as\u00ed como insatisfacci\u00f3n de las necesidades b\u00e1sicas y debilitamiento de las relaciones interfamiliares y comunitarias\". As\u00ed describe el problema el documento que debe ser la base de las pol\u00edticas a desarrollar por el nuevo gobierno dominicano.<\/p>\n<p>La meta planteada es reducir la pobreza extrema, \"sacando de ella a 400 mil personas\", o sea a cerca de la mitad de los 1,024,881 dominicanos y dominicanas que resisten en esas condiciones. Con los planes de reducir la pobreza, el presidente Medina, en su programa de gobierno tambi\u00e9n pretende llevar a un mill\u00f3n quinientas mil personas desde la pobreza a la clase media.<\/p>\n<p>Asimismo, asegura que el \"esfuerzo por la reducci\u00f3n de la indigencia y la pobreza y la ampliaci\u00f3n y defensa de a clase media, es un esfuerzo nacional que requiere un abordaje de todo el Gobierno y toda la sociedad, mediante una adecuada articulaci\u00f3n entre las pol\u00edticas econ\u00f3micas sociales e institucionales (&#8230;)\".<\/p>\n<p>Otra idea -cuidado con las semejanzas brasile\u00f1as- es la de la creaci\u00f3n del Ministerio de Desarrollo Social y Familia.<\/p>\n<p>En su primera gran intervenci\u00f3n p\u00fablica como Presidente dominicano, Medina explic\u00f3 c\u00f3mo articular\u00e1 el Programa Solidaridad, de transferencias condicionadas y focalizadas, que ser\u00e1 fortalecido y al que se le adicionar\u00e1n al menos 200,000 nuevas familias, con la estrategia Progresando, desarrollada bajo el liderazgo de la entonces Primera Dama, ahora Vicepresidenta de la Rep\u00fablica, Margarita Cede\u00f1o de Fern\u00e1ndez, y el ya mencionado programa Quisqueya Sin Miseria.<\/p>\n<p>Adem\u00e1s, hizo referencia al inicio de otro programa: el de Banca Solidaria, que deber\u00e1 echar a andar con un capital de RD$1,000 millones, y se prev\u00e9 que en su primer a\u00f1o de operaci\u00f3n beneficie a 75 mil personas pobres, especialmente a las mujeres jefas de hogar, con bajas tasas de inter\u00e9s.<\/p>\n<p>\"Este programa persigue afianzar la inclusi\u00f3n financiera y al sistema productivo, que provocar\u00e1 una democratizaci\u00f3n del derecho al cr\u00e9dito, y la creaci\u00f3n de capital social utilizando la metodolog\u00eda de grupos solidarios\", explic\u00f3 Medina en su discurso.<\/p>\n<p><strong>\u00bfPrioridades imposibles?<\/strong><\/p>\n<p>No obstante, la pobreza contin\u00faa reproduci\u00e9ndose, mientras los gobiernos y los gobernantes dominicanos se suceden unos a otros en intentos casi conc\u00e9ntricos de regresos infructuosos o triunfantes, seg\u00fan el caso, y la lucha contra la pobreza nunca ha dejado de limitarse a sencillas escaramuzas, en las que los proyectiles han demostrado ser de corto alcance y de impacto superficial.<\/p>\n<p>Algunas de las iniciativas que en este sentido propugn\u00f3 el discurso de investidura del mandatario Danilo Medina coinciden tambi\u00e9n con muchos de los criterios expresados por Tahira Vargas, quien considera que \"las inversiones deben ir dirigidas a la educaci\u00f3n, al sector agropecuario, al desarrollo de programas de empleo que se enfoquen en las poblaciones vulnerables desde el territorio, que generen producci\u00f3n, y que multiplique las alternativas para la poblaci\u00f3n joven y las mujeres\".<\/p>\n<p>Estas pol\u00edticas de inversi\u00f3n en el desarrollo productivo no pueden dejar de manifestarse como un est\u00edmulo al aprendizaje y a la innovaci\u00f3n que sirvan de base, sin elusi\u00f3n posible, a la generaci\u00f3n de empleos de calidad.<\/p>\n<p>No estar\u00eda de m\u00e1s advertir ahora, que la anunciada pretensi\u00f3n del presidente reci\u00e9n instalado presidente de la Rep\u00fablica, Danilo Medina, de llevar un mill\u00f3n y medio de personas de la pobreza a la clase media, supera con mucho el n\u00famero de personas que dejaron de engrosar las cifras de la pobreza durante los ocho a\u00f1os de los gobiernos sucesivos del expresidente Leonel Fern\u00e1ndez: 351,474.<\/p>\n<p>Pero este pueblo no puede permitirse perder la esperanza, y si el presidente Medina decide enfrentar este reto de siempre ante la Rep\u00fablica Dominicana, el machete de inversiones y esfuerzos pol\u00edticos que puede cortar el c\u00edrculo vicioso de las imbricaciones de la pobreza con la falta de educaci\u00f3n, la ausencia de oportunidades, el desempleo y el poco acceso a los servicios de salud y la seguridad social, ahora est\u00e1 en sus manos. \u00bfLo blandir\u00e1 de una vez por todas o seguir\u00e1 guiando un gobierno m\u00e1s que se estrella sin rumbo y sin br\u00fajula contra el arrecife social de la pobreza?<\/p>\n<\/div>\n<\/div>\n<\/div>\n<\/div>\n<\/div>\n<\/div>\n<\/section>\n<\/div>\n<\/div>\n<div id=\"p_p_id_articletopicsportlet_WAR_newsportlet_INSTANCE_517be715c0fe4f2eae2233afbbbf0136_\" class=\"portlet-boundary portlet-boundary_articletopicsportlet_WAR_newsportlet_  portlet-static portlet-static-end article-topics-portlet detalle-metadatos\"><\/div>\n","protected":false},"excerpt":{"rendered":"<p>Annet C\u00e1rdenas (D. Libre, 21-8-12) La pobreza se ha escapado sin ning\u00fan esfuerzo del quehacer de los gobiernos y los pol\u00edticos de la Rep\u00fablica Dominicana. Les ha dejado, si acaso, una ligera esencia con la cual perfumar sus discursos y reportes para que puedan mostrar un leve olor a pueblo necesitado, que viene muy bien, [&hellip;]<\/p>\n","protected":false},"author":1,"featured_media":9206,"comment_status":"open","ping_status":"open","sticky":false,"template":"","format":"standard","meta":{"footnotes":""},"categories":[5,17],"tags":[],"class_list":["post-13622","post","type-post","status-publish","format-standard","has-post-thumbnail","hentry","category-nacionales","category-sociedad"],"_links":{"self":[{"href":"https:\/\/debateplural.net\/site\/wp-json\/wp\/v2\/posts\/13622"}],"collection":[{"href":"https:\/\/debateplural.net\/site\/wp-json\/wp\/v2\/posts"}],"about":[{"href":"https:\/\/debateplural.net\/site\/wp-json\/wp\/v2\/types\/post"}],"author":[{"embeddable":true,"href":"https:\/\/debateplural.net\/site\/wp-json\/wp\/v2\/users\/1"}],"replies":[{"embeddable":true,"href":"https:\/\/debateplural.net\/site\/wp-json\/wp\/v2\/comments?post=13622"}],"version-history":[{"count":1,"href":"https:\/\/debateplural.net\/site\/wp-json\/wp\/v2\/posts\/13622\/revisions"}],"predecessor-version":[{"id":13623,"href":"https:\/\/debateplural.net\/site\/wp-json\/wp\/v2\/posts\/13622\/revisions\/13623"}],"wp:featuredmedia":[{"embeddable":true,"href":"https:\/\/debateplural.net\/site\/wp-json\/wp\/v2\/media\/9206"}],"wp:attachment":[{"href":"https:\/\/debateplural.net\/site\/wp-json\/wp\/v2\/media?parent=13622"}],"wp:term":[{"taxonomy":"category","embeddable":true,"href":"https:\/\/debateplural.net\/site\/wp-json\/wp\/v2\/categories?post=13622"},{"taxonomy":"post_tag","embeddable":true,"href":"https:\/\/debateplural.net\/site\/wp-json\/wp\/v2\/tags?post=13622"}],"curies":[{"name":"wp","href":"https:\/\/api.w.org\/{rel}","templated":true}]}}