{"id":13643,"date":"2017-01-19T12:05:35","date_gmt":"2017-01-19T16:05:35","guid":{"rendered":"http:\/\/www.debateplural.com\/?p=13643"},"modified":"2017-01-19T12:20:18","modified_gmt":"2017-01-19T16:20:18","slug":"maximo-gomez-honorabilidad-genialidad-militar","status":"publish","type":"post","link":"https:\/\/debateplural.net\/site\/2017\/01\/19\/maximo-gomez-honorabilidad-genialidad-militar\/","title":{"rendered":"M\u00e1ximo G\u00f3mez: honorabilidad y genialidad militar"},"content":{"rendered":"<p><strong>Eduardo Klinger (Hoy, 15-8-10)<\/strong><\/p>\n<p>&nbsp;<\/p>\n<p>La pasada semana tuve el extraordinario y emotivo privilegio de presenciar la premier patrocinada por el Ministro de las Fuerzas Armadas y la Direcci\u00f3n de Prensa de la Presidencia del documental \u0093M\u00e1ximo G\u00f3mez: el designio del destino\u0094.\u00a0 La din\u00e1mica de la conducci\u00f3n de la historia y trayectoria del insigne pr\u00f3cer y el concepto art\u00edstico de la misma cautivan y emocionan. Al recorrer nuevamente el proceso de independencia de un pa\u00eds y el cabalgar por ella de ese jinete invencible, bien denominado como el \u00faltimo guerrillero y libertador del siglo XIX, no se puede evitar la renovaci\u00f3n de la admiraci\u00f3n de un hombre extraordinario. El documental nos muestra al hombre, al guerrero y su concepto del deber y el honor. Tampoco puedo evitar hacer un comentario.<\/p>\n<p>De honorabilidad extraordinaria, M\u00e1ximo G\u00f3mez, dej\u00f3 muchas lecciones. Cuando se impuso el ignominioso Pacto del Zanj\u00f3n de 1878 \u0096 paz sin independencia, afrenta sin duda en la historia de Cuba \u0096 no acepta el dinero que le ofrece el representante espa\u00f1ol y prefiere seguir con sus harapos dignos. Cuando el pueblo cubano enardecido y agradecido le ofrece la posibilidad de la presidencia, tambi\u00e9n la rechaza: hab\u00eda cumplido con el deber pero no buscaba el poder. Por ese sentido de abnegaci\u00f3n y entrega es que Mart\u00ed viene a buscarlo para reiniciar la guerra y ponerlo al frente del Ej\u00e9rcito Libertador con aquella frase en que le dijo que no ten\u00eda otra cosa que ofrecerle que el placer del sacrificio y la posible ingratitud de los hombres.<\/p>\n<p>G\u00f3mez es, sin dudas, uno de los grandes genios militares de las gestas latinoamericanas. O\u00ed decir en una ocasi\u00f3n a un historiador que en varias escuelas militares del mundo se estudiaba la famosa invasi\u00f3n de Oriente a Occidente que capitane\u00f3 el General\u00edsimo. Impecable fue aquella operaci\u00f3n en la que enfrentado a la trocha fortificada por los espa\u00f1oles para evitar su entrada a las inmediaciones de La Habana se pasea frente a las tropas espa\u00f1olas y simula una retirada con la que fuerza la persecuci\u00f3n para entonces haciendo un \u0093lazo\u0094 en su marcha\u00a0 para volver a la carga y traspasar la l\u00ednea espa\u00f1ola, ahora desguarnecida, sin disparar un tiro. Tres armas poderosas le aplic\u00f3 G\u00f3mez a los espa\u00f1oles desarticul\u00e1ndolos y aterroriz\u00e1ndolos: la carga al machete, la tea incendiaria y la sorpresa.\u00a0 La Escuela Superior de Guerra de Cuba lleva el nombre de M\u00e1ximo G\u00f3mez y las torretas de los tanques cubanos llevan dibujada la figura del mamb\u00ed en una carga del machete. Recreaci\u00f3n gr\u00e1fica de una frase de Fidel Castro en que dijo que en un combate los tanques deb\u00edan tener el arrojo de M\u00e1ximo G\u00f3mez en una carga al machete.<\/p>\n<p>Qu\u00e9 aleccionador es revisar la historia y divulgarla. El padre Gerardo, teniente coronel, capell\u00e1n de la parroquia Nuestra Se\u00f1ora de la Altagracia del Ministerio de las Fuerzas Armadas, coincidentemente citaba a alguien el domingo, que habr\u00eda dicho que un pueblo debe conocer bien su historia para evitar que se repitan los hechos desde\u00f1ables.\u00a0 F\u00edlmica y frase muy aleccionadora.<\/p>\n","protected":false},"excerpt":{"rendered":"<p>Eduardo Klinger (Hoy, 15-8-10) &nbsp; La pasada semana tuve el extraordinario y emotivo privilegio de presenciar la premier patrocinada por el Ministro de las Fuerzas Armadas y la Direcci\u00f3n de Prensa de la Presidencia del documental \u0093M\u00e1ximo G\u00f3mez: el designio del destino\u0094.\u00a0 La din\u00e1mica de la conducci\u00f3n de la historia y trayectoria del insigne pr\u00f3cer [&hellip;]<\/p>\n","protected":false},"author":1,"featured_media":13650,"comment_status":"open","ping_status":"open","sticky":false,"template":"","format":"standard","meta":{"footnotes":""},"categories":[5,17],"tags":[],"class_list":["post-13643","post","type-post","status-publish","format-standard","has-post-thumbnail","hentry","category-nacionales","category-sociedad"],"_links":{"self":[{"href":"https:\/\/debateplural.net\/site\/wp-json\/wp\/v2\/posts\/13643"}],"collection":[{"href":"https:\/\/debateplural.net\/site\/wp-json\/wp\/v2\/posts"}],"about":[{"href":"https:\/\/debateplural.net\/site\/wp-json\/wp\/v2\/types\/post"}],"author":[{"embeddable":true,"href":"https:\/\/debateplural.net\/site\/wp-json\/wp\/v2\/users\/1"}],"replies":[{"embeddable":true,"href":"https:\/\/debateplural.net\/site\/wp-json\/wp\/v2\/comments?post=13643"}],"version-history":[{"count":1,"href":"https:\/\/debateplural.net\/site\/wp-json\/wp\/v2\/posts\/13643\/revisions"}],"predecessor-version":[{"id":13644,"href":"https:\/\/debateplural.net\/site\/wp-json\/wp\/v2\/posts\/13643\/revisions\/13644"}],"wp:featuredmedia":[{"embeddable":true,"href":"https:\/\/debateplural.net\/site\/wp-json\/wp\/v2\/media\/13650"}],"wp:attachment":[{"href":"https:\/\/debateplural.net\/site\/wp-json\/wp\/v2\/media?parent=13643"}],"wp:term":[{"taxonomy":"category","embeddable":true,"href":"https:\/\/debateplural.net\/site\/wp-json\/wp\/v2\/categories?post=13643"},{"taxonomy":"post_tag","embeddable":true,"href":"https:\/\/debateplural.net\/site\/wp-json\/wp\/v2\/tags?post=13643"}],"curies":[{"name":"wp","href":"https:\/\/api.w.org\/{rel}","templated":true}]}}