{"id":13832,"date":"2017-01-27T11:55:30","date_gmt":"2017-01-27T15:55:30","guid":{"rendered":"http:\/\/www.debateplural.com\/?p=13832"},"modified":"2017-01-27T11:55:30","modified_gmt":"2017-01-27T15:55:30","slug":"caracas-rechaza-las-declaraciones-del-vicepresidente-colombia-los-venezolanos","status":"publish","type":"post","link":"https:\/\/debateplural.net\/site\/2017\/01\/27\/caracas-rechaza-las-declaraciones-del-vicepresidente-colombia-los-venezolanos\/","title":{"rendered":"Caracas rechaza las declaraciones del vicepresidente de Colombia sobre los venezolanos"},"content":{"rendered":"<p class=\"b-article__lead\">La canciller, Delcy Rodr\u00edguez, rechaz\u00f3 \"categ\u00f3ricamente\" las declaraciones del vicepresidente de Colombia, Germ\u00e1n Varas Lleras, contra los venezolanos que residen en su pa\u00eds y asegur\u00f3 que expresan discriminaci\u00f3n e intolerancia.<\/p>\n<div class=\"b-article__text\">\n<p class=\"marker-quote1\">\"<a href=\"http:\/\/localhost\/debateplural\/tag\/venezuela\">Venezuela<\/a> rechaza categ\u00f3ricamente las denigrantes y ofensivas declaraciones del vicepresidente de la Rep\u00fablica de Colombia, Germ\u00e1n Vargas Lleras, contra el pueblo venezolano\", manifest\u00f3 la Canciller\u00eda en un comunicado difundido a la prensa.<\/p>\n<p class=\"marker-quote1\">La ministra lament\u00f3 tal acci\u00f3n y se\u00f1al\u00f3 que el vicepresidente colombiano quebrant\u00f3 los principios establecidos en el Derecho Internacional.<\/p>\n<p class=\"marker-quote1\">\"Venezuela lamenta profundamente el tono hiriente y degradante con el que la segunda autoridad nacional de Colombia quebrant\u00f3 estos principios y pretendi\u00f3 desconocer los lazos hist\u00f3ricos indisolubles de hermandad de nuestros pueblos guiados por la espada com\u00fan que les dio la libertad\", acot\u00f3.<\/p>\n<p>Esto, en relaci\u00f3n a las declaraciones en las que Vargas Lleras pidi\u00f3 a los alcaldes y al gobernador de Norte de Santander (este) no permitir que los venezolanos sean beneficiados de los programas sociales.<\/p>\n<p>\"Estas casas son para poblaci\u00f3n desplazada que vive en Tib\u00fa, no vaya a dejar meter los venecos, por nada del mundo; esto no es para los venecos; no hay un s\u00f3lo lugar en Colombia donde se permita que personas que no sean del pa\u00eds se beneficien de programas sociales\", expres\u00f3 el vicepresidente colombiano.<\/p>\n<p>Con estas afirmaciones, se\u00f1al\u00f3 la ministra, Vargas Lleras \"parece ignorar\" los informes de la agencia de Naciones Unidas para los refugiados en los que se destaca a Venezuela como una naci\u00f3n que ha recibido de manera respetuosa a millones de colombianos.<\/p>\n<p>Venezuela exigi\u00f3 al Gobierno de Colombia pedir las excusas debidas a los venezolanos, \"ofendidos por las expresiones xen\u00f3fobas y discriminatorias emitidas por su vicepresidente\".<\/p>\n<p>De igual forma, la canciller advirti\u00f3 que permanecer\u00e1 atenta, y actuar\u00e1 en las instancias internacionales respectivas, ante cualquier agresi\u00f3n o violencia que pudiere suceder contra los venezolanos en ese pa\u00eds.<\/p>\n<\/div>\n","protected":false},"excerpt":{"rendered":"<p>La canciller, Delcy Rodr\u00edguez, rechaz\u00f3 \"categ\u00f3ricamente\" las declaraciones del vicepresidente de Colombia, Germ\u00e1n Varas Lleras, contra los venezolanos que residen en su pa\u00eds y asegur\u00f3 que expresan discriminaci\u00f3n e intolerancia. \"Venezuela rechaza categ\u00f3ricamente las denigrantes y ofensivas declaraciones del vicepresidente de la Rep\u00fablica de Colombia, Germ\u00e1n Vargas Lleras, contra el pueblo venezolano\", manifest\u00f3 la Canciller\u00eda [&hellip;]<\/p>\n","protected":false},"author":1,"featured_media":6342,"comment_status":"open","ping_status":"open","sticky":false,"template":"","format":"standard","meta":{"footnotes":""},"categories":[14,12],"tags":[10],"class_list":["post-13832","post","type-post","status-publish","format-standard","has-post-thumbnail","hentry","category-internacionales","category-politica-3","tag-venezuela"],"_links":{"self":[{"href":"https:\/\/debateplural.net\/site\/wp-json\/wp\/v2\/posts\/13832"}],"collection":[{"href":"https:\/\/debateplural.net\/site\/wp-json\/wp\/v2\/posts"}],"about":[{"href":"https:\/\/debateplural.net\/site\/wp-json\/wp\/v2\/types\/post"}],"author":[{"embeddable":true,"href":"https:\/\/debateplural.net\/site\/wp-json\/wp\/v2\/users\/1"}],"replies":[{"embeddable":true,"href":"https:\/\/debateplural.net\/site\/wp-json\/wp\/v2\/comments?post=13832"}],"version-history":[{"count":1,"href":"https:\/\/debateplural.net\/site\/wp-json\/wp\/v2\/posts\/13832\/revisions"}],"predecessor-version":[{"id":13833,"href":"https:\/\/debateplural.net\/site\/wp-json\/wp\/v2\/posts\/13832\/revisions\/13833"}],"wp:featuredmedia":[{"embeddable":true,"href":"https:\/\/debateplural.net\/site\/wp-json\/wp\/v2\/media\/6342"}],"wp:attachment":[{"href":"https:\/\/debateplural.net\/site\/wp-json\/wp\/v2\/media?parent=13832"}],"wp:term":[{"taxonomy":"category","embeddable":true,"href":"https:\/\/debateplural.net\/site\/wp-json\/wp\/v2\/categories?post=13832"},{"taxonomy":"post_tag","embeddable":true,"href":"https:\/\/debateplural.net\/site\/wp-json\/wp\/v2\/tags?post=13832"}],"curies":[{"name":"wp","href":"https:\/\/api.w.org\/{rel}","templated":true}]}}