{"id":13925,"date":"2017-02-01T11:25:51","date_gmt":"2017-02-01T15:25:51","guid":{"rendered":"http:\/\/www.debateplural.com\/?p=13925"},"modified":"2017-02-01T11:25:51","modified_gmt":"2017-02-01T15:25:51","slug":"mundo-se-prepara-la-confrontacion-eeuu-china","status":"publish","type":"post","link":"https:\/\/debateplural.net\/site\/2017\/02\/01\/mundo-se-prepara-la-confrontacion-eeuu-china\/","title":{"rendered":"El mundo se prepara para la confrontaci\u00f3n entre EEUU y China"},"content":{"rendered":"<p class=\"b-article__lead\">La posible escalada del conflicto entre <a href=\"http:\/\/localhost\/debateplural\/tag\/china\">China<\/a> y <a href=\"http:\/\/localhost\/debateplural\/tag\/estados-unidos\">Estados Unidos<\/a> en la regi\u00f3n de la Cuenca del Pac\u00edfico es mucho m\u00e1s peligrosa que lo que pasa entre la<a href=\"http:\/\/localhost\/debateplural\/tag\/otan\"> OTAN <\/a>y Rusia, opina el columnista de Die Zeit, Theo Sommer.<\/p>\n<div class=\"b-article__text\">\n<p>Al describir la carrera armamentista en Europa del Este, el autor se refiere al reciente art\u00edculo del ex presidente sovi\u00e9tico, Mija\u00edl Gorbachov, que comparti\u00f3 sus preocupaciones por las tendencias geopol\u00edticas actuales.<\/p>\n<p>\"Parece que el mundo se est\u00e1 preparando para una guerra\", escribi\u00f3 el expol\u00edtico al llamar a los presidentes de EEUU y Rusia a abstenerse de la militarizaci\u00f3n.<\/p>\n<p>Sommer est\u00e1 de acuerdo con la declaraci\u00f3n de que la nueva carrera armamentista entre Mosc\u00fa y la Alianza Atl\u00e1ntica s\u00ed es una raz\u00f3n para preocuparse, sin embargo desde su punto de vista en Europa no existe la amenaza de un conflicto a gran escala.<\/p>\n<p>\"La doctrina fundamental de la Guerra Fr\u00eda no fue olvidada ni en Mosc\u00fa ni en Washington: el que dispara primero, muere segundo. Varios incidentes son posibles, pero nadie quiere una guerra total, ni Vlad\u00edmir Putin, ni Donald Trump, con toda su imprevisibilidad\", explica el autor.<\/p>\n<p>El columnista ve la amenaza de una guerra en otra parte del mundo: en la Cuenca del Pac\u00edfico, donde \"la potencia entrante, China, y el hasta ahora dominante, EEUU, como siempre luchan por la superioridad\", prosigue.<\/p>\n<p>China est\u00e1 reforzando sus posiciones en el mar del Sur de China al crear islas artificiales\u00a0 as\u00ed como utiliza los atolones con fines militares y reclama un territorio de una superficie de m\u00e1s de un mill\u00f3n de kil\u00f3metros cuadrados, se\u00f1ala Sommer.<\/p>\n<p>Estados Unidos estaba promocionando el Acuerdo Transpac\u00edfico (TPP, por sus siglas en ingl\u00e9s) para unirse con los estados de la regi\u00f3n para disminuir la influencia de China.<\/p>\n<p>Pero la situaci\u00f3n se ha desestabilizado a\u00fan m\u00e1s despu\u00e9s de que Trump decidiera salir del acuerdo, ya que pa\u00edses como Filipinas o Malasia le dieron la espalda a Estados Unidos y giraron hacia China, expres\u00f3.<\/p>\n<p>El periodista record\u00f3 los planes de Trump de imponer una tarifa de 45% a los productos importados de China para bajar el d\u00e9ficit comercial y garantizar puestos de trabajo a los ciudadanos estadounidenses.<\/p>\n<p>Pero la idea m\u00e1s peligrosa de Trump es su disposici\u00f3n de cuestionar las reclamaciones chinas en el mar del Sur de China. En el marco de su campa\u00f1a presidencial, Trump declar\u00f3 en varias ocasiones que estaba en contra de las acciones de Pek\u00edn en el \u00e1rea.<\/p>\n<p>La reacci\u00f3n de Pek\u00edn era predecible: si EEUU quiere cuestionar la presencia china en la regi\u00f3n, esto puede llevarnos a una \"confrontaci\u00f3n destructiva\". El peri\u00f3dico del Partido comunista chino, Global Times, declar\u00f3 directamente que en caso de que el presidente estadounidense y su equipo diplom\u00e1tico no cambien su pol\u00edtica hacia Pek\u00edn, deben prepararse para una \"confrontaci\u00f3n militar\".<\/p>\n<p>Por otro lado, Trump tambi\u00e9n se mostr\u00f3 dispuesto a poner en duda la llamada pol\u00edtica de \"Una sola China\", o sea, reconocer la independencia de Taiw\u00e1n. Si el dirigente norteamericano lo hace, entonces se puede decir con certeza que Pek\u00edn va a tomar medidas, concluy\u00f3.<\/p>\n<\/div>\n","protected":false},"excerpt":{"rendered":"<p>La posible escalada del conflicto entre China y Estados Unidos en la regi\u00f3n de la Cuenca del Pac\u00edfico es mucho m\u00e1s peligrosa que lo que pasa entre la OTAN y Rusia, opina el columnista de Die Zeit, Theo Sommer. Al describir la carrera armamentista en Europa del Este, el autor se refiere al reciente art\u00edculo [&hellip;]<\/p>\n","protected":false},"author":1,"featured_media":13926,"comment_status":"open","ping_status":"open","sticky":false,"template":"","format":"standard","meta":{"footnotes":""},"categories":[14,12],"tags":[46,8,38],"class_list":["post-13925","post","type-post","status-publish","format-standard","has-post-thumbnail","hentry","category-internacionales","category-politica-3","tag-china","tag-estados-unidos","tag-otan"],"_links":{"self":[{"href":"https:\/\/debateplural.net\/site\/wp-json\/wp\/v2\/posts\/13925"}],"collection":[{"href":"https:\/\/debateplural.net\/site\/wp-json\/wp\/v2\/posts"}],"about":[{"href":"https:\/\/debateplural.net\/site\/wp-json\/wp\/v2\/types\/post"}],"author":[{"embeddable":true,"href":"https:\/\/debateplural.net\/site\/wp-json\/wp\/v2\/users\/1"}],"replies":[{"embeddable":true,"href":"https:\/\/debateplural.net\/site\/wp-json\/wp\/v2\/comments?post=13925"}],"version-history":[{"count":1,"href":"https:\/\/debateplural.net\/site\/wp-json\/wp\/v2\/posts\/13925\/revisions"}],"predecessor-version":[{"id":13927,"href":"https:\/\/debateplural.net\/site\/wp-json\/wp\/v2\/posts\/13925\/revisions\/13927"}],"wp:featuredmedia":[{"embeddable":true,"href":"https:\/\/debateplural.net\/site\/wp-json\/wp\/v2\/media\/13926"}],"wp:attachment":[{"href":"https:\/\/debateplural.net\/site\/wp-json\/wp\/v2\/media?parent=13925"}],"wp:term":[{"taxonomy":"category","embeddable":true,"href":"https:\/\/debateplural.net\/site\/wp-json\/wp\/v2\/categories?post=13925"},{"taxonomy":"post_tag","embeddable":true,"href":"https:\/\/debateplural.net\/site\/wp-json\/wp\/v2\/tags?post=13925"}],"curies":[{"name":"wp","href":"https:\/\/api.w.org\/{rel}","templated":true}]}}