{"id":14070,"date":"2017-02-07T12:13:15","date_gmt":"2017-02-07T16:13:15","guid":{"rendered":"http:\/\/www.debateplural.com\/?p=14070"},"modified":"2017-02-07T12:13:15","modified_gmt":"2017-02-07T16:13:15","slug":"federico-jovine-bermudez","status":"publish","type":"post","link":"https:\/\/debateplural.net\/site\/2017\/02\/07\/federico-jovine-bermudez\/","title":{"rendered":"Federico J\u00f3vine Berm\u00fadez"},"content":{"rendered":"<p><strong>Mateo Morrison (Listin, 5-2-17)<\/strong><\/p>\n<p>&nbsp;<\/p>\n<p>Como dijera el poeta mexicano Amado Nervo \u00a8Detr\u00e1s de la tumba, ya no hay m\u00e1s que silencio \u00a8. Sin embargo, en el caso de los poetas y de los escritores en general, o de quienes en alguna forma han dejado plasmado su creatividad, talento, valores o su profunda humanidad en los seres que le rodean, el silencio es pr\u00e1cticamente imposible.<\/p>\n<p>Asistimos a la despedida f\u00edsica de un gran dominicano. De un hombre que hizo de la amistad, la solidaridad y de su entorno familiar, un sacerdocio, donde como siempre con la sonrisa en los labios, ofici\u00f3 en las m\u00e1s excelsas ceremonias de la cotidianidad para que hoy todos nosotros sintamos el profundo dolor de su partida material.<\/p>\n<p>La historia de la literatura dominicana y en particular la poes\u00eda no puede escribirse sin pensar en Federico Berm\u00fadez con Los humildes, Ren\u00e9 del Risco Berm\u00fadez con El Viento Frio y Federico J\u00f3vine Berm\u00fadez con poemas como Ram\u00f3n Natera o Tres cantos a Vivian Riviere. Y digo esto, porque esos tres ejemplos pueden ser proyectados al pasado y ser tra\u00eddos al presente.<\/p>\n<p>En el a\u00f1o 1974 en el centro cultural La Carreta de la Zona Colonial, present\u00e9 el primer libro de Federico J\u00f3vine Berm\u00fadez \u00a8Huellas de la ira\u00a8, y expres\u00e9 lo siguiente: Esta poes\u00eda es diversa y por tanto rica. Sin embargo, hay que hacer notar el car\u00e1cter \u00e9pico de su po\u00e9tica hasta en la extensi\u00f3n de los poemas: Canto a los ni\u00f1os del pueblo, Canto a la muerte de Kamal Nassel; sus recursos art\u00edsticos no son complicados: utiliza principalmente la met\u00e1fora. Donde sus trabajos pueden tener cierta complejidad no es en su estructura, que es bastante sencilla, sino en el contexto cultural que rodea los mismos y esto lo podemos ver en los poemas, Versainograma a Neruda y Canto al soldado USA Army muerto en Vietnam, donde el dominio de la conformaci\u00f3n cultural de los poemas es notorio; es m\u00e1s, si lo despojaran de sus excelencias l\u00edricas podr\u00edan ser una buena gu\u00eda para el conocimiento de esos pa\u00edses. A prop\u00f3sito \u2013como en la famosa fiesta b\u00edblica- he dejado el buen vino para \u00faltimo-, quiero referirme a dos poemas de Federico, Tres cantos a Vivian Riviere y Canto a Dalia Kautzman, donde el autor hace alardes po\u00e9ticos indiscutibles; son piezas literarias que lo colocan dentro de los m\u00e1s \u00f3ptimos niveles de creador literario: Te negaron el derecho al placer,\/a la sonrisa\/a buscar la verdad,\/de escapar\/ a tu medio,\/a tu ambiente,\/y yo me pregunto en medio \/del espanto que\/me dio su figura desliz\u00e1ndose\/ por el muro\/si ten\u00edas el derecho de suicidarte,\/si ten\u00edas el derecho a prescindir\/ de la risa\/de impedir al viento penetrar\/en tu pelo\/de no dejarnos o\u00edr la suavidad\/de tu voz\/de p\u00e1jaro\/ enjaulado.<\/p>\n<div id=\"FIOnDemandWrapper_fiInstance_101888_3_3704197\" class=\"FIOnDemandWrapper\"><\/div>\n<p>Lo que dije hace 43 a\u00f1os lo confirm\u00f3 una trayectoria esplendente de aciertos, que se extendieron hasta nuestros d\u00edas con un conjunto de obras en diversos g\u00e9neros y varios poemarios in\u00e9ditos, que cuando se publiquen reiterar\u00e1n una vez m\u00e1s el valor literario de este creador que hoy nos deja llenos de tristeza, pero convencidos de que abarc\u00f3 un espacio vital donde la honestidad, la imaginaci\u00f3n, el talento y la fraternidad, sobresalen. Son mariposas que se internan por millones en los aires para acompa\u00f1ar la despedida de quien cant\u00f3 y cont\u00f3 las cosas esenciales y lo hizo con originalidad y certeza.<\/p>\n","protected":false},"excerpt":{"rendered":"<p>Mateo Morrison (Listin, 5-2-17) &nbsp; Como dijera el poeta mexicano Amado Nervo \u00a8Detr\u00e1s de la tumba, ya no hay m\u00e1s que silencio \u00a8. Sin embargo, en el caso de los poetas y de los escritores en general, o de quienes en alguna forma han dejado plasmado su creatividad, talento, valores o su profunda humanidad en [&hellip;]<\/p>\n","protected":false},"author":1,"featured_media":14071,"comment_status":"open","ping_status":"open","sticky":false,"template":"","format":"standard","meta":{"footnotes":""},"categories":[18,16],"tags":[],"class_list":["post-14070","post","type-post","status-publish","format-standard","has-post-thumbnail","hentry","category-cultura","category-libros"],"_links":{"self":[{"href":"https:\/\/debateplural.net\/site\/wp-json\/wp\/v2\/posts\/14070"}],"collection":[{"href":"https:\/\/debateplural.net\/site\/wp-json\/wp\/v2\/posts"}],"about":[{"href":"https:\/\/debateplural.net\/site\/wp-json\/wp\/v2\/types\/post"}],"author":[{"embeddable":true,"href":"https:\/\/debateplural.net\/site\/wp-json\/wp\/v2\/users\/1"}],"replies":[{"embeddable":true,"href":"https:\/\/debateplural.net\/site\/wp-json\/wp\/v2\/comments?post=14070"}],"version-history":[{"count":1,"href":"https:\/\/debateplural.net\/site\/wp-json\/wp\/v2\/posts\/14070\/revisions"}],"predecessor-version":[{"id":14072,"href":"https:\/\/debateplural.net\/site\/wp-json\/wp\/v2\/posts\/14070\/revisions\/14072"}],"wp:featuredmedia":[{"embeddable":true,"href":"https:\/\/debateplural.net\/site\/wp-json\/wp\/v2\/media\/14071"}],"wp:attachment":[{"href":"https:\/\/debateplural.net\/site\/wp-json\/wp\/v2\/media?parent=14070"}],"wp:term":[{"taxonomy":"category","embeddable":true,"href":"https:\/\/debateplural.net\/site\/wp-json\/wp\/v2\/categories?post=14070"},{"taxonomy":"post_tag","embeddable":true,"href":"https:\/\/debateplural.net\/site\/wp-json\/wp\/v2\/tags?post=14070"}],"curies":[{"name":"wp","href":"https:\/\/api.w.org\/{rel}","templated":true}]}}