{"id":1411,"date":"2015-09-30T15:34:04","date_gmt":"2015-09-30T15:34:04","guid":{"rendered":"http:\/\/debateplural.com\/?p=1411"},"modified":"2016-06-23T14:29:28","modified_gmt":"2016-06-23T14:29:28","slug":"discurso-de-nicolas-maduro-en-la-70-asamblea-general-de-la-onu","status":"publish","type":"post","link":"https:\/\/debateplural.net\/site\/2015\/09\/30\/discurso-de-nicolas-maduro-en-la-70-asamblea-general-de-la-onu\/","title":{"rendered":"Discurso de Nicol\u00e1s Maduro en la 70 Asamblea General de la ONU"},"content":{"rendered":"<div id=\"attachment_1412\" style=\"width: 457px\" class=\"wp-caption aligncenter\"><a href=\"http:\/\/tripletecnologia.com\/website\/debateplural\/wp-content\/uploads\/2015\/09\/nicolas-maduro-70-asamblea-general-de-la-onu-1.jpg\"><img loading=\"lazy\" decoding=\"async\" aria-describedby=\"caption-attachment-1412\" class=\" wp-image-1412\" src=\"http:\/\/tripletecnologia.com\/website\/debateplural\/wp-content\/uploads\/2015\/09\/nicolas-maduro-70-asamblea-general-de-la-onu-1.jpg\" alt=\"Nicolas Maduro 70 Asamblea General de la ONU\" width=\"447\" height=\"252\" \/><\/a><p id=\"caption-attachment-1412\" class=\"wp-caption-text\">Nicolas Maduro 70 Asamblea General de la ONU<\/p><\/div>\n<p style=\"text-align:justify;\">Durante su discurso en la Asamblea General de la ONU, el presidente de Venezuela, <a href=\"http:\/\/localhost\/debateplural\/tag\/nicolas-maduro\">Nicol\u00e1s Maduro<\/a>, ha afirmado que \"el mundo necesita otras Naciones Unidas\". Adem\u00e1s, el mandatario ha abordado \"la tragedia humanitaria en Siria\" e instado a la comunidad internacional a \"despertar frente al drama\" del pa\u00eds \u00e1rabe.<\/p>\n<p style=\"text-align:justify;\">El l\u00edder de<a href=\"http:\/\/localhost\/debateplural\/tag\/venezuela\"> Venezuela <\/a>ha indicado\u00a0que la humanidad tiene que estar con Siria para la estabilidad de esa regi\u00f3n\u00a0y ha\u00a0denunciado \"los m\u00e9todos intervencionistas para sembrar la guerra y el terror en otros pueblos\".<!--more--><\/p>\n<p style=\"text-align:justify;\">\"Los que montaron la guerra de Irak han hecho fracasar la pol\u00edtica internacional a trav\u00e9s de la guerra\", ha dicho\u00a0<a href=\"http:\/\/actualidad.rt.com\/actualidad\/166278-venezuela-nicolas-maduro\" target=\"_blank\" rel=\"up\">Maduro<\/a>.<\/p>\n<p style=\"text-align:justify;\">\"\u00bfQui\u00e9n va a pagar los cr\u00edmenes en Libia, en Irak y Afganist\u00e1n? Parece una pel\u00edcula de terror. El terror de la guerra\", ha enfatizado el presidente del pa\u00eds latinoamericano.<\/p>\n<blockquote><p>\u00bfQui\u00e9n va a pagar los cr\u00edmenes en Libia, en Irak y Afganist\u00e1n? Parece una pel\u00edcula de terror<\/p><\/blockquote>\n<p style=\"text-align:justify;\">\"Tiene que haber un reconocimiento de los errores tr\u00e1gicos al invadir y bombardear pueblos hermanos\", ha declarado el jefe de Estado\u00a0y tambi\u00e9n\u00a0ha\u00a0instado a desarrollar en el mundo <strong>una geopol\u00edtica de respeto<\/strong> agregando que\u00a0\"la humanidad necesita\u00a0un nuevo mundo\".<\/p>\n<p style=\"text-align:justify;\">\"El mundo necesita otras Naciones Unidas, una nueva geopol\u00edtica. El mundo necesita que se imponga la verdad\", ha se\u00f1alado el l\u00edder venezolano.<\/p>\n<p style=\"text-align:justify;\">\"Hay que salvar a la humanidad de la desigualdad y el saqueo, ya que son las causas de las guerras (&#8230;) Ha llegado el tiempo en este siglo XXI de construir un mundo multipolar y sin hegemonismos\", ha afirmado Maduro.<\/p>\n<p style=\"text-align:justify;\">En la celebraci\u00f3n de la\u00a0<a href=\"http:\/\/actualidad.rt.com\/actualidad\/187033-salas-secretas-olor-azufre-historia-onu-naciones-unidas\" target=\"_blank\" rel=\"up\">Asamblea General<\/a>\u00a0est\u00e1n presentes 154 jefes de Estado y de Gobierno, adem\u00e1s de 30 ministros. Los debates pol\u00edticos han arrancado este lunes.\u00a0Varios mandatarios mundiales han intervenido este lunes en\u00a0el marco del primer d\u00eda del debate general de la 70.\u00aa Asamblea General de la\u00a0<a href=\"http:\/\/actualidad.rt.com\/actualidad\/167479-organizacion-naciones-unidas-onu\" target=\"_blank\" rel=\"up\">ONU<\/a>.\u00a0Entre ellos figuran el l\u00edder cubano,\u00a0<a href=\"http:\/\/actualidad.rt.com\/actualidad\/187155-raul-castro-interviene-asamblea-general-onu\" target=\"_blank\" rel=\"up\">Ra\u00fal Castro<\/a>, el\u00a0mandatario\u00a0estadounidense,\u00a0<a href=\"http:\/\/actualidad.rt.com\/actualidad\/187125-obama-onu-embargo-cuba-eeuu-cabida\" target=\"_blank\" rel=\"up\">Barack Obama<\/a>, el l\u00edder ruso,\u00a0<a href=\"http:\/\/actualidad.rt.com\/actualidad\/187132-putin-interviene-asamblea-general-onu\" target=\"_blank\" rel=\"up\">Vlad\u00edmir Putin<\/a>,\u00a0y el presidente chino,\u00a0<a href=\"http:\/\/actualidad.rt.com\/actualidad\/187130-mandatario-chino-intervenir-asamblea-general-onu\" target=\"_blank\" rel=\"up\">Xi Jinping<\/a>.\u00a0El debate general de la Asamblea, durante el cual intervendr\u00e1n 196 pa\u00edses, durar\u00e1 desde el 28 de septiembre hasta el 3 de octubre.<\/p>\n","protected":false},"excerpt":{"rendered":"<p>Durante su discurso en la Asamblea General de la ONU, el presidente de Venezuela, Nicol\u00e1s Maduro, ha afirmado que \"el mundo necesita otras Naciones Unidas\". Adem\u00e1s, el mandatario ha abordado \"la tragedia humanitaria en Siria\" e instado a la comunidad internacional a \"despertar frente al drama\" del pa\u00eds \u00e1rabe. El l\u00edder de Venezuela ha indicado\u00a0que [&hellip;]<\/p>\n","protected":false},"author":1,"featured_media":8902,"comment_status":"open","ping_status":"open","sticky":false,"template":"","format":"standard","meta":{"footnotes":""},"categories":[14],"tags":[34,10],"class_list":["post-1411","post","type-post","status-publish","format-standard","has-post-thumbnail","hentry","category-internacionales","tag-nicolas-maduro","tag-venezuela"],"_links":{"self":[{"href":"https:\/\/debateplural.net\/site\/wp-json\/wp\/v2\/posts\/1411"}],"collection":[{"href":"https:\/\/debateplural.net\/site\/wp-json\/wp\/v2\/posts"}],"about":[{"href":"https:\/\/debateplural.net\/site\/wp-json\/wp\/v2\/types\/post"}],"author":[{"embeddable":true,"href":"https:\/\/debateplural.net\/site\/wp-json\/wp\/v2\/users\/1"}],"replies":[{"embeddable":true,"href":"https:\/\/debateplural.net\/site\/wp-json\/wp\/v2\/comments?post=1411"}],"version-history":[{"count":1,"href":"https:\/\/debateplural.net\/site\/wp-json\/wp\/v2\/posts\/1411\/revisions"}],"predecessor-version":[{"id":8903,"href":"https:\/\/debateplural.net\/site\/wp-json\/wp\/v2\/posts\/1411\/revisions\/8903"}],"wp:featuredmedia":[{"embeddable":true,"href":"https:\/\/debateplural.net\/site\/wp-json\/wp\/v2\/media\/8902"}],"wp:attachment":[{"href":"https:\/\/debateplural.net\/site\/wp-json\/wp\/v2\/media?parent=1411"}],"wp:term":[{"taxonomy":"category","embeddable":true,"href":"https:\/\/debateplural.net\/site\/wp-json\/wp\/v2\/categories?post=1411"},{"taxonomy":"post_tag","embeddable":true,"href":"https:\/\/debateplural.net\/site\/wp-json\/wp\/v2\/tags?post=1411"}],"curies":[{"name":"wp","href":"https:\/\/api.w.org\/{rel}","templated":true}]}}