{"id":14186,"date":"2017-02-13T09:59:04","date_gmt":"2017-02-13T13:59:04","guid":{"rendered":"http:\/\/www.debateplural.com\/?p=14186"},"modified":"2017-02-13T09:59:04","modified_gmt":"2017-02-13T13:59:04","slug":"erdogan-desvela-objetivo-final-la-operacion-militar-turca-siria","status":"publish","type":"post","link":"https:\/\/debateplural.net\/site\/2017\/02\/13\/erdogan-desvela-objetivo-final-la-operacion-militar-turca-siria\/","title":{"rendered":"Erdogan desvela el objetivo final de la operaci\u00f3n militar turca en Siria"},"content":{"rendered":"<p class=\"b-article__lead\">Aunque las Fuerzas Armadas de <a href=\"http:\/\/localhost\/debateplural\/tag\/turquia\">Turqu\u00eda<\/a> y la oposici\u00f3n siria han entrado en la ciudad siria de Al Bab, su principal objetivo es aniquilar a los terroristas de Daesh asentados en Al Raqa, comunic\u00f3 el mandatario turco, <a href=\"http:\/\/localhost\/debateplural\/tag\/recep-tayyip-erdogan\">Recep Tayyip Erdogan<\/a>.<\/p>\n<div class=\"b-article__text\">\n<p class=\"marker-quote1\">\"Ahora Al Bab est\u00e1 rodeado por nuestras tropas y los pelotones del Ej\u00e9rcito Libre Sirio (ELS). Nuestros militares o los del ELS est\u00e1n entrando en el centro de la ciudad (\u2026), pero no nos paramos en eso. Nuestro objetivo final es la limpieza de Al Raqa. Esta ciudad es el basti\u00f3n de Daesh\", dijo Erdogan antes de realizar su viaje a Bahr\u00e9in.<\/p>\n<p class=\"marker-quote1\">Adem\u00e1s el mandatario otomano destac\u00f3 que tras la liberaci\u00f3n de Al Raqa \"esta regi\u00f3n se convertir\u00e1 en zona libre de terroristas\".<\/p>\n<p class=\"marker-quote1\">Al continuar con el tema de la operaci\u00f3n en Al Bab, Erdogan dijo que los residentes de la ciudad podr\u00edan volver solo\u00a0 \"despu\u00e9s de que Daesh por completo abandonara dicha urbe\".<\/p>\n<p>A partir del 24 de agosto de 2016, Turqu\u00eda (junto con los soldados del Ej\u00e9rcito Libre Sirio) est\u00e1 realizando en el norte de <a href=\"http:\/\/localhost\/debateplural\/tag\/siria\">Siria <\/a>la operaci\u00f3n Escudo del \u00c9ufrates, cuya meta es la liberaci\u00f3n de la regi\u00f3n de los terroristas de Daesh y los yihadistas de otros grupos extremistas.<\/p>\n<\/div>\n","protected":false},"excerpt":{"rendered":"<p>Aunque las Fuerzas Armadas de Turqu\u00eda y la oposici\u00f3n siria han entrado en la ciudad siria de Al Bab, su principal objetivo es aniquilar a los terroristas de Daesh asentados en Al Raqa, comunic\u00f3 el mandatario turco, Recep Tayyip Erdogan. \"Ahora Al Bab est\u00e1 rodeado por nuestras tropas y los pelotones del Ej\u00e9rcito Libre Sirio [&hellip;]<\/p>\n","protected":false},"author":1,"featured_media":11193,"comment_status":"open","ping_status":"open","sticky":false,"template":"","format":"standard","meta":{"footnotes":""},"categories":[14,12],"tags":[81,41,51],"class_list":["post-14186","post","type-post","status-publish","format-standard","has-post-thumbnail","hentry","category-internacionales","category-politica-3","tag-recep-tayyip-erdogan","tag-siria","tag-turquia"],"_links":{"self":[{"href":"https:\/\/debateplural.net\/site\/wp-json\/wp\/v2\/posts\/14186"}],"collection":[{"href":"https:\/\/debateplural.net\/site\/wp-json\/wp\/v2\/posts"}],"about":[{"href":"https:\/\/debateplural.net\/site\/wp-json\/wp\/v2\/types\/post"}],"author":[{"embeddable":true,"href":"https:\/\/debateplural.net\/site\/wp-json\/wp\/v2\/users\/1"}],"replies":[{"embeddable":true,"href":"https:\/\/debateplural.net\/site\/wp-json\/wp\/v2\/comments?post=14186"}],"version-history":[{"count":2,"href":"https:\/\/debateplural.net\/site\/wp-json\/wp\/v2\/posts\/14186\/revisions"}],"predecessor-version":[{"id":14191,"href":"https:\/\/debateplural.net\/site\/wp-json\/wp\/v2\/posts\/14186\/revisions\/14191"}],"wp:featuredmedia":[{"embeddable":true,"href":"https:\/\/debateplural.net\/site\/wp-json\/wp\/v2\/media\/11193"}],"wp:attachment":[{"href":"https:\/\/debateplural.net\/site\/wp-json\/wp\/v2\/media?parent=14186"}],"wp:term":[{"taxonomy":"category","embeddable":true,"href":"https:\/\/debateplural.net\/site\/wp-json\/wp\/v2\/categories?post=14186"},{"taxonomy":"post_tag","embeddable":true,"href":"https:\/\/debateplural.net\/site\/wp-json\/wp\/v2\/tags?post=14186"}],"curies":[{"name":"wp","href":"https:\/\/api.w.org\/{rel}","templated":true}]}}