{"id":14189,"date":"2017-02-13T09:55:43","date_gmt":"2017-02-13T13:55:43","guid":{"rendered":"http:\/\/www.debateplural.com\/?p=14189"},"modified":"2017-02-13T09:55:43","modified_gmt":"2017-02-13T13:55:43","slug":"moscu-reacciona-ante-la-disposicion-asad-dimitir-pueblo-asi-lo-decide","status":"publish","type":"post","link":"https:\/\/debateplural.net\/site\/2017\/02\/13\/moscu-reacciona-ante-la-disposicion-asad-dimitir-pueblo-asi-lo-decide\/","title":{"rendered":"Mosc\u00fa reacciona ante la disposici\u00f3n de Asad de dimitir si su pueblo as\u00ed lo decide"},"content":{"rendered":"<p class=\"b-article__lead\">Las palabras del presidente de <a href=\"http:\/\/localhost\/debateplural\/tag\/siria\">Siria<\/a>, Bashar Asad, de que podr\u00e1 dejar su puesto como resultado de las elecciones son una confirmaci\u00f3n del respeto que siente hacia su pueblo, declar\u00f3 el viceministro de Asuntos Exteriores de <a href=\"http:\/\/localhost\/debateplural\/tag\/rusia\">Rusia<\/a> Mija\u00edl Bogd\u00e1nov.<\/p>\n<div class=\"b-article__text\">\n<p class=\"marker-quote1\">\"Es una confirmaci\u00f3n de que respetar\u00e1 la decisi\u00f3n del pueblo sirio expresada mediante un procedimiento democr\u00e1tico como son las elecciones\", apunt\u00f3 en respuesta a la solicitud de comentar las palabras de Asad de que abandonar\u00e1 su puesto si el pueblo lo decide con su voto.<\/p>\n<p class=\"marker-quote1\">Tambi\u00e9n se\u00f1al\u00f3 que lo estipulan todos los documentos internacionales relativos a Siria, en que se se\u00f1ala que el proceso pol\u00edtico no puede durar m\u00e1s de 18 meses y debe concluir con los comicios en que se elegir\u00e1n los dirigentes del pa\u00eds.<\/p>\n<p>Asad declar\u00f3 el 10 de febrero en una entrevista con Yahoo News: \"Si el pueblo sirio no quiere que yo est\u00e9 en este puesto, me ir\u00e9 de inmediato\".<\/p>\n<p>Siria vive desde marzo de 2011 un conflicto armado en el que las tropas gubernamentales se enfrentan a facciones armadas de la oposici\u00f3n y a grupos terroristas como Daesh (autoproclamado Estado Isl\u00e1mico) y el Frente al Nusra, ambos proscritos en Rusia y otros pa\u00edses.<\/p>\n<p>Seg\u00fan datos de la <a href=\"http:\/\/localhost\/debateplural\/tag\/onu\">ONU<\/a>, entre 300.000 y 400.000 personas perdieron la vida en el conflicto.<\/p>\n<p>&nbsp;<\/p>\n<\/div>\n","protected":false},"excerpt":{"rendered":"<p>Las palabras del presidente de Siria, Bashar Asad, de que podr\u00e1 dejar su puesto como resultado de las elecciones son una confirmaci\u00f3n del respeto que siente hacia su pueblo, declar\u00f3 el viceministro de Asuntos Exteriores de Rusia Mija\u00edl Bogd\u00e1nov. \"Es una confirmaci\u00f3n de que respetar\u00e1 la decisi\u00f3n del pueblo sirio expresada mediante un procedimiento democr\u00e1tico [&hellip;]<\/p>\n","protected":false},"author":1,"featured_media":12268,"comment_status":"open","ping_status":"open","sticky":false,"template":"","format":"standard","meta":{"footnotes":""},"categories":[14,12],"tags":[43,40,41],"class_list":["post-14189","post","type-post","status-publish","format-standard","has-post-thumbnail","hentry","category-internacionales","category-politica-3","tag-onu","tag-rusia","tag-siria"],"_links":{"self":[{"href":"https:\/\/debateplural.net\/site\/wp-json\/wp\/v2\/posts\/14189"}],"collection":[{"href":"https:\/\/debateplural.net\/site\/wp-json\/wp\/v2\/posts"}],"about":[{"href":"https:\/\/debateplural.net\/site\/wp-json\/wp\/v2\/types\/post"}],"author":[{"embeddable":true,"href":"https:\/\/debateplural.net\/site\/wp-json\/wp\/v2\/users\/1"}],"replies":[{"embeddable":true,"href":"https:\/\/debateplural.net\/site\/wp-json\/wp\/v2\/comments?post=14189"}],"version-history":[{"count":1,"href":"https:\/\/debateplural.net\/site\/wp-json\/wp\/v2\/posts\/14189\/revisions"}],"predecessor-version":[{"id":14190,"href":"https:\/\/debateplural.net\/site\/wp-json\/wp\/v2\/posts\/14189\/revisions\/14190"}],"wp:featuredmedia":[{"embeddable":true,"href":"https:\/\/debateplural.net\/site\/wp-json\/wp\/v2\/media\/12268"}],"wp:attachment":[{"href":"https:\/\/debateplural.net\/site\/wp-json\/wp\/v2\/media?parent=14189"}],"wp:term":[{"taxonomy":"category","embeddable":true,"href":"https:\/\/debateplural.net\/site\/wp-json\/wp\/v2\/categories?post=14189"},{"taxonomy":"post_tag","embeddable":true,"href":"https:\/\/debateplural.net\/site\/wp-json\/wp\/v2\/tags?post=14189"}],"curies":[{"name":"wp","href":"https:\/\/api.w.org\/{rel}","templated":true}]}}