{"id":1425,"date":"2015-10-01T18:50:03","date_gmt":"2015-10-01T18:50:03","guid":{"rendered":"http:\/\/debateplural.com\/?p=1425"},"modified":"2016-06-23T14:29:24","modified_gmt":"2016-06-23T14:29:24","slug":"discurso-del-primer-ministro-de-grecia-alexis-tsipras-en-la-70-asamblea-general-de-las-naciones-unidas","status":"publish","type":"post","link":"https:\/\/debateplural.net\/site\/2015\/10\/01\/discurso-del-primer-ministro-de-grecia-alexis-tsipras-en-la-70-asamblea-general-de-las-naciones-unidas\/","title":{"rendered":"Discurso del Primer Ministro de Grecia Alexis Tsipras en la 70 Asamblea General de las Naciones Unidas"},"content":{"rendered":"<div id=\"attachment_1426\" style=\"width: 715px\" class=\"wp-caption aligncenter\"><a href=\"http:\/\/tripletecnologia.com\/website\/debateplural\/wp-content\/uploads\/2015\/10\/primer-ministro-de-grecia-alexis-tsipras-1.jpg\"><img loading=\"lazy\" decoding=\"async\" aria-describedby=\"caption-attachment-1426\" class=\"size-full wp-image-1426\" src=\"http:\/\/tripletecnologia.com\/website\/debateplural\/wp-content\/uploads\/2015\/10\/primer-ministro-de-grecia-alexis-tsipras-1.jpg\" alt=\"Primer ministro de Grecia Alexis Tsipras\" width=\"705\" height=\"396\" \/><\/a><p id=\"caption-attachment-1426\" class=\"wp-caption-text\">Primer ministro de Grecia Alexis Tsipras<\/p><\/div>\n<p style=\"text-align:justify;\"><strong>El primer ministro de Grecia, Alexis Tsipras, ha ofrecido su visi\u00f3n de la agenda internacional a los participantes de la 70.\u00aa Asamblea General de la ONU, abordando tambi\u00e9n la cuesti\u00f3n de la deuda y la austeridad griega.<\/strong><\/p>\n<p style=\"text-align:justify;\">\"M\u00e1s de 300.000 personas han llegado a nuestro pa\u00eds para trasladarse a pa\u00edses de Europa Occidental\", ha afirmado el primer ministro griego. Seg\u00fan Tsipras, construir muros contra los refugiados es lo m\u00e1s f\u00e1cil, pero no es una soluci\u00f3n. \"No permitamos que los ni\u00f1os mueran ante estos muros\", ha pedido el l\u00edder del Gobierno heleno. \"No permitimos que la xenofobia destruya los principios b\u00e1sicos de nuestra sociedad\", ha a\u00f1adido. Tsipras ha afirmado tambi\u00e9n que la UE debe \"redoblar el apoyo a pa\u00edses de primera l\u00ednea que est\u00e1n recibiendo oleadas de refugiados\".<!--more--><\/p>\n<p style=\"text-align:justify;\">El l\u00edder izquierdista griego tambi\u00e9n ha reflexionado sobre el papel de la UE en las dram\u00e1ticas crisis que asfixian al mundo \u00e1rabe. Tsipras ha destacado que el bloque europeo debe actuar en Siria con firmeza para proporcionar al pueblo la posibilidad de volver a la normalidad tras un proceso pol\u00edtico. \"Estamos extremadamente preocupados con el ascenso del yihadismo\", ha aseverado.<\/p>\n<p style=\"text-align:justify;\">El primer ministro heleno no ha evitado el tema del conflicto entre Palestina e Israel. El pol\u00edtico griego ha explicado que est\u00e1 completamente seguro e que la guerra en la Franja de Gaza se acabar\u00e1 solo cuando, por fin, ser\u00e1 creado el Estado soberano de\u00a0<a href=\"http:\/\/actualidad.rt.com\/actualidad\/187289-abbas-asamblea-general-onu-palestina\">Palestina<\/a>. El pa\u00eds debe ser representado en el mapa pol\u00edtico con las fronteras existentes antes de 1977, ha precisado Tsipras.<\/p>\n<p style=\"text-align:justify;\">Tsipras obtuvo su segundo mandato como primer ministro del pa\u00eds al pasar por las segundas en lo que va del a\u00f1o elecciones anticipadas.\u00a0Tras volver a triunfar en las urnas\u00a0como el l\u00edder de la coalici\u00f3n de izquierda\u00a0<a href=\"http:\/\/actualidad.rt.com\/actualidad\/164533-syriza-grecia-politica\">Syriza<\/a>, volvi\u00f3 a\u00a0<a href=\"http:\/\/actualidad.rt.com\/ultima_hora\/186512-tsipras-presta-juramento-primer-ministro-grecia\">jurar su cargo<\/a>\u00a0el pasado 21\u00a0de septiembre.<\/p>\n<p style=\"text-align:justify;\">Su primer Gobierno pas\u00f3 a la historia por rechazar rotundamente la pol\u00edtica de austeridad impuesta por la troika de acreedores internacionales. Esa negativa provoc\u00f3 la confrontaci\u00f3n de Atenas con algunos dirigentes de la Uni\u00f3n Europea y oblig\u00f3 a que <a href=\"http:\/\/actualidad.rt.com\/actualidad\/171417-alexis-tsipras\">Tsipras<\/a>\u00a0aceptara un acuerdo con Bruselas y, semanas despu\u00e9s,\u00a0<a href=\"http:\/\/actualidad.rt.com\/actualidad\/183656-dimitir-grecia-alexis-tsipras\">renunciara al cargo<\/a>. Sin embargo, el pueblo de Grecia le volvi\u00f3 a prestar un apoyo electoral mayoritario.<\/p>\n<p style=\"text-align:justify;\">En su discurso ante la Asamblea General de la Organizaci\u00f3n de las Naciones Unidas (ONU), el primer ministro de Grecia, Alexis Tsipras, resalt\u00f3 este jueves que su pa\u00eds ha redoblado los esfuerzos para superar la crisis econ\u00f3mica que le agobia desde 2000, y que en la actualidad mantiene a 33% de la poblaci\u00f3n viviendo bajo el umbral de la pobreza.<\/p>\n<p style=\"text-align:justify;\">\"La poblaci\u00f3n de mi pa\u00eds se esfuerza a diario, con orgullo y dignidad, para superar las crisis y recuperar la esperanza, incluso, en sus momentos m\u00e1s dif\u00edciles, est\u00e1 ayudando a quienes m\u00e1s lo necesitan, a quienes huyen del conflicto (en Oriente Medio). Incluso en estos momentos, los m\u00e1s dif\u00edciles, el pueblo est\u00e1 afirmando su direcci\u00f3n democr\u00e1tica a elegir su propio destino\", expres\u00f3 Tsipras, en transmisi\u00f3n de Telesur.<\/p>\n<p style=\"text-align:justify;\">La deuda de Grecia ha aumentado con el pasar de los a\u00f1os, luego de que la llamada Troika Europea\u00a0\u2014conformada por el Fondo Monetario Internacional, el Banco Central Europeo y la Comisi\u00f3n Europea\u2014 le impusiera a la naci\u00f3n hel\u00e9nica pol\u00edticas neoliberales de ajuste econ\u00f3mico que le hicieron perder un cuarto de su valor y sus ingresos. De acuerdo con un estudio publicado en el sitio web<a title=\"www.datosmacro.com\" href=\"http:\/\/www.datosmacro.com\/\">www.datosmacro.com<\/a>, la deuda cerr\u00f3 en 2014 en 317.094 millones de d\u00f3lares.<\/p>\n<p style=\"text-align:justify;\">A pesar de este escenario, Tsipras indic\u00f3 que su pa\u00eds insiste \"en que se respeten sus derechos democr\u00e1ticos y que este ejemplo nos oriente a tomar las medidas necesarias hacia un mundo m\u00e1s seguro, justo y pr\u00f3spero para nosotros y las generaciones venideras\".<\/p>\n<p style=\"text-align:justify;\">En junio de 2015, y para dar una soluci\u00f3n a la crisis econ\u00f3mica, Grecia present\u00f3 ante l\u00edderes europeos un programa de reformas que fue se\u00f1alado por el primer ministro como \"un plan realista para sacar al pa\u00eds de la crisis\", que d\u00e9 propuestas y no espere a que el Fondo Monetario Internacional y la Uni\u00f3n Europea sean los \u00fanicos en abordar el tema.<\/p>\n<p style=\"text-align:justify;\"><strong>Crisis migratoria<\/strong><\/p>\n<p style=\"text-align:justify;\">Durante la sesi\u00f3n de la ONU, mecanismo que este a\u00f1o arrib\u00f3 a su 70 aniversario, el primer ministro de Grecia insisti\u00f3 en que es necesario que la comunidad internacional act\u00fae con decisi\u00f3n sobre Siria,\u00a0pa\u00eds que sufri\u00f3 la agresi\u00f3n militar por parte de Estados Unidos en 2011, ataques que han dejado m\u00e1s de 200.000 personas asesinadas.<\/p>\n<p style=\"text-align:justify;\">Debido a la crisis de la guerra, miles de sirios han decidido abandonar su pa\u00eds para migrar hacia Europa, muriendo en las aguas del Mar Mediterr\u00e1neo en su intento por alcanzar una vida en paz.<\/p>\n<p style=\"text-align:justify;\">Ante ello, destac\u00f3: \"Apoyamos las iniciativas encaminadas en lograr un compromiso con todos los actores regionales e internacionales pertinentes. Apoyamos los esfuerzos de la Organizaci\u00f3n de las Naciones Unidas. El proceso de paz en el Oriente Medio reviste una importancia clave para la regi\u00f3n europea\", dijo.<\/p>\n<p style=\"text-align:justify;\">De acuerdo con cifras del Alto Comisionado de las Naciones Unidas para los Refugiados (Acnur), un total de 43.500 personas migraron hacia Grecia por el Mediterr\u00e1neo en el a\u00f1o 2014.<\/p>\n<p style=\"text-align:justify;\">La cifra podr\u00eda igualarse este a\u00f1o, pues solo entre el 8 y 14 de agosto el total de inmigrantes en ese pa\u00eds ascend\u00eda a los 25.000.<\/p>\n","protected":false},"excerpt":{"rendered":"<p>El primer ministro de Grecia, Alexis Tsipras, ha ofrecido su visi\u00f3n de la agenda internacional a los participantes de la 70.\u00aa Asamblea General de la ONU, abordando tambi\u00e9n la cuesti\u00f3n de la deuda y la austeridad griega. \"M\u00e1s de 300.000 personas han llegado a nuestro pa\u00eds para trasladarse a pa\u00edses de Europa Occidental\", ha afirmado [&hellip;]<\/p>\n","protected":false},"author":1,"featured_media":8896,"comment_status":"open","ping_status":"open","sticky":false,"template":"","format":"standard","meta":{"footnotes":""},"categories":[14],"tags":[],"class_list":["post-1425","post","type-post","status-publish","format-standard","has-post-thumbnail","hentry","category-internacionales"],"_links":{"self":[{"href":"https:\/\/debateplural.net\/site\/wp-json\/wp\/v2\/posts\/1425"}],"collection":[{"href":"https:\/\/debateplural.net\/site\/wp-json\/wp\/v2\/posts"}],"about":[{"href":"https:\/\/debateplural.net\/site\/wp-json\/wp\/v2\/types\/post"}],"author":[{"embeddable":true,"href":"https:\/\/debateplural.net\/site\/wp-json\/wp\/v2\/users\/1"}],"replies":[{"embeddable":true,"href":"https:\/\/debateplural.net\/site\/wp-json\/wp\/v2\/comments?post=1425"}],"version-history":[{"count":1,"href":"https:\/\/debateplural.net\/site\/wp-json\/wp\/v2\/posts\/1425\/revisions"}],"predecessor-version":[{"id":8897,"href":"https:\/\/debateplural.net\/site\/wp-json\/wp\/v2\/posts\/1425\/revisions\/8897"}],"wp:featuredmedia":[{"embeddable":true,"href":"https:\/\/debateplural.net\/site\/wp-json\/wp\/v2\/media\/8896"}],"wp:attachment":[{"href":"https:\/\/debateplural.net\/site\/wp-json\/wp\/v2\/media?parent=1425"}],"wp:term":[{"taxonomy":"category","embeddable":true,"href":"https:\/\/debateplural.net\/site\/wp-json\/wp\/v2\/categories?post=1425"},{"taxonomy":"post_tag","embeddable":true,"href":"https:\/\/debateplural.net\/site\/wp-json\/wp\/v2\/tags?post=1425"}],"curies":[{"name":"wp","href":"https:\/\/api.w.org\/{rel}","templated":true}]}}