{"id":14501,"date":"2017-02-25T10:16:30","date_gmt":"2017-02-25T14:16:30","guid":{"rendered":"http:\/\/www.debateplural.com\/?p=14501"},"modified":"2017-02-25T10:16:30","modified_gmt":"2017-02-25T14:16:30","slug":"irak-ordena-el-ataque-al-estado-islamico-en-territorio-sirio","status":"publish","type":"post","link":"https:\/\/debateplural.net\/site\/2017\/02\/25\/irak-ordena-el-ataque-al-estado-islamico-en-territorio-sirio\/","title":{"rendered":"Irak ordena el ataque al Estado Isl\u00e1mico en territorio sirio"},"content":{"rendered":"<p>A trav\u00e9s de un comunicado transmitido por la televisi\u00f3n iraqu\u00ed, el primer ministro Haider al Abadi ha dispuesto la ejecuci\u00f3n de ataques a\u00e9reos contra de las posiciones del<a href=\"http:\/\/localhost\/debateplural\/tag\/estado-islamico\"> Estado Isl\u00e1mico <\/a>ubicadas en territorio sirio, informa TASS.<\/p>\n<p>El ministro ha recalcado que la lucha contra la agrupaci\u00f3n extremista se ha intensificado despu\u00e9s de los \u00faltimos ataques suicidas perpetrados en Bagdad y est\u00e1n destinados a proteger a sus ciudadanos.<\/p>\n<p>\"Hemos enviado a nuestra Fuerza A\u00e9rea para las operaciones de ataque en contra del Estado Isl\u00e1mico en <a href=\"http:\/\/localhost\/debateplural\/tag\/siria\">Siria<\/a>\", ha se\u00f1alado al Abadi y ha destacado la labor de los oficiales del Ej\u00e9rcito iraqu\u00ed, a los que tild\u00f3 de \"h\u00e9roes del aire\", quienes luchar\u00e1n contra los terroristas \"que matan a nuestros ni\u00f1os y ciudadanos en cualquier parte\".<\/p>\n<p>\"El ataque de las fuerzas a\u00e9reas iraqu\u00edes a las posiciones de los terroristas en Siria ha sido coordinado de manera conjunta con el Gobierno sirio\", cita RIA Novosti las palabras de una fuente del diario \u00e1rabe 'Al watan'.<\/p>\n<h3>Una intensa lucha\u00a0contra el Estado Isl\u00e1mico<\/h3>\n<p>El pasado jueves 16 de febrero, 48 personas murieron y decenas resultaron heridas tras un atentado con coche bomba en una calle del sur de la capital iraqu\u00ed. Un d\u00eda antes, otro terrorista suicida hizo detonar explosivos en un cami\u00f3n en un barrio del norte de Bagdad, matando a 15 personas.<\/p>\n<p>Este 23 de febrero, el Gobierno iraqu\u00ed inform\u00f3 que las fuerzas de seguridad y la Polic\u00eda Federal se han hecho del control del aeropuerto de Mosul como parte de una extensa ofensiva para recuperar la segunda ciudad de mayor importancia en el pa\u00eds.<\/p>\n<p>Por su parte, el Ej\u00e9rcito nacional ha desplegado una ofensiva para recobrar la base militar de Al Ghazlani, una de las m\u00e1s importantes instalaciones de los terroristas en el suroeste de Mosul.<\/p>\n","protected":false},"excerpt":{"rendered":"<p>A trav\u00e9s de un comunicado transmitido por la televisi\u00f3n iraqu\u00ed, el primer ministro Haider al Abadi ha dispuesto la ejecuci\u00f3n de ataques a\u00e9reos contra de las posiciones del Estado Isl\u00e1mico ubicadas en territorio sirio, informa TASS. El ministro ha recalcado que la lucha contra la agrupaci\u00f3n extremista se ha intensificado despu\u00e9s de los \u00faltimos ataques [&hellip;]<\/p>\n","protected":false},"author":1,"featured_media":14502,"comment_status":"open","ping_status":"open","sticky":false,"template":"","format":"standard","meta":{"footnotes":""},"categories":[14,12],"tags":[54,41],"class_list":["post-14501","post","type-post","status-publish","format-standard","has-post-thumbnail","hentry","category-internacionales","category-politica-3","tag-estado-islamico","tag-siria"],"_links":{"self":[{"href":"https:\/\/debateplural.net\/site\/wp-json\/wp\/v2\/posts\/14501"}],"collection":[{"href":"https:\/\/debateplural.net\/site\/wp-json\/wp\/v2\/posts"}],"about":[{"href":"https:\/\/debateplural.net\/site\/wp-json\/wp\/v2\/types\/post"}],"author":[{"embeddable":true,"href":"https:\/\/debateplural.net\/site\/wp-json\/wp\/v2\/users\/1"}],"replies":[{"embeddable":true,"href":"https:\/\/debateplural.net\/site\/wp-json\/wp\/v2\/comments?post=14501"}],"version-history":[{"count":1,"href":"https:\/\/debateplural.net\/site\/wp-json\/wp\/v2\/posts\/14501\/revisions"}],"predecessor-version":[{"id":14503,"href":"https:\/\/debateplural.net\/site\/wp-json\/wp\/v2\/posts\/14501\/revisions\/14503"}],"wp:featuredmedia":[{"embeddable":true,"href":"https:\/\/debateplural.net\/site\/wp-json\/wp\/v2\/media\/14502"}],"wp:attachment":[{"href":"https:\/\/debateplural.net\/site\/wp-json\/wp\/v2\/media?parent=14501"}],"wp:term":[{"taxonomy":"category","embeddable":true,"href":"https:\/\/debateplural.net\/site\/wp-json\/wp\/v2\/categories?post=14501"},{"taxonomy":"post_tag","embeddable":true,"href":"https:\/\/debateplural.net\/site\/wp-json\/wp\/v2\/tags?post=14501"}],"curies":[{"name":"wp","href":"https:\/\/api.w.org\/{rel}","templated":true}]}}