{"id":14522,"date":"2017-02-25T12:21:57","date_gmt":"2017-02-25T16:21:57","guid":{"rendered":"http:\/\/www.debateplural.com\/?p=14522"},"modified":"2017-02-25T12:21:57","modified_gmt":"2017-02-25T16:21:57","slug":"filtran-el-nuevo-plan-anti-irani-de-trump","status":"publish","type":"post","link":"https:\/\/debateplural.net\/site\/2017\/02\/25\/filtran-el-nuevo-plan-anti-irani-de-trump\/","title":{"rendered":"Filtran el nuevo plan anti-iran\u00ed de Trump"},"content":{"rendered":"<p>Una fuente an\u00f3nima en la Casa Blanca ha informado a la agencia Reuters que la Administraci\u00f3n del presidente norteamericano, <a href=\"http:\/\/localhost\/debateplural\/tag\/donald-trump\">Donald Trump<\/a>, considera clasificar a los Cuerpos de la Guardia Revolucionaria Isl\u00e1mica como un grupo terrorista, pese a que miembros del Gobierno se muestran en contra de esta idea.<\/p>\n<p>La Guardia Revolucionaria Isl\u00e1mica, fundada despu\u00e9s de la revoluci\u00f3n iran\u00ed de 1979 para defender el sistema isl\u00e1mico del pa\u00eds, es ahora el brazo ejecutor de facto del ayatol\u00e1, Al\u00ed Jamene\u00ed. Seg\u00fan la agencia, hay funcionarios de Defensa y de Inteligencia que temen que la medida pueda resultar contraproducente para Washington, ya que el cumplimiento de todos los acuerdos con <a href=\"http:\/\/localhost\/debateplural\/tag\/iran\">Ir\u00e1n<\/a> podr\u00eda quedar suspendido, as\u00ed como la firma de algunos nuevos documentos con el pa\u00eds \u00e1rabe.<\/p>\n<p>Adem\u00e1s, quienes se oponen a la idea creen que la medida, si finalmente es adoptada, afectar\u00eda a la lucha contra el <a href=\"http:\/\/localhost\/debateplural\/tag\/estado-islamico\">Estado Isl\u00e1mico<\/a>, organizaci\u00f3n terrorista que Trump ha prometido erradicar en numerosas ocasiones.<\/p>\n<p>Reuters informa que la aprobaci\u00f3n de la propuesta, bajo consideraci\u00f3n durante varias semanas, se fij\u00f3 en un primer momento para febrero. Sin embargo, dada la oposici\u00f3n de varios funcionarios gubernamentales, no est\u00e1 claro cu\u00e1ndo podr\u00eda aprobarse, si es que finalmente se aprueba.<\/p>\n<p>Asimismo, la agencia a\u00f1ade que la Casa Blanca no ha hecho por ahora ning\u00fan comentario al respecto.<\/p>\n<p>Desde su campa\u00f1a electoral, Donald Trump viene prometiendo grandes cambios en la pol\u00edtica exterior de su pa\u00eds, especialmente en lo que se refiere a Ir\u00e1n. As\u00ed, <a href=\"https:\/\/actualidad.rt.com\/actualidad\/231159-trump-iran-armas-nucleares\" target=\"_blank\" rel=\"up noopener noreferrer\">calific\u00f3<\/a> el Plan de Acci\u00f3n Conjunto y Completo para regular el <a href=\"https:\/\/actualidad.rt.com\/actualidad\/180560-razones-acuerdo-nuclear-iran-eeuu\" target=\"_blank\" rel=\"up noopener noreferrer\">programa nuclear<\/a> de Teher\u00e1n aprobado en 2015 como \"uno de los peores\" tratados internacionales jam\u00e1s vistos.<\/p>\n<p>Sus cr\u00edticas se intensificaron tras el lanzamiento por Ir\u00e1n de un misil bal\u00edstico el pasado 29 de enero, hecho <a href=\"https:\/\/actualidad.rt.com\/actualidad\/229972-iran-confirmar-lanzamiento-misil-balistico\" target=\"_blank\" rel=\"up noopener noreferrer\">confirmado<\/a> por el Ministerio de Defensa de la naci\u00f3n persa. Teher\u00e1n sostiene que la prueba no viola el acuerdo nuclear.<\/p>\n","protected":false},"excerpt":{"rendered":"<p>Una fuente an\u00f3nima en la Casa Blanca ha informado a la agencia Reuters que la Administraci\u00f3n del presidente norteamericano, Donald Trump, considera clasificar a los Cuerpos de la Guardia Revolucionaria Isl\u00e1mica como un grupo terrorista, pese a que miembros del Gobierno se muestran en contra de esta idea. La Guardia Revolucionaria Isl\u00e1mica, fundada despu\u00e9s de [&hellip;]<\/p>\n","protected":false},"author":1,"featured_media":14131,"comment_status":"open","ping_status":"open","sticky":false,"template":"","format":"standard","meta":{"footnotes":""},"categories":[14,12],"tags":[85,54,48],"class_list":["post-14522","post","type-post","status-publish","format-standard","has-post-thumbnail","hentry","category-internacionales","category-politica-3","tag-donald-trump","tag-estado-islamico","tag-iran"],"_links":{"self":[{"href":"https:\/\/debateplural.net\/site\/wp-json\/wp\/v2\/posts\/14522"}],"collection":[{"href":"https:\/\/debateplural.net\/site\/wp-json\/wp\/v2\/posts"}],"about":[{"href":"https:\/\/debateplural.net\/site\/wp-json\/wp\/v2\/types\/post"}],"author":[{"embeddable":true,"href":"https:\/\/debateplural.net\/site\/wp-json\/wp\/v2\/users\/1"}],"replies":[{"embeddable":true,"href":"https:\/\/debateplural.net\/site\/wp-json\/wp\/v2\/comments?post=14522"}],"version-history":[{"count":1,"href":"https:\/\/debateplural.net\/site\/wp-json\/wp\/v2\/posts\/14522\/revisions"}],"predecessor-version":[{"id":14523,"href":"https:\/\/debateplural.net\/site\/wp-json\/wp\/v2\/posts\/14522\/revisions\/14523"}],"wp:featuredmedia":[{"embeddable":true,"href":"https:\/\/debateplural.net\/site\/wp-json\/wp\/v2\/media\/14131"}],"wp:attachment":[{"href":"https:\/\/debateplural.net\/site\/wp-json\/wp\/v2\/media?parent=14522"}],"wp:term":[{"taxonomy":"category","embeddable":true,"href":"https:\/\/debateplural.net\/site\/wp-json\/wp\/v2\/categories?post=14522"},{"taxonomy":"post_tag","embeddable":true,"href":"https:\/\/debateplural.net\/site\/wp-json\/wp\/v2\/tags?post=14522"}],"curies":[{"name":"wp","href":"https:\/\/api.w.org\/{rel}","templated":true}]}}