{"id":14542,"date":"2017-02-27T06:06:04","date_gmt":"2017-02-27T10:06:04","guid":{"rendered":"http:\/\/www.debateplural.com\/?p=14542"},"modified":"2017-02-26T17:25:28","modified_gmt":"2017-02-26T21:25:28","slug":"fidel-a-3-meses-de-su-partida","status":"publish","type":"post","link":"https:\/\/debateplural.net\/site\/2017\/02\/27\/fidel-a-3-meses-de-su-partida\/","title":{"rendered":"Fidel, a 3 meses de su partida"},"content":{"rendered":"<div class=\"txt_newworld\">\n<div class=\"topblogleft\">Atilio Bor\u00f3n (teleSur, 25-2-17)<\/div>\n<p>&nbsp;<\/p>\n<p>El d\u00eda en que se conmemoraba la partida del Granma, exactamente en ese mismo d\u00eda como seguramente lo quiso, Fidel parti\u00f3 en busca de nuevos horizontes de lucha. Lo hizo en la seguridad de que la siembra que hizo a lo largo de su vida ya hab\u00eda germinado.<\/p>\n<p>Que sus ense\u00f1anzas ser\u00edan imperecederas. Que el capitalismo conduce a la humanidad a su extinci\u00f3n.<\/p>\n<p>Que s\u00f3lo el socialismo y el comunismo le otorgar\u00e1n condiciones para la sobrevivencia.de la especie humana. Que la lucha contra el imperialismo es un combate que se libra d\u00eda a d\u00eda, bajo diversas formas y que s\u00f3lo finalizar\u00e1 con la derrota definitiva del monstruo. Que jam\u00e1s \u00e9ste admitir\u00e1 la soberan\u00eda, la autodeterminaci\u00f3n y la felicidad de los pueblos.<\/p>\n<p>Que apelar\u00e1 a cualquier recurso para mantenernos bajo su yugo. Que el socialismo y el comunismo son por definici\u00f3n internacionalistas y solidarios, como lo fue la Revoluci\u00f3n Cubana bajo su inspiraci\u00f3n. Y como lo seguir\u00e1 siendo. Por eso Fidel vive en cada una y en cada uno que lucha sin descanso por un mundo mejor. Fidel se fue pero est\u00e1 como inspiraci\u00f3n, ejemplo, est\u00edmulo.<\/p>\n<p>Como una vez tambi\u00e9n se fue Bol\u00edvar, y algunos hombres peque\u00f1os y mediocres pensaron que se hab\u00eda ido para siempre. No se dieron cuenta de que volver\u00eda, s\u00f3lo que de otro modo, como lo asegura la bella poes\u00eda de Pablo Neruda. Como se fue el Che, para al poco tiempo regresar y estar presente en todas las luchas a lo ancho y a lo largo del planeta.<\/p>\n<p>Como lo est\u00e1 Ch\u00e1vez, eterno en el alma de nuestros pueblos. Y lo mismo ocurrir\u00e1 con Fidel, m\u00e1s presente que nunca s\u00f3lo que bajo otra forma. Ilumin\u00e1ndonos como la reencarnaci\u00f3n contempor\u00e1nea del Quijote, ese amante de las utop\u00edas realizables que viv\u00eda para \u201cSo\u00f1ar el sue\u00f1o imposible, luchar contra el enemigo imposible, correr donde los valientes no se atrevieron, alcanzar la estrella inalcanzable. Ese es mi destino.\u201d<\/p>\n<p>Seguiremos por el camino que nos ha se\u00f1alado, hoy m\u00e1s que nunca Comandante. \u00a1Hasta la victoria siempre!<\/p>\n<\/div>\n","protected":false},"excerpt":{"rendered":"<p>Atilio Bor\u00f3n (teleSur, 25-2-17) &nbsp; El d\u00eda en que se conmemoraba la partida del Granma, exactamente en ese mismo d\u00eda como seguramente lo quiso, Fidel parti\u00f3 en busca de nuevos horizontes de lucha. Lo hizo en la seguridad de que la siembra que hizo a lo largo de su vida ya hab\u00eda germinado. Que sus [&hellip;]<\/p>\n","protected":false},"author":1,"featured_media":10251,"comment_status":"open","ping_status":"open","sticky":false,"template":"","format":"standard","meta":{"footnotes":""},"categories":[14,12],"tags":[],"class_list":["post-14542","post","type-post","status-publish","format-standard","has-post-thumbnail","hentry","category-internacionales","category-politica-3"],"_links":{"self":[{"href":"https:\/\/debateplural.net\/site\/wp-json\/wp\/v2\/posts\/14542"}],"collection":[{"href":"https:\/\/debateplural.net\/site\/wp-json\/wp\/v2\/posts"}],"about":[{"href":"https:\/\/debateplural.net\/site\/wp-json\/wp\/v2\/types\/post"}],"author":[{"embeddable":true,"href":"https:\/\/debateplural.net\/site\/wp-json\/wp\/v2\/users\/1"}],"replies":[{"embeddable":true,"href":"https:\/\/debateplural.net\/site\/wp-json\/wp\/v2\/comments?post=14542"}],"version-history":[{"count":1,"href":"https:\/\/debateplural.net\/site\/wp-json\/wp\/v2\/posts\/14542\/revisions"}],"predecessor-version":[{"id":14543,"href":"https:\/\/debateplural.net\/site\/wp-json\/wp\/v2\/posts\/14542\/revisions\/14543"}],"wp:featuredmedia":[{"embeddable":true,"href":"https:\/\/debateplural.net\/site\/wp-json\/wp\/v2\/media\/10251"}],"wp:attachment":[{"href":"https:\/\/debateplural.net\/site\/wp-json\/wp\/v2\/media?parent=14542"}],"wp:term":[{"taxonomy":"category","embeddable":true,"href":"https:\/\/debateplural.net\/site\/wp-json\/wp\/v2\/categories?post=14542"},{"taxonomy":"post_tag","embeddable":true,"href":"https:\/\/debateplural.net\/site\/wp-json\/wp\/v2\/tags?post=14542"}],"curies":[{"name":"wp","href":"https:\/\/api.w.org\/{rel}","templated":true}]}}