{"id":14601,"date":"2017-02-20T15:23:06","date_gmt":"2017-02-20T19:23:06","guid":{"rendered":"http:\/\/www.debateplural.com\/?p=14601"},"modified":"2017-03-01T15:26:48","modified_gmt":"2017-03-01T19:26:48","slug":"la-condicion-de-putin-para-el-desmantelamiento-de-la-base-aerea-rusa-en-kirguistan","status":"publish","type":"post","link":"https:\/\/debateplural.net\/site\/2017\/02\/20\/la-condicion-de-putin-para-el-desmantelamiento-de-la-base-aerea-rusa-en-kirguistan\/","title":{"rendered":"La condici\u00f3n de Putin para el desmantelamiento de la base a\u00e9rea rusa en Kirguist\u00e1n"},"content":{"rendered":"<p class=\"b-article__lead\"><a href=\"http:\/\/localhost\/debateplural\/tag\/vladimir-putin\">Vladimir Putin<\/a> ha nombrado la condici\u00f3n que tiene que darse para el desmantelamiento de la base a\u00e9rea rusa de Kant, ubicada en Biskek, la capital de Kirguist\u00e1n.<\/p>\n<div class=\"b-article__text\">\n<p class=\"marker-quote1\">\"Si alg\u00fan d\u00eda Kirguist\u00e1n afirma que ha consolidado sus Fuerzas Armadas y que ya no necesitan nuestra base a\u00e9rea, nos retiraremos de all\u00ed ese mismo d\u00eda\", dijo Putin durante una rueda de prensa junto a su hom\u00f3logo kirgu\u00eds, Almazbek Atamb\u00e1yev.<\/p>\n<p class=\"marker-quote1\">Asimismo, el mandatario ruso subray\u00f3 que<a href=\"http:\/\/localhost\/debateplural\/tag\/rusia\"> Rusia<\/a> \"no tiene necesidad de desplegar un contingente militar en el pa\u00eds asi\u00e1tico\".<\/p>\n<p>En diciembre de 2016, el presidente de Kirguist\u00e1n declar\u00f3 que la base militar de Rusia ser\u00eda retirada despu\u00e9s de que expirara el acuerdo firmado entre los dos pa\u00edses en 2009.<\/p>\n<p>De acuerdo con el profesor del Instituto de los pa\u00edses de la Comunidad de Estados Independientes Andr\u00e9i Grozin, la base de Kant es uno de los pilares de la defensa de la Organizaci\u00f3n del Tratado de Seguridad Colectiva y de sus miembros\u00a0\u2014Armenia, Bielorrusia, Kazajist\u00e1n, Kirguist\u00e1n, Rusia y Tayikist\u00e1n\u2014, especialmente de Kazajist\u00e1n y Tayikist\u00e1n.<\/p>\n<p>En este sentido, el experto hizo referencia a la base 201 de Rusia, que est\u00e1 localizada en territorio tayiko.<\/p>\n<p class=\"marker-quote1\">\"Si esta base es privada de la protecci\u00f3n a\u00e9rea que obtiene de la base de Kant, sus capacidades para proteger la regi\u00f3n de Asia Central se ver\u00e1n reducidas\", dijo el experto.<\/p>\n<p>El acuerdo sobre el despliegue de la base de Kant fue firmado hace 8 a\u00f1os. Su primer plazo expir\u00f3 a finales de 2016. Seg\u00fan los t\u00e9rminos del convenio, despu\u00e9s de este periodo, su funcionamiento puede ser prologado durante 49 a\u00f1os m\u00e1s. Sin embargo, las autoridades kirguisas optaron por extender la existencia de la instalaci\u00f3n militar por solo 15 a\u00f1os m\u00e1s.<\/p>\n<p>La base a\u00e9rea de Kant se encuentra en los alrededores de Biskek y acoge aviones de asalto rusos Su-25 y helic\u00f3pteros Mi-8.<\/p>\n<div class=\"b-inject m-inject-min\"><\/div>\n<\/div>\n","protected":false},"excerpt":{"rendered":"<p>Vladimir Putin ha nombrado la condici\u00f3n que tiene que darse para el desmantelamiento de la base a\u00e9rea rusa de Kant, ubicada en Biskek, la capital de Kirguist\u00e1n. \"Si alg\u00fan d\u00eda Kirguist\u00e1n afirma que ha consolidado sus Fuerzas Armadas y que ya no necesitan nuestra base a\u00e9rea, nos retiraremos de all\u00ed ese mismo d\u00eda\", dijo Putin [&hellip;]<\/p>\n","protected":false},"author":1,"featured_media":9567,"comment_status":"open","ping_status":"open","sticky":false,"template":"","format":"standard","meta":{"footnotes":""},"categories":[14,12],"tags":[40,42],"class_list":["post-14601","post","type-post","status-publish","format-standard","has-post-thumbnail","hentry","category-internacionales","category-politica-3","tag-rusia","tag-vladimir-putin"],"_links":{"self":[{"href":"https:\/\/debateplural.net\/site\/wp-json\/wp\/v2\/posts\/14601"}],"collection":[{"href":"https:\/\/debateplural.net\/site\/wp-json\/wp\/v2\/posts"}],"about":[{"href":"https:\/\/debateplural.net\/site\/wp-json\/wp\/v2\/types\/post"}],"author":[{"embeddable":true,"href":"https:\/\/debateplural.net\/site\/wp-json\/wp\/v2\/users\/1"}],"replies":[{"embeddable":true,"href":"https:\/\/debateplural.net\/site\/wp-json\/wp\/v2\/comments?post=14601"}],"version-history":[{"count":1,"href":"https:\/\/debateplural.net\/site\/wp-json\/wp\/v2\/posts\/14601\/revisions"}],"predecessor-version":[{"id":14602,"href":"https:\/\/debateplural.net\/site\/wp-json\/wp\/v2\/posts\/14601\/revisions\/14602"}],"wp:featuredmedia":[{"embeddable":true,"href":"https:\/\/debateplural.net\/site\/wp-json\/wp\/v2\/media\/9567"}],"wp:attachment":[{"href":"https:\/\/debateplural.net\/site\/wp-json\/wp\/v2\/media?parent=14601"}],"wp:term":[{"taxonomy":"category","embeddable":true,"href":"https:\/\/debateplural.net\/site\/wp-json\/wp\/v2\/categories?post=14601"},{"taxonomy":"post_tag","embeddable":true,"href":"https:\/\/debateplural.net\/site\/wp-json\/wp\/v2\/tags?post=14601"}],"curies":[{"name":"wp","href":"https:\/\/api.w.org\/{rel}","templated":true}]}}