{"id":14639,"date":"2017-03-02T15:00:17","date_gmt":"2017-03-02T19:00:17","guid":{"rendered":"http:\/\/www.debateplural.com\/?p=14639"},"modified":"2017-03-02T15:00:17","modified_gmt":"2017-03-02T19:00:17","slug":"juez-declara-inadmisible-solicitud-de-homologacion-del-acuerdo-odebrecht","status":"publish","type":"post","link":"https:\/\/debateplural.net\/site\/2017\/03\/02\/juez-declara-inadmisible-solicitud-de-homologacion-del-acuerdo-odebrecht\/","title":{"rendered":"Juez declara inadmisible solicitud de homologaci\u00f3n del acuerdo Odebrecht"},"content":{"rendered":"<p><strong>Ram\u00f3n Cruz (List\u00edn, 2-3-17)<\/strong><\/p>\n<p>&nbsp;<\/p>\n<p>El juez presidente del D\u00e9cimo Juzgado de la\u00a0 Instrucci\u00f3n del Distrito Nacional declar\u00f3 ayer inadmisible el procedimiento usado para la solicitud de homologaci\u00f3n del acuerdo firmado entre la Procuradur\u00eda General de Rep\u00fablica y la constructora Odebrecht, al tiempo que declar\u00f3 las investigaciones del caso complejo.<\/p>\n<p>El magistrado Jos\u00e9 Alejandro Vargas orden\u00f3 la devoluci\u00f3n del acuerdo al ministerio p\u00fablico y a la empresa brasile\u00f1a, a fin de que lo promuevan al amparo del procedimiento establecido para los casos que compartan la gravedad de los hechos que se investigan.<\/p>\n<p>De su lado, el abogado que representa al gerente local de Odebrecht, Marcelo Hofke, doctor Robert Valdez, a la salida del tribunal, anunci\u00f3 que se reunir\u00e1 con un equipo de abogados de la firma brasile\u00f1a para determinar si recurren la decisi\u00f3n del tribunal.<\/p>\n<p>El juez aclar\u00f3 que esto no quiere decir que el acuerdo ha sido rechazado, sino el procedimiento usado para introducir en el tribunal el pacto en que Odebrecht se compromete a pagar al Estado US$184 millones en compensaci\u00f3n por el pago de sobornos para ser favorecida con obras p\u00fablicas.<\/p>\n<p>Con la solicitud de homologaci\u00f3n, la Procuradur\u00eda procuraba que el tribunal dispusiera la extinci\u00f3n de la acci\u00f3n penal en favor de Odebrecht, su grupo econ\u00f3mico y empleados directos.<\/p>\n<p>Vargas precis\u00f3 que aunque en sus conclusiones formales, la Procuradur\u00eda ni Odebrecht se\u00f1alan al juez a cu\u00e1l procedimiento aspiran para que el acuerdo fuera homologado jurisdiccionalmente, dejan claramente establecido que la soluci\u00f3n acordada es la conciliaci\u00f3n y no la suspensi\u00f3n condicional de la pena y el procedimiento penal abreviado, ya que incumplen para las formalidades jur\u00eddicas.<\/p>\n<div id=\"FIOnDemandWrapper_fiInstance_101888_5_3240741\" class=\"FIOnDemandWrapper\"><\/div>\n<p>El tribunal entiende, sin embargo, que en cuanto a la conciliaci\u00f3n, la Suprema Corte de Justicia en su resoluci\u00f3n 1029-2007, no hace menci\u00f3n del ministerio p\u00fablico como integrante de los que puedan valerse de ese procedimiento para dirimir una controversia.<\/p>\n<p>El juez alega que al recurrir al tribunal, el ministerio p\u00fablico desborda el principio de legalidad, por cuando condiciona el ejercicio de la acci\u00f3n penal a un criterio de oportunidad que no le ha sido dado, en virtud de alg\u00fan mandato legal.<\/p>\n<p>\u201cPor lo tanto, tal y como han reconocido ambas partes, se trata de hechos graves, y en consecuencia requieren de otro remedio procesal de mayor rigurosidad jur\u00eddica\u201d, acot\u00f3 el juez en uno de los considerando de la sentencia que consta de 11 p\u00e1ginas.<\/p>\n<p>Manifest\u00f3 que en el ordenamiento penal dominicano las partes que pueden conciliar son denunciante, querellante, v\u00edctima u ofendido y querellado, quienes acuden a las Fiscal\u00edas para que ese \u00f3rgano antes de dar curso a los sometimientos, trate de conciliar sus diferencias cuando se trate de infracci\u00f3n de acci\u00f3n p\u00fablica a instancia privada, o antes el juez, cuando la querella sea de acci\u00f3n privada.<\/p>\n<p><strong>Declara el caso complejo<\/strong><br \/>\nPor otro lado, el juez AleVargas declar\u00f3 complejo las investigaciones seguidas en torno al caso de la constructora Odebrecht.<\/p>\n<p>El tribunal tom\u00f3 la decisi\u00f3n, tras acoger una solicitud que hiciera en ese sentido la Procuradur\u00eda General de la Rep\u00fablica, a trav\u00e9s de la\u00a0 Procuradur\u00eda Especializada de Persecuci\u00f3n de la Corrupci\u00f3n Administrativa (PEPCA), que encabeza Laura Guerrero.<\/p>\n<p>El ministerio p\u00fablico hizo la petici\u00f3n a los fines de seguir con la investigaci\u00f3n abierta en contra de la constructora, por presunta violaci\u00f3n a los art\u00edculo 166, 167 y 175 del C\u00f3digo Penal Dominicano, la ley 448 -06 sobre soborno transaccional sobre el comercio y la inversi\u00f3n, as\u00ed como violaci\u00f3n a la Ley 72-02 sobre lavado de activos provenientes del tr\u00e1fico il\u00edcito de droga. Se recuerda que la solicitud de homologaci\u00f3n del acuerdo fue depositada en el tribunal el pasado 10 de febrero por la titular de la Procuradur\u00eda Especializada de Persecuci\u00f3n de la Corrupci\u00f3n Administrativa (PEPCA), Laura Guerrero, y el abogado de Odebrecht, doctor Robert Valdez.<\/p>\n<p><strong>(+)<br \/>\nMARCHA VERDE PIDE LA RENUNCIA PROCURADOR<\/strong><br \/>\nEl movimiento Marcha Verde salud\u00f3 la decisi\u00f3n del juez Vargas, y de inmediato pidi\u00f3 la renuncia del procurador Jean Alain Rodr\u00edguez.<\/p>\n<p>\u201cLa resoluci\u00f3n del juez Vargas muestra y desnuda al ministerio p\u00fablico por su incompetencia e ineptitud y sus claros v\u00ednculos pol\u00edticos con el Partido de la Liberaci\u00f3n Dominicana (PLD) y el presidente Danilo Medina. Esta realidad se suma a las razones para la designaci\u00f3n de fiscales independientes acompa\u00f1ados por especialistas de Naciones Unidas, como lo plantean los cientos de miles de ciudadanos y ciudadanas que han firmado el Libro Verde\u201d, indicaron en nota de prensa.<\/p>\n<p>Dicen que la Procuradur\u00eda General pretend\u00eda garantizar amplios niveles de impunidad, a trav\u00e9s de un acuerdo concebido para impedir la recuperaci\u00f3n del dinero robado, el encarcelamiento de los implicados y la cancelaci\u00f3n de los contratos.<\/p>\n<p>\u201cLa Procuradur\u00eda General de la Rep\u00fablica enga\u00f1\u00f3 al pueblo dominicano con el contenido del acuerdo en cuanto a los delitos que iban a ser objeto del acuerdo y estaban pactando tambi\u00e9n el lavado de activos y la prevaricaci\u00f3n.<\/p>\n<p>Adem\u00e1s la sentencia le\u00edda por el juez explica que encaminaron el pedimento por la v\u00eda de la conciliaci\u00f3n y no por el criterio de oportunidad para casos complejos\u201d, sostiene.<\/p>\n<p>Las organizaciones sociales demandaron la renuncia del procurador Jean Alain Rodr\u00edguez, por haberle mentido a la ciudadan\u00eda al indicar que cursar\u00eda un procedimiento y us\u00f3 otro totalmente distinto, que no existe en la ley para casos graves.<\/p>\n<p>Ayer decenas de personas integrantes del movimiento, portando pancartas, altoparlantes y paraguas color verde, expresaron su rechazo a la homologaci\u00f3n frente al Palacio de Justicia.<\/p>\n","protected":false},"excerpt":{"rendered":"<p>Ram\u00f3n Cruz (List\u00edn, 2-3-17) &nbsp; El juez presidente del D\u00e9cimo Juzgado de la\u00a0 Instrucci\u00f3n del Distrito Nacional declar\u00f3 ayer inadmisible el procedimiento usado para la solicitud de homologaci\u00f3n del acuerdo firmado entre la Procuradur\u00eda General de Rep\u00fablica y la constructora Odebrecht, al tiempo que declar\u00f3 las investigaciones del caso complejo. El magistrado Jos\u00e9 Alejandro Vargas [&hellip;]<\/p>\n","protected":false},"author":1,"featured_media":14640,"comment_status":"open","ping_status":"open","sticky":false,"template":"","format":"standard","meta":{"footnotes":""},"categories":[5,12],"tags":[],"class_list":["post-14639","post","type-post","status-publish","format-standard","has-post-thumbnail","hentry","category-nacionales","category-politica-3"],"_links":{"self":[{"href":"https:\/\/debateplural.net\/site\/wp-json\/wp\/v2\/posts\/14639"}],"collection":[{"href":"https:\/\/debateplural.net\/site\/wp-json\/wp\/v2\/posts"}],"about":[{"href":"https:\/\/debateplural.net\/site\/wp-json\/wp\/v2\/types\/post"}],"author":[{"embeddable":true,"href":"https:\/\/debateplural.net\/site\/wp-json\/wp\/v2\/users\/1"}],"replies":[{"embeddable":true,"href":"https:\/\/debateplural.net\/site\/wp-json\/wp\/v2\/comments?post=14639"}],"version-history":[{"count":1,"href":"https:\/\/debateplural.net\/site\/wp-json\/wp\/v2\/posts\/14639\/revisions"}],"predecessor-version":[{"id":14641,"href":"https:\/\/debateplural.net\/site\/wp-json\/wp\/v2\/posts\/14639\/revisions\/14641"}],"wp:featuredmedia":[{"embeddable":true,"href":"https:\/\/debateplural.net\/site\/wp-json\/wp\/v2\/media\/14640"}],"wp:attachment":[{"href":"https:\/\/debateplural.net\/site\/wp-json\/wp\/v2\/media?parent=14639"}],"wp:term":[{"taxonomy":"category","embeddable":true,"href":"https:\/\/debateplural.net\/site\/wp-json\/wp\/v2\/categories?post=14639"},{"taxonomy":"post_tag","embeddable":true,"href":"https:\/\/debateplural.net\/site\/wp-json\/wp\/v2\/tags?post=14639"}],"curies":[{"name":"wp","href":"https:\/\/api.w.org\/{rel}","templated":true}]}}