{"id":14765,"date":"2017-03-08T13:06:26","date_gmt":"2017-03-08T17:06:26","guid":{"rendered":"http:\/\/www.debateplural.com\/?p=14765"},"modified":"2017-03-08T13:06:26","modified_gmt":"2017-03-08T17:06:26","slug":"una-fotografia-de-donald-trump","status":"publish","type":"post","link":"https:\/\/debateplural.net\/site\/2017\/03\/08\/una-fotografia-de-donald-trump\/","title":{"rendered":"Una fotograf\u00eda de Donald Trump"},"content":{"rendered":"<p><strong>Miguel Angel Ferrer (teleSur, 2-3-17)<\/strong><\/p>\n<p>&nbsp;<\/p>\n<p>Las palabras -dec\u00eda Carlos Marx- son la envoltura material del pensamiento. De modo que sabemos por sus palabras lo que alguien piensa. Y si no hay palabras, el pensamiento de esa persona permanece ignoto para los dem\u00e1s. Pero puede ocurrir que ese alguien pronuncie palabras con la intenci\u00f3n de ocultar o encubrir su pensamiento. O que diga palabras que induzcan a una percepci\u00f3n falsa o equ\u00edvoca de su pensamiento. O que un d\u00eda tenga un discurso equis y al d\u00eda siguiente un discurso contrario o diferente.<\/p>\n<p>Por estas razones para conocer y juzgar el verdadero pensamiento de Donald Trump s\u00f3lo queda un camino: atenerse a los hechos y no a las palabras. Facta, non verba dec\u00edan los antiguos romanos. O, muy castizamente, \u201cobras son amores y no buenas razones\u201d.<\/p>\n<p>Estas sabias sentencias deben ser aplicadas para analizar el pensamiento de Trump en todos los temas de su gobierno. Lo mismo los internos que los internacionales. La expulsi\u00f3n de los trabajadores indocumentados, la construcci\u00f3n o extensi\u00f3n de un muro en la frontera con M\u00e9xico, los nexos de Estados Unidos con Rusia, China o Ir\u00e1n, la actitud de Washington frente al islam y, entre otros muchos asuntos, la postura de Trump frente a la guerra, y las agresiones militares a otros pa\u00edses.<\/p>\n<p>Por lo que toca a M\u00e9xico, hay dos temas centrales en la agenda. Uno, la erecci\u00f3n del muro fronterizo; y dos, la deportaci\u00f3n de once millones de mexicanos indocumentados. Y aunque tambi\u00e9n ha dicho Trump que puede echar hacia M\u00e9xico a indocumentados que no son mexicanos, este t\u00f3pico, por absurdo, est\u00e1 menos en las preocupaciones del gobierno azteca.<\/p>\n<p>Empecemos con el tema de la deportaci\u00f3n de aquellos once millones de mexicanos indocumentados. Esta fue la postura trumpiana original. Pero ahora dice que est\u00e1 considerando una especie de tregua o de replanteamiento de la postura inicial. Este replanteamiento puede consistir, seg\u00fan sus propias palabras, en una legalizaci\u00f3n de esos once millones o de una buena parte de esa cantidad. Ayer dijo una cosa y hoy dice una contraria, distinta o muy distinta. \u00bfCu\u00e1l es la verdadera idea de Trump?<\/p>\n<p>\u00bfDe veras quer\u00eda deportar a once millones de indocumentados mexicanos? \u00bfO es que las dificultades y obst\u00e1culos que enfrenta ese prop\u00f3sito lo han llevado a cambiar de idea? \u00bfEso de la deportaci\u00f3n era s\u00f3lo tema de campa\u00f1a electoral o era y es un pensamiento fijo y ajeno a las cuestiones eleccionarias? \u00bfC\u00f3mo saberlo?<\/p>\n<p>Pues ateni\u00e9ndonos a los hechos. \u00bfPuede la econom\u00eda estadounidense, sobre todo en el sector de los servicios, arregl\u00e1rselas sin esos once millones de trabajadores? \u00bfPuede el gobierno de Trump vencer los obst\u00e1culos legales, pol\u00edticos, econ\u00f3micos, sociales y culturales que se alzan frente a ese prop\u00f3sito? Frente a lo desconocido, la mejor receta puede ser el cl\u00e1sico \u201cesperar lo mejor, prepar\u00e1ndose para lo peor\u201d.<\/p>\n","protected":false},"excerpt":{"rendered":"<p>Miguel Angel Ferrer (teleSur, 2-3-17) &nbsp; Las palabras -dec\u00eda Carlos Marx- son la envoltura material del pensamiento. De modo que sabemos por sus palabras lo que alguien piensa. Y si no hay palabras, el pensamiento de esa persona permanece ignoto para los dem\u00e1s. Pero puede ocurrir que ese alguien pronuncie palabras con la intenci\u00f3n de [&hellip;]<\/p>\n","protected":false},"author":1,"featured_media":12156,"comment_status":"open","ping_status":"open","sticky":false,"template":"","format":"standard","meta":{"footnotes":""},"categories":[14,12],"tags":[],"class_list":["post-14765","post","type-post","status-publish","format-standard","has-post-thumbnail","hentry","category-internacionales","category-politica-3"],"_links":{"self":[{"href":"https:\/\/debateplural.net\/site\/wp-json\/wp\/v2\/posts\/14765"}],"collection":[{"href":"https:\/\/debateplural.net\/site\/wp-json\/wp\/v2\/posts"}],"about":[{"href":"https:\/\/debateplural.net\/site\/wp-json\/wp\/v2\/types\/post"}],"author":[{"embeddable":true,"href":"https:\/\/debateplural.net\/site\/wp-json\/wp\/v2\/users\/1"}],"replies":[{"embeddable":true,"href":"https:\/\/debateplural.net\/site\/wp-json\/wp\/v2\/comments?post=14765"}],"version-history":[{"count":1,"href":"https:\/\/debateplural.net\/site\/wp-json\/wp\/v2\/posts\/14765\/revisions"}],"predecessor-version":[{"id":14766,"href":"https:\/\/debateplural.net\/site\/wp-json\/wp\/v2\/posts\/14765\/revisions\/14766"}],"wp:featuredmedia":[{"embeddable":true,"href":"https:\/\/debateplural.net\/site\/wp-json\/wp\/v2\/media\/12156"}],"wp:attachment":[{"href":"https:\/\/debateplural.net\/site\/wp-json\/wp\/v2\/media?parent=14765"}],"wp:term":[{"taxonomy":"category","embeddable":true,"href":"https:\/\/debateplural.net\/site\/wp-json\/wp\/v2\/categories?post=14765"},{"taxonomy":"post_tag","embeddable":true,"href":"https:\/\/debateplural.net\/site\/wp-json\/wp\/v2\/tags?post=14765"}],"curies":[{"name":"wp","href":"https:\/\/api.w.org\/{rel}","templated":true}]}}