{"id":14905,"date":"2017-03-14T13:15:06","date_gmt":"2017-03-14T17:15:06","guid":{"rendered":"http:\/\/www.debateplural.com\/?p=14905"},"modified":"2017-03-14T13:15:06","modified_gmt":"2017-03-14T17:15:06","slug":"se-evitara-el-robo-y-reparto-de-bahia-de-las-aguilas","status":"publish","type":"post","link":"https:\/\/debateplural.net\/site\/2017\/03\/14\/se-evitara-el-robo-y-reparto-de-bahia-de-las-aguilas\/","title":{"rendered":"\u00bfSe evitar\u00e1  el robo y reparto de Bah\u00eda de las \u00c1guilas?"},"content":{"rendered":"<div class=\"text\">\n<p><strong>Am\u00edlcar Nivar (D. Libre, 8-3-17)<\/strong><\/p>\n<p>&nbsp;<\/p>\n<p>Aunque desde hace mucho se ha estado hablando del potencial tur\u00edstico de la regi\u00f3n Sur del pa\u00eds, fue en 2015, en su discurso del 27 de febrero de ese a\u00f1o, cuando el presidente Danilo Medina expres\u00f3: \u201cVamos a poner fin a a\u00f1os de espera. En este 2015, oigan bien lo que les digo: ha llegado la hora del sur\u201d.<\/p>\n<p>Pero el lunes pasado, fue cuando el ministro Administrativo de la Presidencia, Jos\u00e9 Ram\u00f3n Peralta, anunci\u00f3 que varias de las empresas hoteleras m\u00e1s grandes del mundo acompa\u00f1ar\u00e1n el pr\u00f3ximo mes al presidente Danilo Medina a Bah\u00eda de las \u00c1guilas con la finalidad de explorar la construcci\u00f3n de m\u00e1s de 15 mil habitaciones en esa zona tur\u00edstica de la provincia Pedernales.<\/p>\n<p>Este anuncio es visto con agrado y entusiasmo por el presidente de la Red de Organizaciones Agropecuarias de San Juan, Robin Alc\u00e1ntara, por entender que el desarrollo tur\u00edstico en Bah\u00eda de las \u00c1guilas, adem\u00e1s de beneficiar a Pedernales, impactar\u00e1 positivamente a las provincias Barahona, San Juan y a toda la regi\u00f3n Sur.<\/p>\n<p>\u201cSan Juan es una provincia que depende fundamentalmente de la agropecuaria y si se desarrolla ese polo tur\u00edstico en Pedernales nosotros tendr\u00edamos un nicho para vender nuestros productos, pues, b\u00e1sicamente, uno de los problemas que siempre tenemos es la comercializaci\u00f3n, y si se desarrolla esa zona, eso va a repercutir en el Valle de San Juan, porque aqu\u00ed podemos producir todo lo que ellos vayan a consumir\u201d, explic\u00f3 Alc\u00e1ntara.<\/p>\n<\/div>\n<div class=\"entretitulo\">Legisladores<\/div>\n<div class=\"text\">\n<p>Legisladores de Pedernales valoraron el anuncio de la instalaci\u00f3n de proyectos tur\u00edsticos en la regi\u00f3n, debido a los altos \u00edndices de desempleo que presenta la subregi\u00f3n de Enriquillo.<\/p>\n<p>\u201cQue no tengan miedo, nosotros estamos preparados para cohabitar con la protecci\u00f3n del medio ambiente\u201d, afirm\u00f3 el senador Dionis S\u00e1nchez, quien apunt\u00f3 que el 68% de la provincia es \u00e1rea protegida, por lo que es pertinente aprovechar el resto.<\/p>\n<p>Mientras el diputado por el Partido Revolucionario Moderno (PRM), Israel Terrero Volquez, describi\u00f3 la situaci\u00f3n actual de Pedernales como \u201cun estado de miseria\u201d, profundizado luego del cese de la explotaci\u00f3n de bauxita.<\/p>\n<p>Tambi\u00e9n el senador de Bahoruco, Manuel Antonio Paula, indic\u00f3 que la creaci\u00f3n de proyectos tur\u00edsticos significar\u00eda el desarrollo de las dem\u00e1s provincias.<\/p>\n<\/div>\n","protected":false},"excerpt":{"rendered":"<p>Am\u00edlcar Nivar (D. Libre, 8-3-17) &nbsp; Aunque desde hace mucho se ha estado hablando del potencial tur\u00edstico de la regi\u00f3n Sur del pa\u00eds, fue en 2015, en su discurso del 27 de febrero de ese a\u00f1o, cuando el presidente Danilo Medina expres\u00f3: \u201cVamos a poner fin a a\u00f1os de espera. En este 2015, oigan bien [&hellip;]<\/p>\n","protected":false},"author":1,"featured_media":14906,"comment_status":"open","ping_status":"open","sticky":false,"template":"","format":"standard","meta":{"footnotes":""},"categories":[5,12],"tags":[],"class_list":["post-14905","post","type-post","status-publish","format-standard","has-post-thumbnail","hentry","category-nacionales","category-politica-3"],"_links":{"self":[{"href":"https:\/\/debateplural.net\/site\/wp-json\/wp\/v2\/posts\/14905"}],"collection":[{"href":"https:\/\/debateplural.net\/site\/wp-json\/wp\/v2\/posts"}],"about":[{"href":"https:\/\/debateplural.net\/site\/wp-json\/wp\/v2\/types\/post"}],"author":[{"embeddable":true,"href":"https:\/\/debateplural.net\/site\/wp-json\/wp\/v2\/users\/1"}],"replies":[{"embeddable":true,"href":"https:\/\/debateplural.net\/site\/wp-json\/wp\/v2\/comments?post=14905"}],"version-history":[{"count":1,"href":"https:\/\/debateplural.net\/site\/wp-json\/wp\/v2\/posts\/14905\/revisions"}],"predecessor-version":[{"id":14907,"href":"https:\/\/debateplural.net\/site\/wp-json\/wp\/v2\/posts\/14905\/revisions\/14907"}],"wp:featuredmedia":[{"embeddable":true,"href":"https:\/\/debateplural.net\/site\/wp-json\/wp\/v2\/media\/14906"}],"wp:attachment":[{"href":"https:\/\/debateplural.net\/site\/wp-json\/wp\/v2\/media?parent=14905"}],"wp:term":[{"taxonomy":"category","embeddable":true,"href":"https:\/\/debateplural.net\/site\/wp-json\/wp\/v2\/categories?post=14905"},{"taxonomy":"post_tag","embeddable":true,"href":"https:\/\/debateplural.net\/site\/wp-json\/wp\/v2\/tags?post=14905"}],"curies":[{"name":"wp","href":"https:\/\/api.w.org\/{rel}","templated":true}]}}